{"id":1036,"date":"2025-02-11T13:51:36","date_gmt":"2025-02-11T12:51:36","guid":{"rendered":"https:\/\/cavecaenem.fr\/?p=1036"},"modified":"2025-02-11T13:51:38","modified_gmt":"2025-02-11T12:51:38","slug":"avec-skoll-on-senvole","status":"publish","type":"post","link":"https:\/\/cavecaenem.fr\/index.php\/2025\/02\/11\/avec-skoll-on-senvole\/","title":{"rendered":"<strong>Avec Skoll, on s\u2019envole ?<\/strong>"},"content":{"rendered":"\n<p>Depuis quelques mois la sc\u00e8ne electro caennaise n\u2019est plus que l\u2019ombre d\u2019elle-m\u00eame. \u00c0 l\u2019approche d\u2019\u00e9ch\u00e9ances municipales, il conviendra d\u2019analyser finement les raisons de cette morosit\u00e9 et l\u2019absence de dynamique des quelques collectifs survivants du Covid. C\u2019est pourtant dans ce contexte quelque peu apathique que s\u2019annonce la seconde \u00e9dition du Skoll festival.&nbsp;<\/p>\n\n\n\n<p>Le galop d\u2019essai de la premi\u00e8re \u00e9dition, en mars 24, aura permis aux organisateurs du Skoll festival d\u2019affiner le projet tout en maintenant certains principes fondamentaux, en premier lieu l\u2019installation au parc-exposition, encore impr\u00e9gn\u00e9 de la gloire pass\u00e9e de N\u00f6rdik et la volont\u00e9 (affich\u00e9e) de \u00ab&nbsp;faire r\u00e9sonner la sc\u00e8ne locale&nbsp;\u00bb, dixit le dossier de presse.&nbsp;<\/p>\n\n\n\n<p>Le 28 f\u00e9vrier et le 1er Mars prochain, place donc au Skoll Winter Festival, avec comme principale nouveaut\u00e9 la mise en place de deux salles. La plus grande, baptis\u00e9e Skali stage ( il para\u00eet que cela signifie la maison en vieux norrois) ouvrira, pour les deux soirs, ses portes \u00e0 21h pour une cl\u00f4ture vers 6h du matin, un format bien connu, et qui reprend le concept d\u00e9licat&nbsp; d\u2019une salle \u00e0 360 degr\u00e9s. Si la grande halle du parc-expo est pleine, le choix est pertinent mais d\u2019aucuns s\u2019y sont frott\u00e9s avec plus ou moins de bonheur\u2026 La seconde salle, Jarl ( \u00e7a se prononce \u00ab&nbsp;yarl&nbsp;\u00bb et on nous dit que c\u2019est une r\u00e9f\u00e9rence au chef des clans vikings), se veut plus intime m\u00eame si cela semble un peu contradictoire avec la tonalit\u00e9 \u00ab&nbsp;hardcore&nbsp;\u00bb de la programmation.&nbsp;<\/p>\n\n\n\n<p>Le \u00ab&nbsp;haut patronage&nbsp;\u00bb nordique reste de mise avec sa d\u00e9clinaison publicitaire : le loup (Sk\u00f6ll) et sa meute, nouveau terme pour s\u00e9duire les festivaliers\u2026 Why not ? On jugera sur place la pertinence du flacon et pour l\u2019instant on se contente de l\u2019annonce d\u2019une programmation qui fait la part belle aux sonorit\u00e9s boum-boum du moment. Une mont\u00e9e en puissance Hardcore entre les deux soir\u00e9es et la promesse d\u2019un final \u00ab&nbsp;barbare&nbsp;\u00bb, inutile de dire que cette \u00e9dition risque de plaire \u00e0 certains et pourrait laisser de marbre les amateurs d\u2019une approche plus sensuelle de la musique electro. Pas forc\u00e9ment de grosses t\u00eates d\u2019affiche ou alors des v\u00e9t\u00e9rans respectables de la sc\u00e8ne hard techno \u00e0 l\u2019image de Fatima Hajji ( vendredi) qui, inlassablement, depuis la fin des ann\u00e9es 90, fait exploser son cocktail ( tr\u00e8s efficace) de sonorit\u00e9s salsa, arabes ou africaines. Au rayon \u00ab&nbsp;nouveaut\u00e9s&nbsp;\u00bb, il me tarde de voir sur place si le duo Lessss et William Luck ( samedi soir) parviendra \u00e0 dissiper le doute d\u2019une Boiler Room secr\u00e8te visible sur YouTube. \u00c0 noter, par ailleurs, que la soir\u00e9e du samedi, dans la grande salle, sera \u00ab&nbsp;100% B2B&nbsp;\u00bb, avec, par exemple, une confrontation attendue entre les deux Lyonnais Basswell et Onlynumbers. Du gros \u00ab&nbsp;son&nbsp;\u00bb donc, \u00e0 tous les \u00e9tages et une dominante hardcore pour plaire \u00e0 la meute.<\/p>\n\n\n\n<p>En ce qui concerne la mise en valeur des artistes locaux, une fois encore, il faudra venir d\u00e8s l\u2019ouverture des portes, samedi, pour entendre VHS303 ( le duo Vertu\u00f8ze et HCo) puis Le Son Vert, et seule, Z\u00e9lie, programmatrice associ\u00e9e par ailleurs au festival, aura les honneurs de faire le closing de la sc\u00e8ne Jarl vendredi soir. Il convient cependant de ne pas faire trop la fine bouche, le contrat \u00ab&nbsp;local&nbsp;\u00bb est bien rempli avec un dosage coh\u00e9rent \u00e0 souligner.<\/p>\n\n\n\n<p>Skoll et sa meute s\u2019appr\u00eate donc \u00e0 rugir durant deux soirs et promet de satisfaire le besoin primal en tr\u00e9pidations \u00ab&nbsp;hard&nbsp;\u00bb. Reste \u00e0 savoir si, sur place, on pourra d\u00e9couvrir des subtilit\u00e9s musicales nouvelles, mais c\u2019est l\u00e0 le risque et l\u2019audace m\u00eame de cette deuxi\u00e8me \u00e9dition. En affirmant une ligne artistique tr\u00e8s \u00ab&nbsp;riche&nbsp;\u00bb en bpm ( mention sp\u00e9ciale pour la venue de FNoize, le tr\u00e8s autoproclam\u00e9 pionnier de l\u2019uptempo), Skoll surfe habilement sur la tendance lourde d\u2019une grande partie de la sc\u00e8ne electro europ\u00e9enne qui nourrit parfois, jusqu\u2019\u00e0 plus soif, une fuite en avant dans le diktat d\u2019un bpm de plus en plus \u2026radical. Mais derri\u00e8re cette approche, il reste l\u2019espoir de quelques aurores bor\u00e9ales et musicales et pour cela je fais confiance \u00e0 Majes qui devrait, vendredi soir, nous embarquer dans sa belle folie techno-trance. Quand on flirte avec la mythologie nordique, il ne faut pas s\u2019\u00e9tonner de se faire \u00e9craser par le marteau de Thor, c\u2019est donc en public averti qu\u2019on se rendra au Skoll\u2026<\/p>\n","protected":false},"excerpt":{"rendered":"<p>Depuis quelques mois la sc\u00e8ne electro caennaise n\u2019est plus que l\u2019ombre d\u2019elle-m\u00eame. \u00c0 l\u2019approche d\u2019\u00e9ch\u00e9ances municipales, il conviendra d\u2019analyser finement les raisons de cette morosit\u00e9 &#8230;<\/p>\n","protected":false},"author":1,"featured_media":1039,"comment_status":"open","ping_status":"open","sticky":false,"template":"","format":"standard","meta":{"spay_email":""},"categories":[1],"tags":[],"yoast_head":"<!-- This site is optimized with the Yoast SEO plugin v17.7.1 - https:\/\/yoast.com\/wordpress\/plugins\/seo\/ -->\n<title>Avec Skoll, on s\u2019envole ? - CaveCaenem<\/title>\n<meta name=\"robots\" content=\"index, follow, max-snippet:-1, max-image-preview:large, max-video-preview:-1\" \/>\n<link rel=\"canonical\" href=\"https:\/\/cavecaenem.fr\/index.php\/2025\/02\/11\/avec-skoll-on-senvole\/\" \/>\n<meta property=\"og:locale\" content=\"fr_FR\" \/>\n<meta property=\"og:type\" content=\"article\" \/>\n<meta property=\"og:title\" content=\"Avec Skoll, on s\u2019envole ? - CaveCaenem\" \/>\n<meta property=\"og:description\" content=\"Depuis quelques mois la sc\u00e8ne electro caennaise n\u2019est plus que l\u2019ombre d\u2019elle-m\u00eame. \u00c0 l\u2019approche d\u2019\u00e9ch\u00e9ances municipales, il conviendra d\u2019analyser finement les raisons de cette morosit\u00e9 ...\" \/>\n<meta property=\"og:url\" content=\"https:\/\/cavecaenem.fr\/index.php\/2025\/02\/11\/avec-skoll-on-senvole\/\" \/>\n<meta property=\"og:site_name\" content=\"CaveCaenem\" \/>\n<meta property=\"article:published_time\" content=\"2025-02-11T12:51:36+00:00\" \/>\n<meta property=\"article:modified_time\" content=\"2025-02-11T12:51:38+00:00\" \/>\n<meta property=\"og:image\" content=\"https:\/\/cavecaenem.fr\/wp-content\/uploads\/2025\/02\/skoll-ok.jpeg\" \/>\n\t<meta property=\"og:image:width\" content=\"299\" \/>\n\t<meta property=\"og:image:height\" content=\"168\" \/>\n<meta name=\"twitter:card\" content=\"summary_large_image\" \/>\n<meta name=\"twitter:label1\" content=\"\u00c9crit par\" \/>\n\t<meta name=\"twitter:data1\" content=\"Ren\u00e9 Fix\" \/>\n\t<meta name=\"twitter:label2\" content=\"Dur\u00e9e de lecture estim\u00e9e\" \/>\n\t<meta name=\"twitter:data2\" content=\"4 minutes\" \/>\n<script type=\"application\/ld+json\" class=\"yoast-schema-graph\">{\"@context\":\"https:\/\/schema.org\",\"@graph\":[{\"@type\":\"WebSite\",\"@id\":\"https:\/\/cavecaenem.fr\/#website\",\"url\":\"https:\/\/cavecaenem.fr\/\",\"name\":\"CaveCaenem\",\"description\":\"L\\u2019actualit\\u00e9 caennaise en toute subjectivit\\u00e9.\",\"publisher\":{\"@id\":\"https:\/\/cavecaenem.fr\/#\/schema\/person\/8adecaca43e137acf11e776d28d1e734\"},\"potentialAction\":[{\"@type\":\"SearchAction\",\"target\":{\"@type\":\"EntryPoint\",\"urlTemplate\":\"https:\/\/cavecaenem.fr\/?s={search_term_string}\"},\"query-input\":\"required name=search_term_string\"}],\"inLanguage\":\"fr-FR\"},{\"@type\":\"ImageObject\",\"@id\":\"https:\/\/cavecaenem.fr\/index.php\/2025\/02\/11\/avec-skoll-on-senvole\/#primaryimage\",\"inLanguage\":\"fr-FR\",\"url\":\"https:\/\/cavecaenem.fr\/wp-content\/uploads\/2025\/02\/skoll-ok.jpeg\",\"contentUrl\":\"https:\/\/cavecaenem.fr\/wp-content\/uploads\/2025\/02\/skoll-ok.jpeg\",\"width\":299,\"height\":168},{\"@type\":\"WebPage\",\"@id\":\"https:\/\/cavecaenem.fr\/index.php\/2025\/02\/11\/avec-skoll-on-senvole\/#webpage\",\"url\":\"https:\/\/cavecaenem.fr\/index.php\/2025\/02\/11\/avec-skoll-on-senvole\/\",\"name\":\"Avec Skoll, on s\\u2019envole ? - CaveCaenem\",\"isPartOf\":{\"@id\":\"https:\/\/cavecaenem.fr\/#website\"},\"primaryImageOfPage\":{\"@id\":\"https:\/\/cavecaenem.fr\/index.php\/2025\/02\/11\/avec-skoll-on-senvole\/#primaryimage\"},\"datePublished\":\"2025-02-11T12:51:36+00:00\",\"dateModified\":\"2025-02-11T12:51:38+00:00\",\"breadcrumb\":{\"@id\":\"https:\/\/cavecaenem.fr\/index.php\/2025\/02\/11\/avec-skoll-on-senvole\/#breadcrumb\"},\"inLanguage\":\"fr-FR\",\"potentialAction\":[{\"@type\":\"ReadAction\",\"target\":[\"https:\/\/cavecaenem.fr\/index.php\/2025\/02\/11\/avec-skoll-on-senvole\/\"]}]},{\"@type\":\"BreadcrumbList\",\"@id\":\"https:\/\/cavecaenem.fr\/index.php\/2025\/02\/11\/avec-skoll-on-senvole\/#breadcrumb\",\"itemListElement\":[{\"@type\":\"ListItem\",\"position\":1,\"name\":\"Accueil\",\"item\":\"https:\/\/cavecaenem.fr\/\"},{\"@type\":\"ListItem\",\"position\":2,\"name\":\"Avec Skoll, on s\\u2019envole ?\"}]},{\"@type\":\"Article\",\"@id\":\"https:\/\/cavecaenem.fr\/index.php\/2025\/02\/11\/avec-skoll-on-senvole\/#article\",\"isPartOf\":{\"@id\":\"https:\/\/cavecaenem.fr\/index.php\/2025\/02\/11\/avec-skoll-on-senvole\/#webpage\"},\"author\":{\"@id\":\"https:\/\/cavecaenem.fr\/#\/schema\/person\/8adecaca43e137acf11e776d28d1e734\"},\"headline\":\"Avec Skoll, on s\\u2019envole ?\",\"datePublished\":\"2025-02-11T12:51:36+00:00\",\"dateModified\":\"2025-02-11T12:51:38+00:00\",\"mainEntityOfPage\":{\"@id\":\"https:\/\/cavecaenem.fr\/index.php\/2025\/02\/11\/avec-skoll-on-senvole\/#webpage\"},\"wordCount\":803,\"commentCount\":1,\"publisher\":{\"@id\":\"https:\/\/cavecaenem.fr\/#\/schema\/person\/8adecaca43e137acf11e776d28d1e734\"},\"image\":{\"@id\":\"https:\/\/cavecaenem.fr\/index.php\/2025\/02\/11\/avec-skoll-on-senvole\/#primaryimage\"},\"thumbnailUrl\":\"https:\/\/cavecaenem.fr\/wp-content\/uploads\/2025\/02\/skoll-ok.jpeg\",\"articleSection\":[\"La Nuit\"],\"inLanguage\":\"fr-FR\",\"potentialAction\":[{\"@type\":\"CommentAction\",\"name\":\"Comment\",\"target\":[\"https:\/\/cavecaenem.fr\/index.php\/2025\/02\/11\/avec-skoll-on-senvole\/#respond\"]}]},{\"@type\":[\"Person\",\"Organization\"],\"@id\":\"https:\/\/cavecaenem.fr\/#\/schema\/person\/8adecaca43e137acf11e776d28d1e734\",\"name\":\"Ren\\u00e9 Fix\",\"image\":{\"@type\":\"ImageObject\",\"@id\":\"https:\/\/cavecaenem.fr\/#personlogo\",\"inLanguage\":\"fr-FR\",\"url\":\"https:\/\/secure.gravatar.com\/avatar\/b49591d8c60f351185d7719fe6f34144?s=96&d=mm&r=g\",\"contentUrl\":\"https:\/\/secure.gravatar.com\/avatar\/b49591d8c60f351185d7719fe6f34144?s=96&d=mm&r=g\",\"caption\":\"Ren\\u00e9 Fix\"},\"logo\":{\"@id\":\"https:\/\/cavecaenem.fr\/#personlogo\"}}]}<\/script>\n<!-- \/ Yoast SEO plugin. -->","yoast_head_json":{"title":"Avec Skoll, on s\u2019envole ? - CaveCaenem","robots":{"index":"index","follow":"follow","max-snippet":"max-snippet:-1","max-image-preview":"max-image-preview:large","max-video-preview":"max-video-preview:-1"},"canonical":"https:\/\/cavecaenem.fr\/index.php\/2025\/02\/11\/avec-skoll-on-senvole\/","og_locale":"fr_FR","og_type":"article","og_title":"Avec Skoll, on s\u2019envole ? - CaveCaenem","og_description":"Depuis quelques mois la sc\u00e8ne electro caennaise n\u2019est plus que l\u2019ombre d\u2019elle-m\u00eame. \u00c0 l\u2019approche d\u2019\u00e9ch\u00e9ances municipales, il conviendra d\u2019analyser finement les raisons de cette morosit\u00e9 ...","og_url":"https:\/\/cavecaenem.fr\/index.php\/2025\/02\/11\/avec-skoll-on-senvole\/","og_site_name":"CaveCaenem","article_published_time":"2025-02-11T12:51:36+00:00","article_modified_time":"2025-02-11T12:51:38+00:00","og_image":[{"width":299,"height":168,"url":"https:\/\/cavecaenem.fr\/wp-content\/uploads\/2025\/02\/skoll-ok.jpeg","type":"image\/jpeg"}],"twitter_card":"summary_large_image","twitter_misc":{"\u00c9crit par":"Ren\u00e9 Fix","Dur\u00e9e de lecture estim\u00e9e":"4 minutes"},"schema":{"@context":"https:\/\/schema.org","@graph":[{"@type":"WebSite","@id":"https:\/\/cavecaenem.fr\/#website","url":"https:\/\/cavecaenem.fr\/","name":"CaveCaenem","description":"L\u2019actualit\u00e9 caennaise en toute subjectivit\u00e9.","publisher":{"@id":"https:\/\/cavecaenem.fr\/#\/schema\/person\/8adecaca43e137acf11e776d28d1e734"},"potentialAction":[{"@type":"SearchAction","target":{"@type":"EntryPoint","urlTemplate":"https:\/\/cavecaenem.fr\/?s={search_term_string}"},"query-input":"required name=search_term_string"}],"inLanguage":"fr-FR"},{"@type":"ImageObject","@id":"https:\/\/cavecaenem.fr\/index.php\/2025\/02\/11\/avec-skoll-on-senvole\/#primaryimage","inLanguage":"fr-FR","url":"https:\/\/cavecaenem.fr\/wp-content\/uploads\/2025\/02\/skoll-ok.jpeg","contentUrl":"https:\/\/cavecaenem.fr\/wp-content\/uploads\/2025\/02\/skoll-ok.jpeg","width":299,"height":168},{"@type":"WebPage","@id":"https:\/\/cavecaenem.fr\/index.php\/2025\/02\/11\/avec-skoll-on-senvole\/#webpage","url":"https:\/\/cavecaenem.fr\/index.php\/2025\/02\/11\/avec-skoll-on-senvole\/","name":"Avec Skoll, on s\u2019envole ? - CaveCaenem","isPartOf":{"@id":"https:\/\/cavecaenem.fr\/#website"},"primaryImageOfPage":{"@id":"https:\/\/cavecaenem.fr\/index.php\/2025\/02\/11\/avec-skoll-on-senvole\/#primaryimage"},"datePublished":"2025-02-11T12:51:36+00:00","dateModified":"2025-02-11T12:51:38+00:00","breadcrumb":{"@id":"https:\/\/cavecaenem.fr\/index.php\/2025\/02\/11\/avec-skoll-on-senvole\/#breadcrumb"},"inLanguage":"fr-FR","potentialAction":[{"@type":"ReadAction","target":["https:\/\/cavecaenem.fr\/index.php\/2025\/02\/11\/avec-skoll-on-senvole\/"]}]},{"@type":"BreadcrumbList","@id":"https:\/\/cavecaenem.fr\/index.php\/2025\/02\/11\/avec-skoll-on-senvole\/#breadcrumb","itemListElement":[{"@type":"ListItem","position":1,"name":"Accueil","item":"https:\/\/cavecaenem.fr\/"},{"@type":"ListItem","position":2,"name":"Avec Skoll, on s\u2019envole ?"}]},{"@type":"Article","@id":"https:\/\/cavecaenem.fr\/index.php\/2025\/02\/11\/avec-skoll-on-senvole\/#article","isPartOf":{"@id":"https:\/\/cavecaenem.fr\/index.php\/2025\/02\/11\/avec-skoll-on-senvole\/#webpage"},"author":{"@id":"https:\/\/cavecaenem.fr\/#\/schema\/person\/8adecaca43e137acf11e776d28d1e734"},"headline":"Avec Skoll, on s\u2019envole ?","datePublished":"2025-02-11T12:51:36+00:00","dateModified":"2025-02-11T12:51:38+00:00","mainEntityOfPage":{"@id":"https:\/\/cavecaenem.fr\/index.php\/2025\/02\/11\/avec-skoll-on-senvole\/#webpage"},"wordCount":803,"commentCount":1,"publisher":{"@id":"https:\/\/cavecaenem.fr\/#\/schema\/person\/8adecaca43e137acf11e776d28d1e734"},"image":{"@id":"https:\/\/cavecaenem.fr\/index.php\/2025\/02\/11\/avec-skoll-on-senvole\/#primaryimage"},"thumbnailUrl":"https:\/\/cavecaenem.fr\/wp-content\/uploads\/2025\/02\/skoll-ok.jpeg","articleSection":["La Nuit"],"inLanguage":"fr-FR","potentialAction":[{"@type":"CommentAction","name":"Comment","target":["https:\/\/cavecaenem.fr\/index.php\/2025\/02\/11\/avec-skoll-on-senvole\/#respond"]}]},{"@type":["Person","Organization"],"@id":"https:\/\/cavecaenem.fr\/#\/schema\/person\/8adecaca43e137acf11e776d28d1e734","name":"Ren\u00e9 Fix","image":{"@type":"ImageObject","@id":"https:\/\/cavecaenem.fr\/#personlogo","inLanguage":"fr-FR","url":"https:\/\/secure.gravatar.com\/avatar\/b49591d8c60f351185d7719fe6f34144?s=96&d=mm&r=g","contentUrl":"https:\/\/secure.gravatar.com\/avatar\/b49591d8c60f351185d7719fe6f34144?s=96&d=mm&r=g","caption":"Ren\u00e9 Fix"},"logo":{"@id":"https:\/\/cavecaenem.fr\/#personlogo"}}]}},"jetpack_featured_media_url":"https:\/\/cavecaenem.fr\/wp-content\/uploads\/2025\/02\/skoll-ok.jpeg","_links":{"self":[{"href":"https:\/\/cavecaenem.fr\/index.php\/wp-json\/wp\/v2\/posts\/1036"}],"collection":[{"href":"https:\/\/cavecaenem.fr\/index.php\/wp-json\/wp\/v2\/posts"}],"about":[{"href":"https:\/\/cavecaenem.fr\/index.php\/wp-json\/wp\/v2\/types\/post"}],"author":[{"embeddable":true,"href":"https:\/\/cavecaenem.fr\/index.php\/wp-json\/wp\/v2\/users\/1"}],"replies":[{"embeddable":true,"href":"https:\/\/cavecaenem.fr\/index.php\/wp-json\/wp\/v2\/comments?post=1036"}],"version-history":[{"count":1,"href":"https:\/\/cavecaenem.fr\/index.php\/wp-json\/wp\/v2\/posts\/1036\/revisions"}],"predecessor-version":[{"id":1038,"href":"https:\/\/cavecaenem.fr\/index.php\/wp-json\/wp\/v2\/posts\/1036\/revisions\/1038"}],"wp:featuredmedia":[{"embeddable":true,"href":"https:\/\/cavecaenem.fr\/index.php\/wp-json\/wp\/v2\/media\/1039"}],"wp:attachment":[{"href":"https:\/\/cavecaenem.fr\/index.php\/wp-json\/wp\/v2\/media?parent=1036"}],"wp:term":[{"taxonomy":"category","embeddable":true,"href":"https:\/\/cavecaenem.fr\/index.php\/wp-json\/wp\/v2\/categories?post=1036"},{"taxonomy":"post_tag","embeddable":true,"href":"https:\/\/cavecaenem.fr\/index.php\/wp-json\/wp\/v2\/tags?post=1036"}],"curies":[{"name":"wp","href":"https:\/\/api.w.org\/{rel}","templated":true}]}}