{"id":1077,"date":"2025-05-24T14:37:33","date_gmt":"2025-05-24T12:37:33","guid":{"rendered":"https:\/\/cavecaenem.fr\/?p=1077"},"modified":"2025-05-24T14:47:02","modified_gmt":"2025-05-24T12:47:02","slug":"trop-delectro-lors-de-fete-de-la-musique-comment-repondre","status":"publish","type":"post","link":"https:\/\/cavecaenem.fr\/index.php\/2025\/05\/24\/trop-delectro-lors-de-fete-de-la-musique-comment-repondre\/","title":{"rendered":"Trop d\u2019electro lors de la f\u00eate de la musique : comment r\u00e9pondre ?"},"content":{"rendered":"\n<p>Le site du journal La Libert\u00e9 nous rapporte les propos, lors du conseil municipal de Caen du 19 mai dernier, d\u2019une obscure conseill\u00e8re municipale qui pr\u00e9pare certainement les prochaines \u00e9lections. Selon B\u00e9atrice Hovnanian, la f\u00eate de la musique, \u00e0 Caen, \u00ab&nbsp; la ville est abandonn\u00e9e \u00e0 ceux qui ont les plus grosses sonos\u2026&nbsp;\u00bb, ce sont l\u00e0 ses propos, rapport\u00e9s en gros titre dans un article qui semble go\u00fbter le potentiel pol\u00e9mique de son papier. J\u2019avoue ne pas avoir lu la suite ( payante), certain d\u2019y trouver l\u2019\u00e9ternelle rengaine du \u00ab&nbsp;c\u2019\u00e9tait tellement mieux avant\u2026&nbsp;\u00bb. Depuis le 21 juin 1982, la f\u00eate de la musique, attribu\u00e9e trop rapidement \u00e0 Jack Lang, mais l\u00e9gitime fiert\u00e9 de son v\u00e9ritable cr\u00e9ateur, Maurice Fleuret, a perdu sa na\u00efvet\u00e9 originelle et partout en France, elle est devenue avant tout la f\u00eate \u00e0 la saucisse, et l\u2019occasion pour les grands coll\u00e9giens ou les jeunes lyc\u00e9ens de se d\u00e9niaiser un peu avec un bel alibi culturel.&nbsp;<\/p>\n\n\n\n<p>\u00c0 Caen, donc, le boom boom amplifi\u00e9 serait h\u00e9g\u00e9monique et viendrait capter \u00e0 son seul profit notre l\u00e9gitime d\u00e9sir de roucoulades fl\u00fbt\u00e9es ou de charmantes chorales.&nbsp;<\/p>\n\n\n\n<p>Mais plut\u00f4t que d\u2019\u00eatre dans le constat amer ( et fortement teint\u00e9 de nostalgie r\u00e9actionnaire) n\u2019est-on pas en droit d\u2019attendre d\u2019un homme ou d\u2019une femme politique une r\u00e9flexion plus large qui interrogerait de mani\u00e8re plus fine les raisons de cette d\u00e9rive suppos\u00e9e ? Trop de bruit(s) donc et pas assez de musique, mais derri\u00e8re cette accusation se cache \u00e0 peine une autre, plus inqui\u00e9tante encore : cette suppos\u00e9e nuisance sonore ne serait tout simplement pas de la musique ! Derri\u00e8re ces accusations un peu rances, il faudrait peut-\u00eatre se demander ( et peut-\u00eatre s\u2019honorer) pourquoi ces \u00ab&nbsp;sons&nbsp;\u00bb amplifi\u00e9s monopolisent ainsi, le 21 juin, l\u2019espace urbain. Une vitalit\u00e9 musicale donc, qui s\u2019exprime apr\u00e8s avoir \u00e9t\u00e9&nbsp; contenue ou interdite le reste de l\u2019ann\u00e9e ? Un \u00ab&nbsp;son&nbsp;\u00bb inaudible comme l\u2019avait&nbsp; \u00e9t\u00e9 le rock pour nos parents ? Un \u00ab&nbsp;mauvais go\u00fbt&nbsp;\u00bb musical, sans raffinement \u2026.<\/p>\n\n\n\n<p>Voil\u00e0 pr\u00e8s de huit ans que je \u00ab&nbsp;chronique&nbsp;\u00bb chaque ann\u00e9e la f\u00eate de la musique \u00e0 Caen, et \u00e0 chaque fois j\u2019y \u00e9voque cette mont\u00e9e en puissance, cette r\u00e9elle d\u00e9bauche de d\u00e9cibels mais pour aller au bout, il faudrait aussi rapporter les tentatives s\u00e9rieuses de certains collectifs \u00e9lectro pour organiser un \u00ab&nbsp;quartier&nbsp;\u00bb d\u00e9di\u00e9 \u00e0 cette culture musicale, comme cette vall\u00e9e des jardins refus\u00e9e par la mairie au dernier moment pour de compr\u00e9hensibles mais tardives pr\u00e9occupations s\u00e9curitaires. On attend de madame Hovnanian, et de nos \u00e9diles, un accompagnement et une pr\u00e9vision des probl\u00e8mes et non pas cette simple d\u00e9nonciation populiste. Faut-il une fois encore le redire ici, il y a \u00e0 peine dix ans, la ville de Caen pouvait pr\u00e9tendre \u00e0 une place essentielle sur la sc\u00e8ne nationale des musiques \u00e9lectroniques. En 2025, par manque de lieux p\u00e9rennes, ces expressions musicales se ruent simplement dans cette espace de libert\u00e9 musicale qu\u2019est la f\u00eate de la musique pour montrer qu\u2019elles existent et (ou) survivent. Les artistes ne sont pas forc\u00e9ment des strat\u00e8ges de la politique culturelle et ils se produisent l\u00e0 et o\u00f9 ils peuvent. Il appartient aux politiques locales d\u2019accompagner et de nourrir toutes ces \u00e9mergences cr\u00e9atives et de ne pas laisser s\u2019installer ce far-west qui ne profite qu\u2019aux plus forts ( et non pas aux plus sonores ) et aux plus commerciaux. Alors, oui, madame Hovnanian, vous avez raison, en tant que citoyenne, de commenter notre f\u00eate caennaise de la musique, mais dans l\u2019opposition ou dans la future majorit\u00e9 municipale, nous serons en droit d\u2019attendre de nos prochains \u00e9lus autre chose qu\u2019une vaine et st\u00e9rile d\u00e9nonciation.<\/p>\n\n\n\n<p>Aux chiottes les djs !!<\/p>\n\n\n\n<p>Comme une r\u00e9ponse potache et bienvenue aux propos pr\u00e9c\u00e9dents, d\u2019\u00e9tranges djs ont investi les toilettes du Trappist jeudi soir pour nous livrer une Toilets room. Le duo Injustice (sic), compos\u00e9 de Gaspard Augeron et de Xavier Deux Rognons ( re-sic) mixait en direct des gogues, des chiottes, bref un lieu de\u2026 merde, une mani\u00e8re plus politique qu\u2019il n\u2019y para\u00eet de nous dire que ce sera peut-\u00eatre, \u00e0 l\u2019avenir, le seul lieu electro-compatible \u00e0 Caen\u2026. C\u2019\u00e9tait, assur\u00e9ment, un moment festif, attendons-nous donc \u00e0 retrouver Injustice dans les plus belles toilettes de Caen.<\/p>\n","protected":false},"excerpt":{"rendered":"<p>Le site du journal La Libert\u00e9 nous rapporte les propos, lors du conseil municipal de Caen du 19 mai dernier, d\u2019une obscure conseill\u00e8re municipale qui &#8230;<\/p>\n","protected":false},"author":1,"featured_media":1078,"comment_status":"open","ping_status":"open","sticky":false,"template":"","format":"standard","meta":{"spay_email":""},"categories":[1],"tags":[],"yoast_head":"<!-- This site is optimized with the Yoast SEO plugin v17.7.1 - https:\/\/yoast.com\/wordpress\/plugins\/seo\/ -->\n<title>Trop d\u2019electro lors de la f\u00eate de la musique : comment r\u00e9pondre ? - CaveCaenem<\/title>\n<meta name=\"robots\" content=\"index, follow, max-snippet:-1, max-image-preview:large, max-video-preview:-1\" \/>\n<link rel=\"canonical\" href=\"https:\/\/cavecaenem.fr\/index.php\/2025\/05\/24\/trop-delectro-lors-de-fete-de-la-musique-comment-repondre\/\" \/>\n<meta property=\"og:locale\" content=\"fr_FR\" \/>\n<meta property=\"og:type\" content=\"article\" \/>\n<meta property=\"og:title\" content=\"Trop d\u2019electro lors de la f\u00eate de la musique : comment r\u00e9pondre ? - CaveCaenem\" \/>\n<meta property=\"og:description\" content=\"Le site du journal La Libert\u00e9 nous rapporte les propos, lors du conseil municipal de Caen du 19 mai dernier, d\u2019une obscure conseill\u00e8re municipale qui ...\" \/>\n<meta property=\"og:url\" content=\"https:\/\/cavecaenem.fr\/index.php\/2025\/05\/24\/trop-delectro-lors-de-fete-de-la-musique-comment-repondre\/\" \/>\n<meta property=\"og:site_name\" content=\"CaveCaenem\" \/>\n<meta property=\"article:published_time\" content=\"2025-05-24T12:37:33+00:00\" \/>\n<meta property=\"article:modified_time\" content=\"2025-05-24T12:47:02+00:00\" \/>\n<meta property=\"og:image\" content=\"https:\/\/cavecaenem.fr\/wp-content\/uploads\/2025\/05\/toiletsroom-scaled.jpg\" \/>\n\t<meta property=\"og:image:width\" content=\"1920\" \/>\n\t<meta property=\"og:image:height\" content=\"2560\" \/>\n<meta name=\"twitter:card\" content=\"summary_large_image\" \/>\n<meta name=\"twitter:label1\" content=\"\u00c9crit par\" \/>\n\t<meta name=\"twitter:data1\" content=\"Ren\u00e9 Fix\" \/>\n\t<meta name=\"twitter:label2\" content=\"Dur\u00e9e de lecture estim\u00e9e\" \/>\n\t<meta name=\"twitter:data2\" content=\"3 minutes\" \/>\n<script type=\"application\/ld+json\" class=\"yoast-schema-graph\">{\"@context\":\"https:\/\/schema.org\",\"@graph\":[{\"@type\":\"WebSite\",\"@id\":\"https:\/\/cavecaenem.fr\/#website\",\"url\":\"https:\/\/cavecaenem.fr\/\",\"name\":\"CaveCaenem\",\"description\":\"L\\u2019actualit\\u00e9 caennaise en toute subjectivit\\u00e9.\",\"publisher\":{\"@id\":\"https:\/\/cavecaenem.fr\/#\/schema\/person\/8adecaca43e137acf11e776d28d1e734\"},\"potentialAction\":[{\"@type\":\"SearchAction\",\"target\":{\"@type\":\"EntryPoint\",\"urlTemplate\":\"https:\/\/cavecaenem.fr\/?s={search_term_string}\"},\"query-input\":\"required name=search_term_string\"}],\"inLanguage\":\"fr-FR\"},{\"@type\":\"ImageObject\",\"@id\":\"https:\/\/cavecaenem.fr\/index.php\/2025\/05\/24\/trop-delectro-lors-de-fete-de-la-musique-comment-repondre\/#primaryimage\",\"inLanguage\":\"fr-FR\",\"url\":\"https:\/\/cavecaenem.fr\/wp-content\/uploads\/2025\/05\/toiletsroom-scaled.jpg\",\"contentUrl\":\"https:\/\/cavecaenem.fr\/wp-content\/uploads\/2025\/05\/toiletsroom-scaled.jpg\",\"width\":1920,\"height\":2560},{\"@type\":\"WebPage\",\"@id\":\"https:\/\/cavecaenem.fr\/index.php\/2025\/05\/24\/trop-delectro-lors-de-fete-de-la-musique-comment-repondre\/#webpage\",\"url\":\"https:\/\/cavecaenem.fr\/index.php\/2025\/05\/24\/trop-delectro-lors-de-fete-de-la-musique-comment-repondre\/\",\"name\":\"Trop d\\u2019electro lors de la f\\u00eate de la musique : comment r\\u00e9pondre ? - CaveCaenem\",\"isPartOf\":{\"@id\":\"https:\/\/cavecaenem.fr\/#website\"},\"primaryImageOfPage\":{\"@id\":\"https:\/\/cavecaenem.fr\/index.php\/2025\/05\/24\/trop-delectro-lors-de-fete-de-la-musique-comment-repondre\/#primaryimage\"},\"datePublished\":\"2025-05-24T12:37:33+00:00\",\"dateModified\":\"2025-05-24T12:47:02+00:00\",\"breadcrumb\":{\"@id\":\"https:\/\/cavecaenem.fr\/index.php\/2025\/05\/24\/trop-delectro-lors-de-fete-de-la-musique-comment-repondre\/#breadcrumb\"},\"inLanguage\":\"fr-FR\",\"potentialAction\":[{\"@type\":\"ReadAction\",\"target\":[\"https:\/\/cavecaenem.fr\/index.php\/2025\/05\/24\/trop-delectro-lors-de-fete-de-la-musique-comment-repondre\/\"]}]},{\"@type\":\"BreadcrumbList\",\"@id\":\"https:\/\/cavecaenem.fr\/index.php\/2025\/05\/24\/trop-delectro-lors-de-fete-de-la-musique-comment-repondre\/#breadcrumb\",\"itemListElement\":[{\"@type\":\"ListItem\",\"position\":1,\"name\":\"Accueil\",\"item\":\"https:\/\/cavecaenem.fr\/\"},{\"@type\":\"ListItem\",\"position\":2,\"name\":\"Trop d\\u2019electro lors de la f\\u00eate de la musique : comment r\\u00e9pondre ?\"}]},{\"@type\":\"Article\",\"@id\":\"https:\/\/cavecaenem.fr\/index.php\/2025\/05\/24\/trop-delectro-lors-de-fete-de-la-musique-comment-repondre\/#article\",\"isPartOf\":{\"@id\":\"https:\/\/cavecaenem.fr\/index.php\/2025\/05\/24\/trop-delectro-lors-de-fete-de-la-musique-comment-repondre\/#webpage\"},\"author\":{\"@id\":\"https:\/\/cavecaenem.fr\/#\/schema\/person\/8adecaca43e137acf11e776d28d1e734\"},\"headline\":\"Trop d\\u2019electro lors de la f\\u00eate de la musique : comment r\\u00e9pondre ?\",\"datePublished\":\"2025-05-24T12:37:33+00:00\",\"dateModified\":\"2025-05-24T12:47:02+00:00\",\"mainEntityOfPage\":{\"@id\":\"https:\/\/cavecaenem.fr\/index.php\/2025\/05\/24\/trop-delectro-lors-de-fete-de-la-musique-comment-repondre\/#webpage\"},\"wordCount\":789,\"commentCount\":1,\"publisher\":{\"@id\":\"https:\/\/cavecaenem.fr\/#\/schema\/person\/8adecaca43e137acf11e776d28d1e734\"},\"image\":{\"@id\":\"https:\/\/cavecaenem.fr\/index.php\/2025\/05\/24\/trop-delectro-lors-de-fete-de-la-musique-comment-repondre\/#primaryimage\"},\"thumbnailUrl\":\"https:\/\/cavecaenem.fr\/wp-content\/uploads\/2025\/05\/toiletsroom-scaled.jpg\",\"articleSection\":[\"La Nuit\"],\"inLanguage\":\"fr-FR\",\"potentialAction\":[{\"@type\":\"CommentAction\",\"name\":\"Comment\",\"target\":[\"https:\/\/cavecaenem.fr\/index.php\/2025\/05\/24\/trop-delectro-lors-de-fete-de-la-musique-comment-repondre\/#respond\"]}]},{\"@type\":[\"Person\",\"Organization\"],\"@id\":\"https:\/\/cavecaenem.fr\/#\/schema\/person\/8adecaca43e137acf11e776d28d1e734\",\"name\":\"Ren\\u00e9 Fix\",\"image\":{\"@type\":\"ImageObject\",\"@id\":\"https:\/\/cavecaenem.fr\/#personlogo\",\"inLanguage\":\"fr-FR\",\"url\":\"https:\/\/secure.gravatar.com\/avatar\/b49591d8c60f351185d7719fe6f34144?s=96&d=mm&r=g\",\"contentUrl\":\"https:\/\/secure.gravatar.com\/avatar\/b49591d8c60f351185d7719fe6f34144?s=96&d=mm&r=g\",\"caption\":\"Ren\\u00e9 Fix\"},\"logo\":{\"@id\":\"https:\/\/cavecaenem.fr\/#personlogo\"}}]}<\/script>\n<!-- \/ Yoast SEO plugin. -->","yoast_head_json":{"title":"Trop d\u2019electro lors de la f\u00eate de la musique : comment r\u00e9pondre ? - CaveCaenem","robots":{"index":"index","follow":"follow","max-snippet":"max-snippet:-1","max-image-preview":"max-image-preview:large","max-video-preview":"max-video-preview:-1"},"canonical":"https:\/\/cavecaenem.fr\/index.php\/2025\/05\/24\/trop-delectro-lors-de-fete-de-la-musique-comment-repondre\/","og_locale":"fr_FR","og_type":"article","og_title":"Trop d\u2019electro lors de la f\u00eate de la musique : comment r\u00e9pondre ? - CaveCaenem","og_description":"Le site du journal La Libert\u00e9 nous rapporte les propos, lors du conseil municipal de Caen du 19 mai dernier, d\u2019une obscure conseill\u00e8re municipale qui ...","og_url":"https:\/\/cavecaenem.fr\/index.php\/2025\/05\/24\/trop-delectro-lors-de-fete-de-la-musique-comment-repondre\/","og_site_name":"CaveCaenem","article_published_time":"2025-05-24T12:37:33+00:00","article_modified_time":"2025-05-24T12:47:02+00:00","og_image":[{"width":1920,"height":2560,"url":"https:\/\/cavecaenem.fr\/wp-content\/uploads\/2025\/05\/toiletsroom-scaled.jpg","type":"image\/jpeg"}],"twitter_card":"summary_large_image","twitter_misc":{"\u00c9crit par":"Ren\u00e9 Fix","Dur\u00e9e de lecture estim\u00e9e":"3 minutes"},"schema":{"@context":"https:\/\/schema.org","@graph":[{"@type":"WebSite","@id":"https:\/\/cavecaenem.fr\/#website","url":"https:\/\/cavecaenem.fr\/","name":"CaveCaenem","description":"L\u2019actualit\u00e9 caennaise en toute subjectivit\u00e9.","publisher":{"@id":"https:\/\/cavecaenem.fr\/#\/schema\/person\/8adecaca43e137acf11e776d28d1e734"},"potentialAction":[{"@type":"SearchAction","target":{"@type":"EntryPoint","urlTemplate":"https:\/\/cavecaenem.fr\/?s={search_term_string}"},"query-input":"required name=search_term_string"}],"inLanguage":"fr-FR"},{"@type":"ImageObject","@id":"https:\/\/cavecaenem.fr\/index.php\/2025\/05\/24\/trop-delectro-lors-de-fete-de-la-musique-comment-repondre\/#primaryimage","inLanguage":"fr-FR","url":"https:\/\/cavecaenem.fr\/wp-content\/uploads\/2025\/05\/toiletsroom-scaled.jpg","contentUrl":"https:\/\/cavecaenem.fr\/wp-content\/uploads\/2025\/05\/toiletsroom-scaled.jpg","width":1920,"height":2560},{"@type":"WebPage","@id":"https:\/\/cavecaenem.fr\/index.php\/2025\/05\/24\/trop-delectro-lors-de-fete-de-la-musique-comment-repondre\/#webpage","url":"https:\/\/cavecaenem.fr\/index.php\/2025\/05\/24\/trop-delectro-lors-de-fete-de-la-musique-comment-repondre\/","name":"Trop d\u2019electro lors de la f\u00eate de la musique : comment r\u00e9pondre ? - CaveCaenem","isPartOf":{"@id":"https:\/\/cavecaenem.fr\/#website"},"primaryImageOfPage":{"@id":"https:\/\/cavecaenem.fr\/index.php\/2025\/05\/24\/trop-delectro-lors-de-fete-de-la-musique-comment-repondre\/#primaryimage"},"datePublished":"2025-05-24T12:37:33+00:00","dateModified":"2025-05-24T12:47:02+00:00","breadcrumb":{"@id":"https:\/\/cavecaenem.fr\/index.php\/2025\/05\/24\/trop-delectro-lors-de-fete-de-la-musique-comment-repondre\/#breadcrumb"},"inLanguage":"fr-FR","potentialAction":[{"@type":"ReadAction","target":["https:\/\/cavecaenem.fr\/index.php\/2025\/05\/24\/trop-delectro-lors-de-fete-de-la-musique-comment-repondre\/"]}]},{"@type":"BreadcrumbList","@id":"https:\/\/cavecaenem.fr\/index.php\/2025\/05\/24\/trop-delectro-lors-de-fete-de-la-musique-comment-repondre\/#breadcrumb","itemListElement":[{"@type":"ListItem","position":1,"name":"Accueil","item":"https:\/\/cavecaenem.fr\/"},{"@type":"ListItem","position":2,"name":"Trop d\u2019electro lors de la f\u00eate de la musique : comment r\u00e9pondre ?"}]},{"@type":"Article","@id":"https:\/\/cavecaenem.fr\/index.php\/2025\/05\/24\/trop-delectro-lors-de-fete-de-la-musique-comment-repondre\/#article","isPartOf":{"@id":"https:\/\/cavecaenem.fr\/index.php\/2025\/05\/24\/trop-delectro-lors-de-fete-de-la-musique-comment-repondre\/#webpage"},"author":{"@id":"https:\/\/cavecaenem.fr\/#\/schema\/person\/8adecaca43e137acf11e776d28d1e734"},"headline":"Trop d\u2019electro lors de la f\u00eate de la musique : comment r\u00e9pondre ?","datePublished":"2025-05-24T12:37:33+00:00","dateModified":"2025-05-24T12:47:02+00:00","mainEntityOfPage":{"@id":"https:\/\/cavecaenem.fr\/index.php\/2025\/05\/24\/trop-delectro-lors-de-fete-de-la-musique-comment-repondre\/#webpage"},"wordCount":789,"commentCount":1,"publisher":{"@id":"https:\/\/cavecaenem.fr\/#\/schema\/person\/8adecaca43e137acf11e776d28d1e734"},"image":{"@id":"https:\/\/cavecaenem.fr\/index.php\/2025\/05\/24\/trop-delectro-lors-de-fete-de-la-musique-comment-repondre\/#primaryimage"},"thumbnailUrl":"https:\/\/cavecaenem.fr\/wp-content\/uploads\/2025\/05\/toiletsroom-scaled.jpg","articleSection":["La Nuit"],"inLanguage":"fr-FR","potentialAction":[{"@type":"CommentAction","name":"Comment","target":["https:\/\/cavecaenem.fr\/index.php\/2025\/05\/24\/trop-delectro-lors-de-fete-de-la-musique-comment-repondre\/#respond"]}]},{"@type":["Person","Organization"],"@id":"https:\/\/cavecaenem.fr\/#\/schema\/person\/8adecaca43e137acf11e776d28d1e734","name":"Ren\u00e9 Fix","image":{"@type":"ImageObject","@id":"https:\/\/cavecaenem.fr\/#personlogo","inLanguage":"fr-FR","url":"https:\/\/secure.gravatar.com\/avatar\/b49591d8c60f351185d7719fe6f34144?s=96&d=mm&r=g","contentUrl":"https:\/\/secure.gravatar.com\/avatar\/b49591d8c60f351185d7719fe6f34144?s=96&d=mm&r=g","caption":"Ren\u00e9 Fix"},"logo":{"@id":"https:\/\/cavecaenem.fr\/#personlogo"}}]}},"jetpack_featured_media_url":"https:\/\/cavecaenem.fr\/wp-content\/uploads\/2025\/05\/toiletsroom-scaled.jpg","_links":{"self":[{"href":"https:\/\/cavecaenem.fr\/index.php\/wp-json\/wp\/v2\/posts\/1077"}],"collection":[{"href":"https:\/\/cavecaenem.fr\/index.php\/wp-json\/wp\/v2\/posts"}],"about":[{"href":"https:\/\/cavecaenem.fr\/index.php\/wp-json\/wp\/v2\/types\/post"}],"author":[{"embeddable":true,"href":"https:\/\/cavecaenem.fr\/index.php\/wp-json\/wp\/v2\/users\/1"}],"replies":[{"embeddable":true,"href":"https:\/\/cavecaenem.fr\/index.php\/wp-json\/wp\/v2\/comments?post=1077"}],"version-history":[{"count":2,"href":"https:\/\/cavecaenem.fr\/index.php\/wp-json\/wp\/v2\/posts\/1077\/revisions"}],"predecessor-version":[{"id":1080,"href":"https:\/\/cavecaenem.fr\/index.php\/wp-json\/wp\/v2\/posts\/1077\/revisions\/1080"}],"wp:featuredmedia":[{"embeddable":true,"href":"https:\/\/cavecaenem.fr\/index.php\/wp-json\/wp\/v2\/media\/1078"}],"wp:attachment":[{"href":"https:\/\/cavecaenem.fr\/index.php\/wp-json\/wp\/v2\/media?parent=1077"}],"wp:term":[{"taxonomy":"category","embeddable":true,"href":"https:\/\/cavecaenem.fr\/index.php\/wp-json\/wp\/v2\/categories?post=1077"},{"taxonomy":"post_tag","embeddable":true,"href":"https:\/\/cavecaenem.fr\/index.php\/wp-json\/wp\/v2\/tags?post=1077"}],"curies":[{"name":"wp","href":"https:\/\/api.w.org\/{rel}","templated":true}]}}