{"id":1081,"date":"2025-05-25T13:28:11","date_gmt":"2025-05-25T11:28:11","guid":{"rendered":"https:\/\/cavecaenem.fr\/?p=1081"},"modified":"2025-05-25T13:28:12","modified_gmt":"2025-05-25T11:28:12","slug":"angseth-et-matti-au-portobello-une-declaration-de-politique-generale","status":"publish","type":"post","link":"https:\/\/cavecaenem.fr\/index.php\/2025\/05\/25\/angseth-et-matti-au-portobello-une-declaration-de-politique-generale\/","title":{"rendered":"Angseth et Matti au Portobello : une d\u00e9claration de politique g\u00e9n\u00e9rale ?"},"content":{"rendered":"\n<p>Apr\u00e8s une soir\u00e9e Mad Brains \u00e0 l\u2019Orient express durant laquelle le collectif aura essuy\u00e9 beaucoup (trop) de pl\u00e2tres, le dernier arriv\u00e9 chez Mad Brains, Angseth, avait table ouverte au Portobello, samedi soir. Table ouverte pas compl\u00e8tement puisqu\u2019en d\u00e9but de soir\u00e9e se d\u00e9roulait Rock in hearts, tremplin 2025, un d\u00e9but de soir\u00e9e consacr\u00e9 \u00e0 la d\u00e9couverte du groupe de rock qui sera programm\u00e9 au prochain festival \u2026Rock in hearts.<\/p>\n\n\n\n<p>Vers 23h, l\u2019esprit rock flotte encore un peu dans le lieu, l\u2019occasion de constater si Angseth sera capable de retenir, ou mieux encore, de convaincre une petite communaut\u00e9 rock souvent m\u00e9fiante face aux musiques \u00e9lectroniques. Petite balance technique, Check lumi\u00e8re et c\u2019est parti pour le show. Deux artistes donc pour un peu plus de trois heures de musique, le format id\u00e9al entrer dans l\u2019univers d\u2019un dj.&nbsp;<\/p>\n\n\n\n<p>Pour l\u2019occasion Angseth avait choisi de se \u00ab&nbsp;confronter&nbsp;\u00bb \u00e0 Matti, une figure discr\u00e8te mais assur\u00e9ment tr\u00e8s prometteuse de la sc\u00e8ne caennaise. Angseth, avec plus de dix ann\u00e9es de pratique nous avait convaincu avec ses sonorit\u00e9s mentales et Groovy \u00e0 la fois, Matti, lui, avait retourn\u00e9 la fonderie l\u2019ann\u00e9e derni\u00e8re \u00e0 travers une subtile alchimie hard tech teint\u00e9e de subtiles effluves m\u00e9lodiques. Ces deux-l\u00e0 n\u2019allaient pas manquer de se \u00ab&nbsp;renifler&nbsp;\u00bb pour affirmer, ou challenger leur statut singulier sur la sc\u00e8ne caennaise. Mine de rien, on sentait que la pression \u00e9tait forte, tant cette soir\u00e9e apparaissait comme l\u2019acte de naissance d\u2019une nouvelle g\u00e9n\u00e9ration musicale et son indispensable \u00ab&nbsp;d\u00e9claration de politique g\u00e9n\u00e9rale&nbsp;\u00bb.&nbsp;<\/p>\n\n\n\n<p>Dans le brouhaha mainstream de la sc\u00e8ne electro caennaise, il s\u2019agit de rep\u00e9rer la o\u00f9 les personnalit\u00e9s locales susceptibles, au-del\u00e0 de la ma\u00eetrise d\u2019une genre et d\u2019une technique, d\u2019imposer une parole singuli\u00e8re et mieux encore, d\u2019incarner la promesse d\u2019un horizon sonore d\u00e9gag\u00e9 de la lourdeur monochrome et monotone du kick, drop kick \u00e0 plus de 125 bpm. Pour le dire de mani\u00e8re encore plus simpliste, on attend impatiemment le ( ou la ) dj qui arr\u00eaterait enfin de nourrir notre besoin de boom boom pour nous servir autre choses que les tunnels pr\u00e9visibles. Autant le dire tout de suite, la soir\u00e9e n\u2019aura pas tranch\u00e9 la question mais elle aura eu l\u2019incontestable m\u00e9rite de remettre enfin la musique au centre des d\u00e9bats et de proposer des pistes, fortes, de renouveau.<\/p>\n\n\n\n<p>\u00c0 Angseth, qui d\u00e9butait hier soir, le m\u00e9rite de sortir un peu de sa grammaire habituelle pour \u00e9voluer vers une franche et assum\u00e9e efficacit\u00e9 dancefloor. Son set n\u2019\u00e9tait pas sans \u00e9voquer les inspirations ethniques d\u2019un Mac Declos qui, il y a deux ans, avait constitu\u00e9 le temps fort de NDK. Sans le copier, mais avec la m\u00eame aisance rythmique, il glissait, \u00e7a et l\u00e0, des \u00e9vocations de battucada br\u00e9silienne qui dessinaient l\u2019arri\u00e8re-plan d\u2019un tableau musical riche en couleurs et en variations m\u00e9lodiques. Les \u00ab&nbsp;rockeux&nbsp;\u00bb m\u00e9dus\u00e9s au d\u00e9part, semblent tr\u00e8s vite gagn\u00e9s par une fr\u00e9n\u00e9tique danse de saint-Guy, et les amateurs se pourl\u00e8chent les oreilles, enthousiasm\u00e9s par ce bain de jouvence. Les paysages sonores se suivent, dialoguent entre eux. Juste le temps de descendre un peu du v\u00e9hicule-kick pour explorer qu\u2019on repart ailleurs.<\/p>\n\n\n\n<p>Avec Matti, l\u2019approche sera diff\u00e9rente mais au final, aussi persuasive. Il saisit au vol l\u2019ambiance tonique d\u2019Angseth mais quitte assez vite la terre ferme pour nous embarquer sur un oc\u00e9an aussi vaste que parfois tourment\u00e9. Le confort des longues nappes, de ces textures sonores paresseusement cajol\u00e9es par des techniciens de la musique est battu en br\u00e8che et lentement&nbsp; s\u2019installe l\u2019\u00e9vidence d\u2019une personnalit\u00e9 aussi fougueuse que parfois rageuse.&nbsp;<\/p>\n\n\n\n<p>Apr\u00e8s ces deux sets investis artistiquement et aux enjeux qu\u2019on pouvait ressentir presque \u00e9lectriquement sur sc\u00e8ne, vient le dernier temps, celui de la recr\u00e9ation d\u2019un B2B. La pression est rel\u00e2ch\u00e9e, et les deux djs dialoguent, non sans certaines approximations dans les passages de tracks mais l\u2019heure n\u2019est plus \u00e0 la virtuosit\u00e9 mais \u00e0 une derni\u00e8re folie accueillie avec hurlements par un public en plein ravissement et c\u2019est sous les derni\u00e8res notes de Singularity de Jon Hopkins ( remix Anna) que va se finir cette soir\u00e9e, je ne pouvais pas esp\u00e9rer mieux !<\/p>\n","protected":false},"excerpt":{"rendered":"<p>Apr\u00e8s une soir\u00e9e Mad Brains \u00e0 l\u2019Orient express durant laquelle le collectif aura essuy\u00e9 beaucoup (trop) de pl\u00e2tres, le dernier arriv\u00e9 chez Mad Brains, Angseth, &#8230;<\/p>\n","protected":false},"author":1,"featured_media":1082,"comment_status":"open","ping_status":"open","sticky":false,"template":"","format":"standard","meta":{"spay_email":""},"categories":[1],"tags":[],"yoast_head":"<!-- This site is optimized with the Yoast SEO plugin v17.7.1 - https:\/\/yoast.com\/wordpress\/plugins\/seo\/ -->\n<title>Angseth et Matti au Portobello : une d\u00e9claration de politique g\u00e9n\u00e9rale ? - CaveCaenem<\/title>\n<meta name=\"robots\" content=\"index, follow, max-snippet:-1, max-image-preview:large, max-video-preview:-1\" \/>\n<link rel=\"canonical\" href=\"https:\/\/cavecaenem.fr\/index.php\/2025\/05\/25\/angseth-et-matti-au-portobello-une-declaration-de-politique-generale\/\" \/>\n<meta property=\"og:locale\" content=\"fr_FR\" \/>\n<meta property=\"og:type\" content=\"article\" \/>\n<meta property=\"og:title\" content=\"Angseth et Matti au Portobello : une d\u00e9claration de politique g\u00e9n\u00e9rale ? - CaveCaenem\" \/>\n<meta property=\"og:description\" content=\"Apr\u00e8s une soir\u00e9e Mad Brains \u00e0 l\u2019Orient express durant laquelle le collectif aura essuy\u00e9 beaucoup (trop) de pl\u00e2tres, le dernier arriv\u00e9 chez Mad Brains, Angseth, ...\" \/>\n<meta property=\"og:url\" content=\"https:\/\/cavecaenem.fr\/index.php\/2025\/05\/25\/angseth-et-matti-au-portobello-une-declaration-de-politique-generale\/\" \/>\n<meta property=\"og:site_name\" content=\"CaveCaenem\" \/>\n<meta property=\"article:published_time\" content=\"2025-05-25T11:28:11+00:00\" \/>\n<meta property=\"article:modified_time\" content=\"2025-05-25T11:28:12+00:00\" \/>\n<meta property=\"og:image\" content=\"https:\/\/cavecaenem.fr\/wp-content\/uploads\/2025\/05\/portomatti-scaled.jpg\" \/>\n\t<meta property=\"og:image:width\" content=\"1920\" \/>\n\t<meta property=\"og:image:height\" content=\"2560\" \/>\n<meta name=\"twitter:card\" content=\"summary_large_image\" \/>\n<meta name=\"twitter:label1\" content=\"\u00c9crit par\" \/>\n\t<meta name=\"twitter:data1\" content=\"Ren\u00e9 Fix\" \/>\n\t<meta name=\"twitter:label2\" content=\"Dur\u00e9e de lecture estim\u00e9e\" \/>\n\t<meta name=\"twitter:data2\" content=\"3 minutes\" \/>\n<script type=\"application\/ld+json\" class=\"yoast-schema-graph\">{\"@context\":\"https:\/\/schema.org\",\"@graph\":[{\"@type\":\"WebSite\",\"@id\":\"https:\/\/cavecaenem.fr\/#website\",\"url\":\"https:\/\/cavecaenem.fr\/\",\"name\":\"CaveCaenem\",\"description\":\"L\\u2019actualit\\u00e9 caennaise en toute subjectivit\\u00e9.\",\"publisher\":{\"@id\":\"https:\/\/cavecaenem.fr\/#\/schema\/person\/8adecaca43e137acf11e776d28d1e734\"},\"potentialAction\":[{\"@type\":\"SearchAction\",\"target\":{\"@type\":\"EntryPoint\",\"urlTemplate\":\"https:\/\/cavecaenem.fr\/?s={search_term_string}\"},\"query-input\":\"required name=search_term_string\"}],\"inLanguage\":\"fr-FR\"},{\"@type\":\"ImageObject\",\"@id\":\"https:\/\/cavecaenem.fr\/index.php\/2025\/05\/25\/angseth-et-matti-au-portobello-une-declaration-de-politique-generale\/#primaryimage\",\"inLanguage\":\"fr-FR\",\"url\":\"https:\/\/cavecaenem.fr\/wp-content\/uploads\/2025\/05\/portomatti-scaled.jpg\",\"contentUrl\":\"https:\/\/cavecaenem.fr\/wp-content\/uploads\/2025\/05\/portomatti-scaled.jpg\",\"width\":1920,\"height\":2560},{\"@type\":\"WebPage\",\"@id\":\"https:\/\/cavecaenem.fr\/index.php\/2025\/05\/25\/angseth-et-matti-au-portobello-une-declaration-de-politique-generale\/#webpage\",\"url\":\"https:\/\/cavecaenem.fr\/index.php\/2025\/05\/25\/angseth-et-matti-au-portobello-une-declaration-de-politique-generale\/\",\"name\":\"Angseth et Matti au Portobello : une d\\u00e9claration de politique g\\u00e9n\\u00e9rale ? - CaveCaenem\",\"isPartOf\":{\"@id\":\"https:\/\/cavecaenem.fr\/#website\"},\"primaryImageOfPage\":{\"@id\":\"https:\/\/cavecaenem.fr\/index.php\/2025\/05\/25\/angseth-et-matti-au-portobello-une-declaration-de-politique-generale\/#primaryimage\"},\"datePublished\":\"2025-05-25T11:28:11+00:00\",\"dateModified\":\"2025-05-25T11:28:12+00:00\",\"breadcrumb\":{\"@id\":\"https:\/\/cavecaenem.fr\/index.php\/2025\/05\/25\/angseth-et-matti-au-portobello-une-declaration-de-politique-generale\/#breadcrumb\"},\"inLanguage\":\"fr-FR\",\"potentialAction\":[{\"@type\":\"ReadAction\",\"target\":[\"https:\/\/cavecaenem.fr\/index.php\/2025\/05\/25\/angseth-et-matti-au-portobello-une-declaration-de-politique-generale\/\"]}]},{\"@type\":\"BreadcrumbList\",\"@id\":\"https:\/\/cavecaenem.fr\/index.php\/2025\/05\/25\/angseth-et-matti-au-portobello-une-declaration-de-politique-generale\/#breadcrumb\",\"itemListElement\":[{\"@type\":\"ListItem\",\"position\":1,\"name\":\"Accueil\",\"item\":\"https:\/\/cavecaenem.fr\/\"},{\"@type\":\"ListItem\",\"position\":2,\"name\":\"Angseth et Matti au Portobello : une d\\u00e9claration de politique g\\u00e9n\\u00e9rale ?\"}]},{\"@type\":\"Article\",\"@id\":\"https:\/\/cavecaenem.fr\/index.php\/2025\/05\/25\/angseth-et-matti-au-portobello-une-declaration-de-politique-generale\/#article\",\"isPartOf\":{\"@id\":\"https:\/\/cavecaenem.fr\/index.php\/2025\/05\/25\/angseth-et-matti-au-portobello-une-declaration-de-politique-generale\/#webpage\"},\"author\":{\"@id\":\"https:\/\/cavecaenem.fr\/#\/schema\/person\/8adecaca43e137acf11e776d28d1e734\"},\"headline\":\"Angseth et Matti au Portobello : une d\\u00e9claration de politique g\\u00e9n\\u00e9rale ?\",\"datePublished\":\"2025-05-25T11:28:11+00:00\",\"dateModified\":\"2025-05-25T11:28:12+00:00\",\"mainEntityOfPage\":{\"@id\":\"https:\/\/cavecaenem.fr\/index.php\/2025\/05\/25\/angseth-et-matti-au-portobello-une-declaration-de-politique-generale\/#webpage\"},\"wordCount\":782,\"commentCount\":0,\"publisher\":{\"@id\":\"https:\/\/cavecaenem.fr\/#\/schema\/person\/8adecaca43e137acf11e776d28d1e734\"},\"image\":{\"@id\":\"https:\/\/cavecaenem.fr\/index.php\/2025\/05\/25\/angseth-et-matti-au-portobello-une-declaration-de-politique-generale\/#primaryimage\"},\"thumbnailUrl\":\"https:\/\/cavecaenem.fr\/wp-content\/uploads\/2025\/05\/portomatti-scaled.jpg\",\"articleSection\":[\"La Nuit\"],\"inLanguage\":\"fr-FR\",\"potentialAction\":[{\"@type\":\"CommentAction\",\"name\":\"Comment\",\"target\":[\"https:\/\/cavecaenem.fr\/index.php\/2025\/05\/25\/angseth-et-matti-au-portobello-une-declaration-de-politique-generale\/#respond\"]}]},{\"@type\":[\"Person\",\"Organization\"],\"@id\":\"https:\/\/cavecaenem.fr\/#\/schema\/person\/8adecaca43e137acf11e776d28d1e734\",\"name\":\"Ren\\u00e9 Fix\",\"image\":{\"@type\":\"ImageObject\",\"@id\":\"https:\/\/cavecaenem.fr\/#personlogo\",\"inLanguage\":\"fr-FR\",\"url\":\"https:\/\/secure.gravatar.com\/avatar\/b49591d8c60f351185d7719fe6f34144?s=96&d=mm&r=g\",\"contentUrl\":\"https:\/\/secure.gravatar.com\/avatar\/b49591d8c60f351185d7719fe6f34144?s=96&d=mm&r=g\",\"caption\":\"Ren\\u00e9 Fix\"},\"logo\":{\"@id\":\"https:\/\/cavecaenem.fr\/#personlogo\"}}]}<\/script>\n<!-- \/ Yoast SEO plugin. -->","yoast_head_json":{"title":"Angseth et Matti au Portobello : une d\u00e9claration de politique g\u00e9n\u00e9rale ? - CaveCaenem","robots":{"index":"index","follow":"follow","max-snippet":"max-snippet:-1","max-image-preview":"max-image-preview:large","max-video-preview":"max-video-preview:-1"},"canonical":"https:\/\/cavecaenem.fr\/index.php\/2025\/05\/25\/angseth-et-matti-au-portobello-une-declaration-de-politique-generale\/","og_locale":"fr_FR","og_type":"article","og_title":"Angseth et Matti au Portobello : une d\u00e9claration de politique g\u00e9n\u00e9rale ? - CaveCaenem","og_description":"Apr\u00e8s une soir\u00e9e Mad Brains \u00e0 l\u2019Orient express durant laquelle le collectif aura essuy\u00e9 beaucoup (trop) de pl\u00e2tres, le dernier arriv\u00e9 chez Mad Brains, Angseth, ...","og_url":"https:\/\/cavecaenem.fr\/index.php\/2025\/05\/25\/angseth-et-matti-au-portobello-une-declaration-de-politique-generale\/","og_site_name":"CaveCaenem","article_published_time":"2025-05-25T11:28:11+00:00","article_modified_time":"2025-05-25T11:28:12+00:00","og_image":[{"width":1920,"height":2560,"url":"https:\/\/cavecaenem.fr\/wp-content\/uploads\/2025\/05\/portomatti-scaled.jpg","type":"image\/jpeg"}],"twitter_card":"summary_large_image","twitter_misc":{"\u00c9crit par":"Ren\u00e9 Fix","Dur\u00e9e de lecture estim\u00e9e":"3 minutes"},"schema":{"@context":"https:\/\/schema.org","@graph":[{"@type":"WebSite","@id":"https:\/\/cavecaenem.fr\/#website","url":"https:\/\/cavecaenem.fr\/","name":"CaveCaenem","description":"L\u2019actualit\u00e9 caennaise en toute subjectivit\u00e9.","publisher":{"@id":"https:\/\/cavecaenem.fr\/#\/schema\/person\/8adecaca43e137acf11e776d28d1e734"},"potentialAction":[{"@type":"SearchAction","target":{"@type":"EntryPoint","urlTemplate":"https:\/\/cavecaenem.fr\/?s={search_term_string}"},"query-input":"required name=search_term_string"}],"inLanguage":"fr-FR"},{"@type":"ImageObject","@id":"https:\/\/cavecaenem.fr\/index.php\/2025\/05\/25\/angseth-et-matti-au-portobello-une-declaration-de-politique-generale\/#primaryimage","inLanguage":"fr-FR","url":"https:\/\/cavecaenem.fr\/wp-content\/uploads\/2025\/05\/portomatti-scaled.jpg","contentUrl":"https:\/\/cavecaenem.fr\/wp-content\/uploads\/2025\/05\/portomatti-scaled.jpg","width":1920,"height":2560},{"@type":"WebPage","@id":"https:\/\/cavecaenem.fr\/index.php\/2025\/05\/25\/angseth-et-matti-au-portobello-une-declaration-de-politique-generale\/#webpage","url":"https:\/\/cavecaenem.fr\/index.php\/2025\/05\/25\/angseth-et-matti-au-portobello-une-declaration-de-politique-generale\/","name":"Angseth et Matti au Portobello : une d\u00e9claration de politique g\u00e9n\u00e9rale ? - CaveCaenem","isPartOf":{"@id":"https:\/\/cavecaenem.fr\/#website"},"primaryImageOfPage":{"@id":"https:\/\/cavecaenem.fr\/index.php\/2025\/05\/25\/angseth-et-matti-au-portobello-une-declaration-de-politique-generale\/#primaryimage"},"datePublished":"2025-05-25T11:28:11+00:00","dateModified":"2025-05-25T11:28:12+00:00","breadcrumb":{"@id":"https:\/\/cavecaenem.fr\/index.php\/2025\/05\/25\/angseth-et-matti-au-portobello-une-declaration-de-politique-generale\/#breadcrumb"},"inLanguage":"fr-FR","potentialAction":[{"@type":"ReadAction","target":["https:\/\/cavecaenem.fr\/index.php\/2025\/05\/25\/angseth-et-matti-au-portobello-une-declaration-de-politique-generale\/"]}]},{"@type":"BreadcrumbList","@id":"https:\/\/cavecaenem.fr\/index.php\/2025\/05\/25\/angseth-et-matti-au-portobello-une-declaration-de-politique-generale\/#breadcrumb","itemListElement":[{"@type":"ListItem","position":1,"name":"Accueil","item":"https:\/\/cavecaenem.fr\/"},{"@type":"ListItem","position":2,"name":"Angseth et Matti au Portobello : une d\u00e9claration de politique g\u00e9n\u00e9rale ?"}]},{"@type":"Article","@id":"https:\/\/cavecaenem.fr\/index.php\/2025\/05\/25\/angseth-et-matti-au-portobello-une-declaration-de-politique-generale\/#article","isPartOf":{"@id":"https:\/\/cavecaenem.fr\/index.php\/2025\/05\/25\/angseth-et-matti-au-portobello-une-declaration-de-politique-generale\/#webpage"},"author":{"@id":"https:\/\/cavecaenem.fr\/#\/schema\/person\/8adecaca43e137acf11e776d28d1e734"},"headline":"Angseth et Matti au Portobello : une d\u00e9claration de politique g\u00e9n\u00e9rale ?","datePublished":"2025-05-25T11:28:11+00:00","dateModified":"2025-05-25T11:28:12+00:00","mainEntityOfPage":{"@id":"https:\/\/cavecaenem.fr\/index.php\/2025\/05\/25\/angseth-et-matti-au-portobello-une-declaration-de-politique-generale\/#webpage"},"wordCount":782,"commentCount":0,"publisher":{"@id":"https:\/\/cavecaenem.fr\/#\/schema\/person\/8adecaca43e137acf11e776d28d1e734"},"image":{"@id":"https:\/\/cavecaenem.fr\/index.php\/2025\/05\/25\/angseth-et-matti-au-portobello-une-declaration-de-politique-generale\/#primaryimage"},"thumbnailUrl":"https:\/\/cavecaenem.fr\/wp-content\/uploads\/2025\/05\/portomatti-scaled.jpg","articleSection":["La Nuit"],"inLanguage":"fr-FR","potentialAction":[{"@type":"CommentAction","name":"Comment","target":["https:\/\/cavecaenem.fr\/index.php\/2025\/05\/25\/angseth-et-matti-au-portobello-une-declaration-de-politique-generale\/#respond"]}]},{"@type":["Person","Organization"],"@id":"https:\/\/cavecaenem.fr\/#\/schema\/person\/8adecaca43e137acf11e776d28d1e734","name":"Ren\u00e9 Fix","image":{"@type":"ImageObject","@id":"https:\/\/cavecaenem.fr\/#personlogo","inLanguage":"fr-FR","url":"https:\/\/secure.gravatar.com\/avatar\/b49591d8c60f351185d7719fe6f34144?s=96&d=mm&r=g","contentUrl":"https:\/\/secure.gravatar.com\/avatar\/b49591d8c60f351185d7719fe6f34144?s=96&d=mm&r=g","caption":"Ren\u00e9 Fix"},"logo":{"@id":"https:\/\/cavecaenem.fr\/#personlogo"}}]}},"jetpack_featured_media_url":"https:\/\/cavecaenem.fr\/wp-content\/uploads\/2025\/05\/portomatti-scaled.jpg","_links":{"self":[{"href":"https:\/\/cavecaenem.fr\/index.php\/wp-json\/wp\/v2\/posts\/1081"}],"collection":[{"href":"https:\/\/cavecaenem.fr\/index.php\/wp-json\/wp\/v2\/posts"}],"about":[{"href":"https:\/\/cavecaenem.fr\/index.php\/wp-json\/wp\/v2\/types\/post"}],"author":[{"embeddable":true,"href":"https:\/\/cavecaenem.fr\/index.php\/wp-json\/wp\/v2\/users\/1"}],"replies":[{"embeddable":true,"href":"https:\/\/cavecaenem.fr\/index.php\/wp-json\/wp\/v2\/comments?post=1081"}],"version-history":[{"count":1,"href":"https:\/\/cavecaenem.fr\/index.php\/wp-json\/wp\/v2\/posts\/1081\/revisions"}],"predecessor-version":[{"id":1083,"href":"https:\/\/cavecaenem.fr\/index.php\/wp-json\/wp\/v2\/posts\/1081\/revisions\/1083"}],"wp:featuredmedia":[{"embeddable":true,"href":"https:\/\/cavecaenem.fr\/index.php\/wp-json\/wp\/v2\/media\/1082"}],"wp:attachment":[{"href":"https:\/\/cavecaenem.fr\/index.php\/wp-json\/wp\/v2\/media?parent=1081"}],"wp:term":[{"taxonomy":"category","embeddable":true,"href":"https:\/\/cavecaenem.fr\/index.php\/wp-json\/wp\/v2\/categories?post=1081"},{"taxonomy":"post_tag","embeddable":true,"href":"https:\/\/cavecaenem.fr\/index.php\/wp-json\/wp\/v2\/tags?post=1081"}],"curies":[{"name":"wp","href":"https:\/\/api.w.org\/{rel}","templated":true}]}}