{"id":1084,"date":"2025-06-01T12:25:00","date_gmt":"2025-06-01T10:25:00","guid":{"rendered":"https:\/\/cavecaenem.fr\/?p=1084"},"modified":"2025-06-01T12:25:01","modified_gmt":"2025-06-01T10:25:01","slug":"quand-nico-b-et-vince-vega-nous-tiennent-par-le-bar-bichette","status":"publish","type":"post","link":"https:\/\/cavecaenem.fr\/index.php\/2025\/06\/01\/quand-nico-b-et-vince-vega-nous-tiennent-par-le-bar-bichette\/","title":{"rendered":"Quand Nico.B et Vince Vega nous tiennent par le bar Bichette\u2026"},"content":{"rendered":"\n<p>Ce matin, plus que jamais, je me rappelle que Cave Caenem n\u2019est apr\u00e8s tout rien d\u2019autre qu\u2019une tentative \u00ab&nbsp;litt\u00e9raire&nbsp;\u00bb de journal intime. La question, le dilemme presque, est simple : r\u00e9diger (ou pas) un billet apr\u00e8s les belles heures pass\u00e9es tandis que la ville f\u00eatait une victoire sportive\u2026<\/p>\n\n\n\n<p>Au d\u00e9part, un \u00e9v\u00e9nement semi-priv\u00e9, ou semi-publique : deux djs ( Vince Vega et Nico.B) qui, petit cadeau plein d\u2019attention, viennent ambiancer la soir\u00e9e-anniversaire d\u2019un ami. Au final, un hymne \u00e0 la musique, \u00e0 l\u2019amiti\u00e9 et surtout \u2026\u00e0 l\u2019art du djing.&nbsp;<\/p>\n\n\n\n<p>Tout avait commenc\u00e9 la veille, aux trois marches qui accueillait une soir\u00e9e Obsolete. Confortablement install\u00e9s d\u00e9sormais dans la nouvelle implantation dansante du bar, les djs du&nbsp; collectif d\u00e9roulaient&nbsp; avec finesse leur expertise du dancefloor tandis que Vince Vega me parlait de sa soir\u00e9e de samedi, une soir\u00e9e entre potes, au bar Bichette. \u00c0 force de c\u00f4toyer ces oiseaux de la nuit musicale caennaise, la fronti\u00e8re entre la reconnaissance, le respect et l\u2019amiti\u00e9 est de plus en plus mince, mettant parfois \u00e0 dure \u00e9preuve non pas la sinc\u00e9rit\u00e9 de mon \u00e9coute mais sa bienveillante retranscription. En ce qui concerne mon dilemme d\u2019hier soir, l\u2019exercice s\u2019av\u00e8re encore plus difficile tant il s\u2019agissait pour moi d\u2019un \u00e9v\u00e9nement priv\u00e9, intime pour oser le mot, en r\u00e9ponse \u00e0 l\u2019invitation amicale de Vince.&nbsp;<\/p>\n\n\n\n<p>Tr\u00eave de fausse pudibonderie ou d\u2019inutiles pr\u00e9cautions oratoires, je me r\u00e9veille ce matin avec l\u2019envie de garder une trace de cette soir\u00e9e, et n\u2019est-ce pas l\u00e0 la seule raison d\u2019\u00eatre de ces billets ?<\/p>\n\n\n\n<p>Ouvert depuis pr\u00e8s d\u2019un an au fond de la rue Arcisse de Chaumont, le bar Bichette, \u00e0 bas bruit, mais non sans raison, s\u2019est inscrit lentement dans le circuit \u00ab&nbsp;DJ friendly&nbsp;\u00bb caennais. Samedi soir, vers 21h, la salle du fond r\u00e9sonne de rires amicaux et complices, les platines sont install\u00e9es mais c\u2019est encore l\u2019heure des cadeaux. Nico.B et Vince Vega attendent patiemment la bonne heure, tandis que dans la rue s\u2019\u00e9chappent les premiers cris de joie des aficionados du PSG. Tous les bars, ou presque, ont sorti les \u00e9crans t\u00e9l\u00e9 mais, tel un petit village gaulois, le bar Bichette r\u00e9siste \u00e0 cette fr\u00e9n\u00e9sie collective, encore plong\u00e9 dans l\u2019habituelle torpeur qui annonce le coup de feu de la fin de soir\u00e9e.&nbsp;<\/p>\n\n\n\n<p>Vers 22h30, alors que la victoire semble acquise pour les Parisiens, Nico.B vient officier et ouvrir le bal. Plong\u00e9 dans une douce nostalgie berlinoise, version 2010, un si\u00e8cle pour la m\u00e9moire futile de certains, il installe un savant cocktail kicks-m\u00e9lodies au parfum imm\u00e9diatement enivrant. La pierre de Caen des murs du bar se prend un coup de jeune et de frais tandis que la lumi\u00e8re s\u2019estompe. Et c\u2019est parti pour cinq heures de ravissement. Profitant du s\u00e9same magique de la fermeture \u00e0 trois heures du matin, je sais par avance qu\u2019il faudra d\u00e9guster&nbsp; ce moment de r\u00e9pit, avant le rush de la fermeture des autres bars. Les feux d\u2019artifice fusent rue \u00c9cuy\u00e8re, les scooters tentent des wheelings dans la rue pour f\u00eater la victoire, mais Vince Vega ne va pas quitter d\u2019un iota sa ligne artistique en prenant la rel\u00e8ve : nous entra\u00eener, track apr\u00e8s track, dans une d\u00e9pendance de plus en plus urgente envers ses sonorit\u00e9s \u2026 irr\u00e9sistibles. Entre les deux djs, et dans un cadre qui nous ferait presque croire qu\u2019on serait comme \u00e0 la maison, va se d\u00e9rouler un dialogue complice et exub\u00e9rant. \u00c0 Vince Vega les \u00e9chapp\u00e9es House qui feraient se tr\u00e9mousser de bonheur la bonne d\u2019un vieux cur\u00e9, \u00e0 Nico.B les audaces techno-berlinoises qui feraient&nbsp; onduler audacieusement un danseur bloqu\u00e9 sur RTL\u2026 c\u2019est donc \u00e7a la magie d\u2019un set r\u00e9ussi, l\u2019alchimie de la ma\u00eetrise du dancefloor ? Complices comme jamais, les deux djs rivalisent de perles musicales et de scuds rythmiques jusqu\u2019\u00e0 parvenir \u00e0 faire monter&nbsp; litt\u00e9ralement un danseur au plafond, port\u00e9 par l\u2019\u00e9nergie sportive d\u2019amis ambianc\u00e9s comme jamais.&nbsp;<\/p>\n\n\n\n<p>Une douce folie s\u2019empare du bar, une folie heureuse et protectrice, bien loin des d\u00e9cha\u00eenements que je lis ce matin dans la presse. Au bar Bichette, il y avait hier soir, comme une d\u00e9monstration \u00ab&nbsp;live&nbsp;\u00bb du pouvoir de la musique. Les doigts magiques des djs avaient plac\u00e9 sur nos fronts le signe de l\u2019harmonie. Le public plus h\u00e9t\u00e9rog\u00e8ne que jamais ne fait plus qu\u2019un avec nos deux larrons, et pourtant, pour en conna\u00eetre certains, je sais que cette musique n\u2019est habituellement par leur \u00ab&nbsp;came&nbsp;\u00bb. Devant un tel petit miracle local, je ne pouvais pas me taire, m\u00eame si tout cela est \u00e9crit \u00e0 l\u2019aune de la plus sinc\u00e8re des amiti\u00e9s. On ne dit jamais assez aux amis qu\u2019on les aime, puisse ce petit billet le redire ici en toute sinc\u00e9rit\u00e9.<\/p>\n","protected":false},"excerpt":{"rendered":"<p>Ce matin, plus que jamais, je me rappelle que Cave Caenem n\u2019est apr\u00e8s tout rien d\u2019autre qu\u2019une tentative \u00ab&nbsp;litt\u00e9raire&nbsp;\u00bb de journal intime. La question, le &#8230;<\/p>\n","protected":false},"author":1,"featured_media":1085,"comment_status":"open","ping_status":"open","sticky":false,"template":"","format":"standard","meta":{"spay_email":""},"categories":[1],"tags":[],"yoast_head":"<!-- This site is optimized with the Yoast SEO plugin v17.7.1 - https:\/\/yoast.com\/wordpress\/plugins\/seo\/ -->\n<title>Quand Nico.B et Vince Vega nous tiennent par le bar Bichette\u2026 - CaveCaenem<\/title>\n<meta name=\"robots\" content=\"index, follow, max-snippet:-1, max-image-preview:large, max-video-preview:-1\" \/>\n<link rel=\"canonical\" href=\"https:\/\/cavecaenem.fr\/index.php\/2025\/06\/01\/quand-nico-b-et-vince-vega-nous-tiennent-par-le-bar-bichette\/\" \/>\n<meta property=\"og:locale\" content=\"fr_FR\" \/>\n<meta property=\"og:type\" content=\"article\" \/>\n<meta property=\"og:title\" content=\"Quand Nico.B et Vince Vega nous tiennent par le bar Bichette\u2026 - CaveCaenem\" \/>\n<meta property=\"og:description\" content=\"Ce matin, plus que jamais, je me rappelle que Cave Caenem n\u2019est apr\u00e8s tout rien d\u2019autre qu\u2019une tentative \u00ab&nbsp;litt\u00e9raire&nbsp;\u00bb de journal intime. La question, le ...\" \/>\n<meta property=\"og:url\" content=\"https:\/\/cavecaenem.fr\/index.php\/2025\/06\/01\/quand-nico-b-et-vince-vega-nous-tiennent-par-le-bar-bichette\/\" \/>\n<meta property=\"og:site_name\" content=\"CaveCaenem\" \/>\n<meta property=\"article:published_time\" content=\"2025-06-01T10:25:00+00:00\" \/>\n<meta property=\"article:modified_time\" content=\"2025-06-01T10:25:01+00:00\" \/>\n<meta property=\"og:image\" content=\"https:\/\/cavecaenem.fr\/wp-content\/uploads\/2025\/06\/bar-bichette-scaled.jpg\" \/>\n\t<meta property=\"og:image:width\" content=\"1920\" \/>\n\t<meta property=\"og:image:height\" content=\"2560\" \/>\n<meta name=\"twitter:card\" content=\"summary_large_image\" \/>\n<meta name=\"twitter:label1\" content=\"\u00c9crit par\" \/>\n\t<meta name=\"twitter:data1\" content=\"Ren\u00e9 Fix\" \/>\n\t<meta name=\"twitter:label2\" content=\"Dur\u00e9e de lecture estim\u00e9e\" \/>\n\t<meta name=\"twitter:data2\" content=\"4 minutes\" \/>\n<script type=\"application\/ld+json\" class=\"yoast-schema-graph\">{\"@context\":\"https:\/\/schema.org\",\"@graph\":[{\"@type\":\"WebSite\",\"@id\":\"https:\/\/cavecaenem.fr\/#website\",\"url\":\"https:\/\/cavecaenem.fr\/\",\"name\":\"CaveCaenem\",\"description\":\"L\\u2019actualit\\u00e9 caennaise en toute subjectivit\\u00e9.\",\"publisher\":{\"@id\":\"https:\/\/cavecaenem.fr\/#\/schema\/person\/8adecaca43e137acf11e776d28d1e734\"},\"potentialAction\":[{\"@type\":\"SearchAction\",\"target\":{\"@type\":\"EntryPoint\",\"urlTemplate\":\"https:\/\/cavecaenem.fr\/?s={search_term_string}\"},\"query-input\":\"required name=search_term_string\"}],\"inLanguage\":\"fr-FR\"},{\"@type\":\"ImageObject\",\"@id\":\"https:\/\/cavecaenem.fr\/index.php\/2025\/06\/01\/quand-nico-b-et-vince-vega-nous-tiennent-par-le-bar-bichette\/#primaryimage\",\"inLanguage\":\"fr-FR\",\"url\":\"https:\/\/cavecaenem.fr\/wp-content\/uploads\/2025\/06\/bar-bichette-scaled.jpg\",\"contentUrl\":\"https:\/\/cavecaenem.fr\/wp-content\/uploads\/2025\/06\/bar-bichette-scaled.jpg\",\"width\":1920,\"height\":2560},{\"@type\":\"WebPage\",\"@id\":\"https:\/\/cavecaenem.fr\/index.php\/2025\/06\/01\/quand-nico-b-et-vince-vega-nous-tiennent-par-le-bar-bichette\/#webpage\",\"url\":\"https:\/\/cavecaenem.fr\/index.php\/2025\/06\/01\/quand-nico-b-et-vince-vega-nous-tiennent-par-le-bar-bichette\/\",\"name\":\"Quand Nico.B et Vince Vega nous tiennent par le bar Bichette\\u2026 - CaveCaenem\",\"isPartOf\":{\"@id\":\"https:\/\/cavecaenem.fr\/#website\"},\"primaryImageOfPage\":{\"@id\":\"https:\/\/cavecaenem.fr\/index.php\/2025\/06\/01\/quand-nico-b-et-vince-vega-nous-tiennent-par-le-bar-bichette\/#primaryimage\"},\"datePublished\":\"2025-06-01T10:25:00+00:00\",\"dateModified\":\"2025-06-01T10:25:01+00:00\",\"breadcrumb\":{\"@id\":\"https:\/\/cavecaenem.fr\/index.php\/2025\/06\/01\/quand-nico-b-et-vince-vega-nous-tiennent-par-le-bar-bichette\/#breadcrumb\"},\"inLanguage\":\"fr-FR\",\"potentialAction\":[{\"@type\":\"ReadAction\",\"target\":[\"https:\/\/cavecaenem.fr\/index.php\/2025\/06\/01\/quand-nico-b-et-vince-vega-nous-tiennent-par-le-bar-bichette\/\"]}]},{\"@type\":\"BreadcrumbList\",\"@id\":\"https:\/\/cavecaenem.fr\/index.php\/2025\/06\/01\/quand-nico-b-et-vince-vega-nous-tiennent-par-le-bar-bichette\/#breadcrumb\",\"itemListElement\":[{\"@type\":\"ListItem\",\"position\":1,\"name\":\"Accueil\",\"item\":\"https:\/\/cavecaenem.fr\/\"},{\"@type\":\"ListItem\",\"position\":2,\"name\":\"Quand Nico.B et Vince Vega nous tiennent par le bar Bichette\\u2026\"}]},{\"@type\":\"Article\",\"@id\":\"https:\/\/cavecaenem.fr\/index.php\/2025\/06\/01\/quand-nico-b-et-vince-vega-nous-tiennent-par-le-bar-bichette\/#article\",\"isPartOf\":{\"@id\":\"https:\/\/cavecaenem.fr\/index.php\/2025\/06\/01\/quand-nico-b-et-vince-vega-nous-tiennent-par-le-bar-bichette\/#webpage\"},\"author\":{\"@id\":\"https:\/\/cavecaenem.fr\/#\/schema\/person\/8adecaca43e137acf11e776d28d1e734\"},\"headline\":\"Quand Nico.B et Vince Vega nous tiennent par le bar Bichette\\u2026\",\"datePublished\":\"2025-06-01T10:25:00+00:00\",\"dateModified\":\"2025-06-01T10:25:01+00:00\",\"mainEntityOfPage\":{\"@id\":\"https:\/\/cavecaenem.fr\/index.php\/2025\/06\/01\/quand-nico-b-et-vince-vega-nous-tiennent-par-le-bar-bichette\/#webpage\"},\"wordCount\":885,\"commentCount\":0,\"publisher\":{\"@id\":\"https:\/\/cavecaenem.fr\/#\/schema\/person\/8adecaca43e137acf11e776d28d1e734\"},\"image\":{\"@id\":\"https:\/\/cavecaenem.fr\/index.php\/2025\/06\/01\/quand-nico-b-et-vince-vega-nous-tiennent-par-le-bar-bichette\/#primaryimage\"},\"thumbnailUrl\":\"https:\/\/cavecaenem.fr\/wp-content\/uploads\/2025\/06\/bar-bichette-scaled.jpg\",\"articleSection\":[\"La Nuit\"],\"inLanguage\":\"fr-FR\",\"potentialAction\":[{\"@type\":\"CommentAction\",\"name\":\"Comment\",\"target\":[\"https:\/\/cavecaenem.fr\/index.php\/2025\/06\/01\/quand-nico-b-et-vince-vega-nous-tiennent-par-le-bar-bichette\/#respond\"]}]},{\"@type\":[\"Person\",\"Organization\"],\"@id\":\"https:\/\/cavecaenem.fr\/#\/schema\/person\/8adecaca43e137acf11e776d28d1e734\",\"name\":\"Ren\\u00e9 Fix\",\"image\":{\"@type\":\"ImageObject\",\"@id\":\"https:\/\/cavecaenem.fr\/#personlogo\",\"inLanguage\":\"fr-FR\",\"url\":\"https:\/\/secure.gravatar.com\/avatar\/b49591d8c60f351185d7719fe6f34144?s=96&d=mm&r=g\",\"contentUrl\":\"https:\/\/secure.gravatar.com\/avatar\/b49591d8c60f351185d7719fe6f34144?s=96&d=mm&r=g\",\"caption\":\"Ren\\u00e9 Fix\"},\"logo\":{\"@id\":\"https:\/\/cavecaenem.fr\/#personlogo\"}}]}<\/script>\n<!-- \/ Yoast SEO plugin. -->","yoast_head_json":{"title":"Quand Nico.B et Vince Vega nous tiennent par le bar Bichette\u2026 - CaveCaenem","robots":{"index":"index","follow":"follow","max-snippet":"max-snippet:-1","max-image-preview":"max-image-preview:large","max-video-preview":"max-video-preview:-1"},"canonical":"https:\/\/cavecaenem.fr\/index.php\/2025\/06\/01\/quand-nico-b-et-vince-vega-nous-tiennent-par-le-bar-bichette\/","og_locale":"fr_FR","og_type":"article","og_title":"Quand Nico.B et Vince Vega nous tiennent par le bar Bichette\u2026 - CaveCaenem","og_description":"Ce matin, plus que jamais, je me rappelle que Cave Caenem n\u2019est apr\u00e8s tout rien d\u2019autre qu\u2019une tentative \u00ab&nbsp;litt\u00e9raire&nbsp;\u00bb de journal intime. La question, le ...","og_url":"https:\/\/cavecaenem.fr\/index.php\/2025\/06\/01\/quand-nico-b-et-vince-vega-nous-tiennent-par-le-bar-bichette\/","og_site_name":"CaveCaenem","article_published_time":"2025-06-01T10:25:00+00:00","article_modified_time":"2025-06-01T10:25:01+00:00","og_image":[{"width":1920,"height":2560,"url":"https:\/\/cavecaenem.fr\/wp-content\/uploads\/2025\/06\/bar-bichette-scaled.jpg","type":"image\/jpeg"}],"twitter_card":"summary_large_image","twitter_misc":{"\u00c9crit par":"Ren\u00e9 Fix","Dur\u00e9e de lecture estim\u00e9e":"4 minutes"},"schema":{"@context":"https:\/\/schema.org","@graph":[{"@type":"WebSite","@id":"https:\/\/cavecaenem.fr\/#website","url":"https:\/\/cavecaenem.fr\/","name":"CaveCaenem","description":"L\u2019actualit\u00e9 caennaise en toute subjectivit\u00e9.","publisher":{"@id":"https:\/\/cavecaenem.fr\/#\/schema\/person\/8adecaca43e137acf11e776d28d1e734"},"potentialAction":[{"@type":"SearchAction","target":{"@type":"EntryPoint","urlTemplate":"https:\/\/cavecaenem.fr\/?s={search_term_string}"},"query-input":"required name=search_term_string"}],"inLanguage":"fr-FR"},{"@type":"ImageObject","@id":"https:\/\/cavecaenem.fr\/index.php\/2025\/06\/01\/quand-nico-b-et-vince-vega-nous-tiennent-par-le-bar-bichette\/#primaryimage","inLanguage":"fr-FR","url":"https:\/\/cavecaenem.fr\/wp-content\/uploads\/2025\/06\/bar-bichette-scaled.jpg","contentUrl":"https:\/\/cavecaenem.fr\/wp-content\/uploads\/2025\/06\/bar-bichette-scaled.jpg","width":1920,"height":2560},{"@type":"WebPage","@id":"https:\/\/cavecaenem.fr\/index.php\/2025\/06\/01\/quand-nico-b-et-vince-vega-nous-tiennent-par-le-bar-bichette\/#webpage","url":"https:\/\/cavecaenem.fr\/index.php\/2025\/06\/01\/quand-nico-b-et-vince-vega-nous-tiennent-par-le-bar-bichette\/","name":"Quand Nico.B et Vince Vega nous tiennent par le bar Bichette\u2026 - CaveCaenem","isPartOf":{"@id":"https:\/\/cavecaenem.fr\/#website"},"primaryImageOfPage":{"@id":"https:\/\/cavecaenem.fr\/index.php\/2025\/06\/01\/quand-nico-b-et-vince-vega-nous-tiennent-par-le-bar-bichette\/#primaryimage"},"datePublished":"2025-06-01T10:25:00+00:00","dateModified":"2025-06-01T10:25:01+00:00","breadcrumb":{"@id":"https:\/\/cavecaenem.fr\/index.php\/2025\/06\/01\/quand-nico-b-et-vince-vega-nous-tiennent-par-le-bar-bichette\/#breadcrumb"},"inLanguage":"fr-FR","potentialAction":[{"@type":"ReadAction","target":["https:\/\/cavecaenem.fr\/index.php\/2025\/06\/01\/quand-nico-b-et-vince-vega-nous-tiennent-par-le-bar-bichette\/"]}]},{"@type":"BreadcrumbList","@id":"https:\/\/cavecaenem.fr\/index.php\/2025\/06\/01\/quand-nico-b-et-vince-vega-nous-tiennent-par-le-bar-bichette\/#breadcrumb","itemListElement":[{"@type":"ListItem","position":1,"name":"Accueil","item":"https:\/\/cavecaenem.fr\/"},{"@type":"ListItem","position":2,"name":"Quand Nico.B et Vince Vega nous tiennent par le bar Bichette\u2026"}]},{"@type":"Article","@id":"https:\/\/cavecaenem.fr\/index.php\/2025\/06\/01\/quand-nico-b-et-vince-vega-nous-tiennent-par-le-bar-bichette\/#article","isPartOf":{"@id":"https:\/\/cavecaenem.fr\/index.php\/2025\/06\/01\/quand-nico-b-et-vince-vega-nous-tiennent-par-le-bar-bichette\/#webpage"},"author":{"@id":"https:\/\/cavecaenem.fr\/#\/schema\/person\/8adecaca43e137acf11e776d28d1e734"},"headline":"Quand Nico.B et Vince Vega nous tiennent par le bar Bichette\u2026","datePublished":"2025-06-01T10:25:00+00:00","dateModified":"2025-06-01T10:25:01+00:00","mainEntityOfPage":{"@id":"https:\/\/cavecaenem.fr\/index.php\/2025\/06\/01\/quand-nico-b-et-vince-vega-nous-tiennent-par-le-bar-bichette\/#webpage"},"wordCount":885,"commentCount":0,"publisher":{"@id":"https:\/\/cavecaenem.fr\/#\/schema\/person\/8adecaca43e137acf11e776d28d1e734"},"image":{"@id":"https:\/\/cavecaenem.fr\/index.php\/2025\/06\/01\/quand-nico-b-et-vince-vega-nous-tiennent-par-le-bar-bichette\/#primaryimage"},"thumbnailUrl":"https:\/\/cavecaenem.fr\/wp-content\/uploads\/2025\/06\/bar-bichette-scaled.jpg","articleSection":["La Nuit"],"inLanguage":"fr-FR","potentialAction":[{"@type":"CommentAction","name":"Comment","target":["https:\/\/cavecaenem.fr\/index.php\/2025\/06\/01\/quand-nico-b-et-vince-vega-nous-tiennent-par-le-bar-bichette\/#respond"]}]},{"@type":["Person","Organization"],"@id":"https:\/\/cavecaenem.fr\/#\/schema\/person\/8adecaca43e137acf11e776d28d1e734","name":"Ren\u00e9 Fix","image":{"@type":"ImageObject","@id":"https:\/\/cavecaenem.fr\/#personlogo","inLanguage":"fr-FR","url":"https:\/\/secure.gravatar.com\/avatar\/b49591d8c60f351185d7719fe6f34144?s=96&d=mm&r=g","contentUrl":"https:\/\/secure.gravatar.com\/avatar\/b49591d8c60f351185d7719fe6f34144?s=96&d=mm&r=g","caption":"Ren\u00e9 Fix"},"logo":{"@id":"https:\/\/cavecaenem.fr\/#personlogo"}}]}},"jetpack_featured_media_url":"https:\/\/cavecaenem.fr\/wp-content\/uploads\/2025\/06\/bar-bichette-scaled.jpg","_links":{"self":[{"href":"https:\/\/cavecaenem.fr\/index.php\/wp-json\/wp\/v2\/posts\/1084"}],"collection":[{"href":"https:\/\/cavecaenem.fr\/index.php\/wp-json\/wp\/v2\/posts"}],"about":[{"href":"https:\/\/cavecaenem.fr\/index.php\/wp-json\/wp\/v2\/types\/post"}],"author":[{"embeddable":true,"href":"https:\/\/cavecaenem.fr\/index.php\/wp-json\/wp\/v2\/users\/1"}],"replies":[{"embeddable":true,"href":"https:\/\/cavecaenem.fr\/index.php\/wp-json\/wp\/v2\/comments?post=1084"}],"version-history":[{"count":1,"href":"https:\/\/cavecaenem.fr\/index.php\/wp-json\/wp\/v2\/posts\/1084\/revisions"}],"predecessor-version":[{"id":1086,"href":"https:\/\/cavecaenem.fr\/index.php\/wp-json\/wp\/v2\/posts\/1084\/revisions\/1086"}],"wp:featuredmedia":[{"embeddable":true,"href":"https:\/\/cavecaenem.fr\/index.php\/wp-json\/wp\/v2\/media\/1085"}],"wp:attachment":[{"href":"https:\/\/cavecaenem.fr\/index.php\/wp-json\/wp\/v2\/media?parent=1084"}],"wp:term":[{"taxonomy":"category","embeddable":true,"href":"https:\/\/cavecaenem.fr\/index.php\/wp-json\/wp\/v2\/categories?post=1084"},{"taxonomy":"post_tag","embeddable":true,"href":"https:\/\/cavecaenem.fr\/index.php\/wp-json\/wp\/v2\/tags?post=1084"}],"curies":[{"name":"wp","href":"https:\/\/api.w.org\/{rel}","templated":true}]}}