{"id":1089,"date":"2025-06-22T12:00:57","date_gmt":"2025-06-22T10:00:57","guid":{"rendered":"https:\/\/cavecaenem.fr\/?p=1089"},"modified":"2025-06-22T12:00:58","modified_gmt":"2025-06-22T10:00:58","slug":"fdlm-2025-entre-chaleur-et-torpeur","status":"publish","type":"post","link":"https:\/\/cavecaenem.fr\/index.php\/2025\/06\/22\/fdlm-2025-entre-chaleur-et-torpeur\/","title":{"rendered":"FDLM 2025, entre chaleur et torpeur."},"content":{"rendered":"\n<p><\/p>\n\n\n\n<p>On retiendra de cette \u00e9dition 2025 de la F\u00eate de la Musique l\u2019inhabituelle chaleur qui semble avoir plong\u00e9 le public, plus clairsem\u00e9 que d\u2019ordinaire, dans une sorte de torpeur in\u00e9dite. Vers 17h, quelques rares badauds affrontent les rues d\u2019un centre-ville soigneusement s\u00e9curis\u00e9es par des blocs de b\u00e9ton. Ambiance ville espagnole sous le cagnard d\u2019un d\u00e9but d\u2019apr\u00e8s midi estival. La place saint-Sauveur exhibe fi\u00e8rement l\u2019installation \u00e9ph\u00e9m\u00e8re de Guillaume Sardin ( Sol invictus) qui place la statue de notre (bon ?) roi Soleil au centre d\u2019une structure esquissant, \u00e0 gros traits, les colonnes d\u2019un temple. Pour l\u2019instant aucune information n\u2019accompagne cette \u0153uvre, esp\u00e9rons que le Mill\u00e9naire va g\u00e9rer au plus vite cette lacune. Pour le reste des enceintes, au premier \u00e9tage d\u2019un des bars de la place, d\u00e9versent dans le vide une soupe disco-EDM, premi\u00e8re image sonore, premi\u00e8re impression qui va pourtant donner le La du reste de la soir\u00e9e. Rue P\u00e9magnie, devant le caf\u00e9 Montmartre, une petite sc\u00e8ne ( sans les moyens du Carg\u00f6 qui d\u00e8s le d\u00e9but de l\u2019apr\u00e8s-midi affichait la m\u00eame ambition) semble vouloir mettre en lumi\u00e8res les talents \u00e9mergents et le fait avec une g\u00e9n\u00e9rosit\u00e9 communicative. \u00c7a rappe, \u00e7a chante, \u00e7a ballade-rock comme cette tr\u00e8s jeune chanteuse ( j\u2019ai cru entendre le nom de Kamikaze, mille excuses si ce n\u2019est pas le sien) qui, tout en s\u2019accompagnant au piano fait entendre un filet de voix qui s\u2019impose pourtant&nbsp; face au lointain vacarme disco de la place. Un peu plus tard, et r\u00e9el talent confirm\u00e9, la chanteuse Annabella Hawk affronte, en vedette am\u00e9ricaine, le minimalisme de cette sc\u00e8ne avec une collaboration originale : un duo avec la DJ SPRNS. Le moins que je puisse dire c\u2019est que le duo fonctionne \u00e0 merveille et que les deux artistes tiennent l\u00e0 les ingr\u00e9dients magiques d\u2019un potentiel \u00ab&nbsp;banger&nbsp;\u00bb. Sous les d\u00e9licates couches \u00e9lectro de SPRNS, les chansons du nouvel EP d\u2019 Annabella Hawk trouvent une redoutable tonicit\u00e9 que l\u2019\u00e9preuve d\u2019un live dans des conditions aussi spartiates magnifie encore plus. Certainement pour moi la p\u00e9pite du jour.<\/p>\n\n\n\n<p>Pas tr\u00e8s loin de l\u00e0, square Camille Blaisot, le collectif des Villageois retrouve son spot habituel, revisit\u00e9 par une belle installation \u00e0 l\u2019esprit steam-punk, un effort de mise en sc\u00e8ne \u00e0 saluer. Quand je passe, l\u2019\u00e9toile plus que montante des Villageois, Cheun officie avec fougue devant un petit groupe de teufeurs qui, comme des gamins survolt\u00e9s, s\u2019arrosent \u00e0 coup de pistolets \u00e0 eau. Prot\u00e9g\u00e9s dans cette enclave de verdure, les amis des Villageois profitent, \u00e0 coup s\u00fbr, d\u2019une des plus belles sc\u00e8nes de la soir\u00e9e.&nbsp;<\/p>\n\n\n\n<p>La crainte, pour certains, d\u2019un boum boum imp\u00e9rial et d\u00e9vastateur sur la ville ne semble plus d\u2019actualit\u00e9 puisqu\u2019il n\u2019y a plus rien devant l\u2019ancien cin\u00e9ma Path\u00e9. Pour retrouver une petite surench\u00e8re de BPM et de gros sons, il fallait se rendre dans les douves du ch\u00e2teau. Bien \u00e0 l\u2019abri des chastes oreilles de certains notables, un collectif renoue avec l\u2019esprit m\u00eame de la rave et de la teuf, et c\u2019est devant un gros, tr\u00e8s gros murs d\u2019enceintes qu\u2019une foule en d\u00e9lire et en liesse se d\u00e9cha\u00eene. C\u2019est brutal, \u00e9nergique et vitamin\u00e9 et si on ajoute que le dj, soigneusement \u00e9loign\u00e9 du mur d\u2019enceintes officie discr\u00e8tement dans un anonymat total, on red\u00e9couvre l\u2019esprit des vrais f\u00eatards et c\u2019est un vrai bol de vigueur et de jeunesse. Dans le bruit et la fureur, je ne parviens pas \u00e0 obtenir le nom du collectif mais, promis, la prochaine fois, je serai encore plus curieux. En face de l\u2019ancienne Drac, aux pieds du ch\u00e2teau, PolarX&nbsp; ambiance la foule avec une redoutable bastonnade rythmique qui frappe d\u2019autant mieux que les frondaisons apportent une ombre bienvenue. Si devant la sc\u00e8ne, \u00e7a sonne de ouf, on n\u2019entend presque plus rien de retour sur les rails du tram, qu\u2019on ne vienne pas nous emmer\u2026 avec le bruit !&nbsp;<\/p>\n\n\n\n<p>Une place de la R\u00e9publique soigneusement refleurie pour l\u2019\u00e9t\u00e9 accueille Obsolete, un collectif qui, la veille, avait inform\u00e9 son public de sa propre fin, une page se tournant pour ces djs qui, en quelques ann\u00e9es, avaient pourtant su redynamiser notre sc\u00e8ne electro locale. \u00c9puisement, nouvelles perspectives artistiques\u2026 les explications autour de cet arr\u00eat sont nombreuses mais je suis triste et dois-je l\u2019avouer, un peu chagrin\u00e9 par cette disparition qui vient encore plus \u00e9mietter les forces \u00ab&nbsp;electro&nbsp;\u00bb de notre ville qui assiste, indiff\u00e9rente \u00e0 l\u2019extinction ( programm\u00e9e ?) de ses forces vives musicales.<\/p>\n\n\n\n<p>Place du th\u00e9\u00e2tre, non loin de l\u00e0, au-del\u00e0 de l\u2019\u00e9pouvantable bouillie musicale ( un croisement b\u00e2tard entre NRJ et la boum du camping) c\u2019est une jeunesse d\u00e9sinhib\u00e9e qui exulte et \u00e7a fait plaisir \u00e0 voir. Plus tard, la place fera grise mine et avec ses cadavres de bouteilles qui jonchent le sol ( plut\u00f4t que d\u2019organiser le \u00ab&nbsp;son&nbsp;\u00bb, il conviendrait plut\u00f4t d\u2019organiser les d\u00e9chets \u2026) mais pour l\u2019heure comment ne pas \u00eatre enthousiasm\u00e9 par ce d\u00e9foulement&nbsp; pa\u00efen et bon enfant . C\u2019est tout de m\u00eame \u00e7a aussi, la f\u00eate de la musique, un hommage annuel \u00e0 la vie, \u00e0 l\u2019\u00e9t\u00e9, \u00e0 la jeunesse \u00e9ternelle.&nbsp; J\u2019ai pass\u00e9 l\u2019\u00e2ge de faire du pogo mais dans le genre rite initiatique cela reste incontournable.<\/p>\n\n\n\n<p>Un brass-band plus loin, avec son public sage et joyeux, un gospel par ci et toujours la m\u00eame impression, le public moins nombreux que d\u2019habitude, grappille quelques moments musicaux mais fait preuve d\u2019une nonchalance, certainement sous le coup d\u2019une chaleur qui ne veut pas reculer.<\/p>\n\n\n\n<p>En guise de thermom\u00e8tre annuel, je me \u00ab&nbsp;finis&nbsp;\u00bb comme chaque fois devant la pharmacie Danjou, aux croisement des rues \u00c9cuy\u00e8re et Arcisse de Caumont, le spot des M.A.D Brains. L\u00e0 aussi l\u2019exaltation quasi-orgiaque des ann\u00e9es pr\u00e9c\u00e9dentes semble avoir d\u00e9sert\u00e9 et c\u2019est parfois sous les oreilles indiff\u00e9rentes des passants que s\u2019\u00e9gr\u00e8nent des notes pourtant amplifi\u00e9es de mani\u00e8re experte et professionnelle. Fort heureusement le crew M.A.D Brains rattrape syst\u00e9matiquement le coup, Nico B en t\u00eate qui retrouve avec bonheur ses premiers amours musicaux en faisant exploser la track Domplatte ( Andhim). Tib\u2019z le suit, faisant \u00e9clater la face House d\u2019un musicien pourtant vers\u00e9 dans la techno et c\u2019est \u00e0 Angseth que revient la lourde charge de conclure cette soir\u00e9e avec un live (prise de risque maximum) qui parvient \u00e0 scotcher sur place un public, initi\u00e9 et heureusement rafra\u00eechi par le petit vent frais et la douce folie de l\u2019artiste, rejoint \u00e0 la fin par Weiser dans un B2B aussi vigoureux qu\u2019un massage cardiaque \u2026<\/p>\n\n\n\n<p>On passera, une nouvelle fois&nbsp; tr\u00e8s vite sur le m\u00e9diocre accueil et l\u2019\u00e9pouvantable syst\u00e8me son de L\u2019Orient express o\u00fa ce m\u00eame collectif proposait un closing tentant&nbsp; sur le papier mais inop\u00e9rant sur place, tant ce lieu n\u00e9cessite d\u2019urgence une remise \u00e0 plat.<\/p>\n\n\n\n<p>Une \u00e9dition 2025 entre deux eaux donc, o\u00f9 se fossilisent certains spots et d\u2019o\u00f9 \u00e9mergent cependant quelques petites bulles in\u00e9dites qui permettent d\u2019esp\u00e9rer la dynamique nouvelle d\u2019une formule qui parfois, n\u2019est plus que l\u2019ombre d\u2019elle-m\u00eame.&nbsp;<\/p>\n","protected":false},"excerpt":{"rendered":"<p>On retiendra de cette \u00e9dition 2025 de la F\u00eate de la Musique l\u2019inhabituelle chaleur qui semble avoir plong\u00e9 le public, plus clairsem\u00e9 que d\u2019ordinaire, dans &#8230;<\/p>\n","protected":false},"author":1,"featured_media":1090,"comment_status":"open","ping_status":"open","sticky":false,"template":"","format":"standard","meta":{"spay_email":""},"categories":[1],"tags":[],"yoast_head":"<!-- This site is optimized with the Yoast SEO plugin v17.7.1 - https:\/\/yoast.com\/wordpress\/plugins\/seo\/ -->\n<title>FDLM 2025, entre chaleur et torpeur. - CaveCaenem<\/title>\n<meta name=\"robots\" content=\"index, follow, max-snippet:-1, max-image-preview:large, max-video-preview:-1\" \/>\n<link rel=\"canonical\" href=\"https:\/\/cavecaenem.fr\/index.php\/2025\/06\/22\/fdlm-2025-entre-chaleur-et-torpeur\/\" \/>\n<meta property=\"og:locale\" content=\"fr_FR\" \/>\n<meta property=\"og:type\" content=\"article\" \/>\n<meta property=\"og:title\" content=\"FDLM 2025, entre chaleur et torpeur. - CaveCaenem\" \/>\n<meta property=\"og:description\" content=\"On retiendra de cette \u00e9dition 2025 de la F\u00eate de la Musique l\u2019inhabituelle chaleur qui semble avoir plong\u00e9 le public, plus clairsem\u00e9 que d\u2019ordinaire, dans ...\" \/>\n<meta property=\"og:url\" content=\"https:\/\/cavecaenem.fr\/index.php\/2025\/06\/22\/fdlm-2025-entre-chaleur-et-torpeur\/\" \/>\n<meta property=\"og:site_name\" content=\"CaveCaenem\" \/>\n<meta property=\"article:published_time\" content=\"2025-06-22T10:00:57+00:00\" \/>\n<meta property=\"article:modified_time\" content=\"2025-06-22T10:00:58+00:00\" \/>\n<meta property=\"og:image\" content=\"https:\/\/cavecaenem.fr\/wp-content\/uploads\/2025\/06\/fdlm-2025-scaled.jpg\" \/>\n\t<meta property=\"og:image:width\" content=\"1920\" \/>\n\t<meta property=\"og:image:height\" content=\"2560\" \/>\n<meta name=\"twitter:card\" content=\"summary_large_image\" \/>\n<meta name=\"twitter:label1\" content=\"\u00c9crit par\" \/>\n\t<meta name=\"twitter:data1\" content=\"Ren\u00e9 Fix\" \/>\n\t<meta name=\"twitter:label2\" content=\"Dur\u00e9e de lecture estim\u00e9e\" \/>\n\t<meta name=\"twitter:data2\" content=\"5 minutes\" \/>\n<script type=\"application\/ld+json\" class=\"yoast-schema-graph\">{\"@context\":\"https:\/\/schema.org\",\"@graph\":[{\"@type\":\"WebSite\",\"@id\":\"https:\/\/cavecaenem.fr\/#website\",\"url\":\"https:\/\/cavecaenem.fr\/\",\"name\":\"CaveCaenem\",\"description\":\"L\\u2019actualit\\u00e9 caennaise en toute subjectivit\\u00e9.\",\"publisher\":{\"@id\":\"https:\/\/cavecaenem.fr\/#\/schema\/person\/8adecaca43e137acf11e776d28d1e734\"},\"potentialAction\":[{\"@type\":\"SearchAction\",\"target\":{\"@type\":\"EntryPoint\",\"urlTemplate\":\"https:\/\/cavecaenem.fr\/?s={search_term_string}\"},\"query-input\":\"required name=search_term_string\"}],\"inLanguage\":\"fr-FR\"},{\"@type\":\"ImageObject\",\"@id\":\"https:\/\/cavecaenem.fr\/index.php\/2025\/06\/22\/fdlm-2025-entre-chaleur-et-torpeur\/#primaryimage\",\"inLanguage\":\"fr-FR\",\"url\":\"https:\/\/cavecaenem.fr\/wp-content\/uploads\/2025\/06\/fdlm-2025-scaled.jpg\",\"contentUrl\":\"https:\/\/cavecaenem.fr\/wp-content\/uploads\/2025\/06\/fdlm-2025-scaled.jpg\",\"width\":1920,\"height\":2560},{\"@type\":\"WebPage\",\"@id\":\"https:\/\/cavecaenem.fr\/index.php\/2025\/06\/22\/fdlm-2025-entre-chaleur-et-torpeur\/#webpage\",\"url\":\"https:\/\/cavecaenem.fr\/index.php\/2025\/06\/22\/fdlm-2025-entre-chaleur-et-torpeur\/\",\"name\":\"FDLM 2025, entre chaleur et torpeur. - CaveCaenem\",\"isPartOf\":{\"@id\":\"https:\/\/cavecaenem.fr\/#website\"},\"primaryImageOfPage\":{\"@id\":\"https:\/\/cavecaenem.fr\/index.php\/2025\/06\/22\/fdlm-2025-entre-chaleur-et-torpeur\/#primaryimage\"},\"datePublished\":\"2025-06-22T10:00:57+00:00\",\"dateModified\":\"2025-06-22T10:00:58+00:00\",\"breadcrumb\":{\"@id\":\"https:\/\/cavecaenem.fr\/index.php\/2025\/06\/22\/fdlm-2025-entre-chaleur-et-torpeur\/#breadcrumb\"},\"inLanguage\":\"fr-FR\",\"potentialAction\":[{\"@type\":\"ReadAction\",\"target\":[\"https:\/\/cavecaenem.fr\/index.php\/2025\/06\/22\/fdlm-2025-entre-chaleur-et-torpeur\/\"]}]},{\"@type\":\"BreadcrumbList\",\"@id\":\"https:\/\/cavecaenem.fr\/index.php\/2025\/06\/22\/fdlm-2025-entre-chaleur-et-torpeur\/#breadcrumb\",\"itemListElement\":[{\"@type\":\"ListItem\",\"position\":1,\"name\":\"Accueil\",\"item\":\"https:\/\/cavecaenem.fr\/\"},{\"@type\":\"ListItem\",\"position\":2,\"name\":\"FDLM 2025, entre chaleur et torpeur.\"}]},{\"@type\":\"Article\",\"@id\":\"https:\/\/cavecaenem.fr\/index.php\/2025\/06\/22\/fdlm-2025-entre-chaleur-et-torpeur\/#article\",\"isPartOf\":{\"@id\":\"https:\/\/cavecaenem.fr\/index.php\/2025\/06\/22\/fdlm-2025-entre-chaleur-et-torpeur\/#webpage\"},\"author\":{\"@id\":\"https:\/\/cavecaenem.fr\/#\/schema\/person\/8adecaca43e137acf11e776d28d1e734\"},\"headline\":\"FDLM 2025, entre chaleur et torpeur.\",\"datePublished\":\"2025-06-22T10:00:57+00:00\",\"dateModified\":\"2025-06-22T10:00:58+00:00\",\"mainEntityOfPage\":{\"@id\":\"https:\/\/cavecaenem.fr\/index.php\/2025\/06\/22\/fdlm-2025-entre-chaleur-et-torpeur\/#webpage\"},\"wordCount\":1289,\"commentCount\":0,\"publisher\":{\"@id\":\"https:\/\/cavecaenem.fr\/#\/schema\/person\/8adecaca43e137acf11e776d28d1e734\"},\"image\":{\"@id\":\"https:\/\/cavecaenem.fr\/index.php\/2025\/06\/22\/fdlm-2025-entre-chaleur-et-torpeur\/#primaryimage\"},\"thumbnailUrl\":\"https:\/\/cavecaenem.fr\/wp-content\/uploads\/2025\/06\/fdlm-2025-scaled.jpg\",\"articleSection\":[\"La Nuit\"],\"inLanguage\":\"fr-FR\",\"potentialAction\":[{\"@type\":\"CommentAction\",\"name\":\"Comment\",\"target\":[\"https:\/\/cavecaenem.fr\/index.php\/2025\/06\/22\/fdlm-2025-entre-chaleur-et-torpeur\/#respond\"]}]},{\"@type\":[\"Person\",\"Organization\"],\"@id\":\"https:\/\/cavecaenem.fr\/#\/schema\/person\/8adecaca43e137acf11e776d28d1e734\",\"name\":\"Ren\\u00e9 Fix\",\"image\":{\"@type\":\"ImageObject\",\"@id\":\"https:\/\/cavecaenem.fr\/#personlogo\",\"inLanguage\":\"fr-FR\",\"url\":\"https:\/\/secure.gravatar.com\/avatar\/b49591d8c60f351185d7719fe6f34144?s=96&d=mm&r=g\",\"contentUrl\":\"https:\/\/secure.gravatar.com\/avatar\/b49591d8c60f351185d7719fe6f34144?s=96&d=mm&r=g\",\"caption\":\"Ren\\u00e9 Fix\"},\"logo\":{\"@id\":\"https:\/\/cavecaenem.fr\/#personlogo\"}}]}<\/script>\n<!-- \/ Yoast SEO plugin. -->","yoast_head_json":{"title":"FDLM 2025, entre chaleur et torpeur. - CaveCaenem","robots":{"index":"index","follow":"follow","max-snippet":"max-snippet:-1","max-image-preview":"max-image-preview:large","max-video-preview":"max-video-preview:-1"},"canonical":"https:\/\/cavecaenem.fr\/index.php\/2025\/06\/22\/fdlm-2025-entre-chaleur-et-torpeur\/","og_locale":"fr_FR","og_type":"article","og_title":"FDLM 2025, entre chaleur et torpeur. - CaveCaenem","og_description":"On retiendra de cette \u00e9dition 2025 de la F\u00eate de la Musique l\u2019inhabituelle chaleur qui semble avoir plong\u00e9 le public, plus clairsem\u00e9 que d\u2019ordinaire, dans ...","og_url":"https:\/\/cavecaenem.fr\/index.php\/2025\/06\/22\/fdlm-2025-entre-chaleur-et-torpeur\/","og_site_name":"CaveCaenem","article_published_time":"2025-06-22T10:00:57+00:00","article_modified_time":"2025-06-22T10:00:58+00:00","og_image":[{"width":1920,"height":2560,"url":"https:\/\/cavecaenem.fr\/wp-content\/uploads\/2025\/06\/fdlm-2025-scaled.jpg","type":"image\/jpeg"}],"twitter_card":"summary_large_image","twitter_misc":{"\u00c9crit par":"Ren\u00e9 Fix","Dur\u00e9e de lecture estim\u00e9e":"5 minutes"},"schema":{"@context":"https:\/\/schema.org","@graph":[{"@type":"WebSite","@id":"https:\/\/cavecaenem.fr\/#website","url":"https:\/\/cavecaenem.fr\/","name":"CaveCaenem","description":"L\u2019actualit\u00e9 caennaise en toute subjectivit\u00e9.","publisher":{"@id":"https:\/\/cavecaenem.fr\/#\/schema\/person\/8adecaca43e137acf11e776d28d1e734"},"potentialAction":[{"@type":"SearchAction","target":{"@type":"EntryPoint","urlTemplate":"https:\/\/cavecaenem.fr\/?s={search_term_string}"},"query-input":"required name=search_term_string"}],"inLanguage":"fr-FR"},{"@type":"ImageObject","@id":"https:\/\/cavecaenem.fr\/index.php\/2025\/06\/22\/fdlm-2025-entre-chaleur-et-torpeur\/#primaryimage","inLanguage":"fr-FR","url":"https:\/\/cavecaenem.fr\/wp-content\/uploads\/2025\/06\/fdlm-2025-scaled.jpg","contentUrl":"https:\/\/cavecaenem.fr\/wp-content\/uploads\/2025\/06\/fdlm-2025-scaled.jpg","width":1920,"height":2560},{"@type":"WebPage","@id":"https:\/\/cavecaenem.fr\/index.php\/2025\/06\/22\/fdlm-2025-entre-chaleur-et-torpeur\/#webpage","url":"https:\/\/cavecaenem.fr\/index.php\/2025\/06\/22\/fdlm-2025-entre-chaleur-et-torpeur\/","name":"FDLM 2025, entre chaleur et torpeur. - CaveCaenem","isPartOf":{"@id":"https:\/\/cavecaenem.fr\/#website"},"primaryImageOfPage":{"@id":"https:\/\/cavecaenem.fr\/index.php\/2025\/06\/22\/fdlm-2025-entre-chaleur-et-torpeur\/#primaryimage"},"datePublished":"2025-06-22T10:00:57+00:00","dateModified":"2025-06-22T10:00:58+00:00","breadcrumb":{"@id":"https:\/\/cavecaenem.fr\/index.php\/2025\/06\/22\/fdlm-2025-entre-chaleur-et-torpeur\/#breadcrumb"},"inLanguage":"fr-FR","potentialAction":[{"@type":"ReadAction","target":["https:\/\/cavecaenem.fr\/index.php\/2025\/06\/22\/fdlm-2025-entre-chaleur-et-torpeur\/"]}]},{"@type":"BreadcrumbList","@id":"https:\/\/cavecaenem.fr\/index.php\/2025\/06\/22\/fdlm-2025-entre-chaleur-et-torpeur\/#breadcrumb","itemListElement":[{"@type":"ListItem","position":1,"name":"Accueil","item":"https:\/\/cavecaenem.fr\/"},{"@type":"ListItem","position":2,"name":"FDLM 2025, entre chaleur et torpeur."}]},{"@type":"Article","@id":"https:\/\/cavecaenem.fr\/index.php\/2025\/06\/22\/fdlm-2025-entre-chaleur-et-torpeur\/#article","isPartOf":{"@id":"https:\/\/cavecaenem.fr\/index.php\/2025\/06\/22\/fdlm-2025-entre-chaleur-et-torpeur\/#webpage"},"author":{"@id":"https:\/\/cavecaenem.fr\/#\/schema\/person\/8adecaca43e137acf11e776d28d1e734"},"headline":"FDLM 2025, entre chaleur et torpeur.","datePublished":"2025-06-22T10:00:57+00:00","dateModified":"2025-06-22T10:00:58+00:00","mainEntityOfPage":{"@id":"https:\/\/cavecaenem.fr\/index.php\/2025\/06\/22\/fdlm-2025-entre-chaleur-et-torpeur\/#webpage"},"wordCount":1289,"commentCount":0,"publisher":{"@id":"https:\/\/cavecaenem.fr\/#\/schema\/person\/8adecaca43e137acf11e776d28d1e734"},"image":{"@id":"https:\/\/cavecaenem.fr\/index.php\/2025\/06\/22\/fdlm-2025-entre-chaleur-et-torpeur\/#primaryimage"},"thumbnailUrl":"https:\/\/cavecaenem.fr\/wp-content\/uploads\/2025\/06\/fdlm-2025-scaled.jpg","articleSection":["La Nuit"],"inLanguage":"fr-FR","potentialAction":[{"@type":"CommentAction","name":"Comment","target":["https:\/\/cavecaenem.fr\/index.php\/2025\/06\/22\/fdlm-2025-entre-chaleur-et-torpeur\/#respond"]}]},{"@type":["Person","Organization"],"@id":"https:\/\/cavecaenem.fr\/#\/schema\/person\/8adecaca43e137acf11e776d28d1e734","name":"Ren\u00e9 Fix","image":{"@type":"ImageObject","@id":"https:\/\/cavecaenem.fr\/#personlogo","inLanguage":"fr-FR","url":"https:\/\/secure.gravatar.com\/avatar\/b49591d8c60f351185d7719fe6f34144?s=96&d=mm&r=g","contentUrl":"https:\/\/secure.gravatar.com\/avatar\/b49591d8c60f351185d7719fe6f34144?s=96&d=mm&r=g","caption":"Ren\u00e9 Fix"},"logo":{"@id":"https:\/\/cavecaenem.fr\/#personlogo"}}]}},"jetpack_featured_media_url":"https:\/\/cavecaenem.fr\/wp-content\/uploads\/2025\/06\/fdlm-2025-scaled.jpg","_links":{"self":[{"href":"https:\/\/cavecaenem.fr\/index.php\/wp-json\/wp\/v2\/posts\/1089"}],"collection":[{"href":"https:\/\/cavecaenem.fr\/index.php\/wp-json\/wp\/v2\/posts"}],"about":[{"href":"https:\/\/cavecaenem.fr\/index.php\/wp-json\/wp\/v2\/types\/post"}],"author":[{"embeddable":true,"href":"https:\/\/cavecaenem.fr\/index.php\/wp-json\/wp\/v2\/users\/1"}],"replies":[{"embeddable":true,"href":"https:\/\/cavecaenem.fr\/index.php\/wp-json\/wp\/v2\/comments?post=1089"}],"version-history":[{"count":1,"href":"https:\/\/cavecaenem.fr\/index.php\/wp-json\/wp\/v2\/posts\/1089\/revisions"}],"predecessor-version":[{"id":1091,"href":"https:\/\/cavecaenem.fr\/index.php\/wp-json\/wp\/v2\/posts\/1089\/revisions\/1091"}],"wp:featuredmedia":[{"embeddable":true,"href":"https:\/\/cavecaenem.fr\/index.php\/wp-json\/wp\/v2\/media\/1090"}],"wp:attachment":[{"href":"https:\/\/cavecaenem.fr\/index.php\/wp-json\/wp\/v2\/media?parent=1089"}],"wp:term":[{"taxonomy":"category","embeddable":true,"href":"https:\/\/cavecaenem.fr\/index.php\/wp-json\/wp\/v2\/categories?post=1089"},{"taxonomy":"post_tag","embeddable":true,"href":"https:\/\/cavecaenem.fr\/index.php\/wp-json\/wp\/v2\/tags?post=1089"}],"curies":[{"name":"wp","href":"https:\/\/api.w.org\/{rel}","templated":true}]}}