{"id":1101,"date":"2025-08-28T09:55:14","date_gmt":"2025-08-28T07:55:14","guid":{"rendered":"https:\/\/cavecaenem.fr\/?p=1101"},"modified":"2025-08-28T09:55:15","modified_gmt":"2025-08-28T07:55:15","slug":"electropen-2025-une-fete-de-famille","status":"publish","type":"post","link":"https:\/\/cavecaenem.fr\/index.php\/2025\/08\/28\/electropen-2025-une-fete-de-famille\/","title":{"rendered":"Electr\u2019Open 2025 : une f\u00eate de famille ?"},"content":{"rendered":"\n<p>Julien Gaumont (Les Vagues Electro) pr\u00e9sente son festival.<\/p>\n\n\n\n<p>Mine de rien, en cette rentr\u00e9e 2025, on assiste \u00e0 quelques petits bouleversements qui risquent de redistribuer les cartes de la sc\u00e8ne electro (bas) normande. Hier, j\u2019apprenais la cr\u00e9ation, le 10 janvier prochain, d\u2019une version hivernale de l\u2019Eskape festival.&nbsp; Dj Maissouille et sa bande attaque frontalement et sur son propre terrain le Skoll, en reprenant jusqu\u2019au terme m\u00eame de Winter festival : une guerre \u201chard\u201d en perspective\u2026.<\/p>\n\n\n\n<p>Sur un terrain bien plus diplomatique Julien Gaumont ( aka Ckurt et fondateur des Vagues Electro) se lance dans un projet cons\u00e9quent avec Electr\u2019Open 2025. Une premi\u00e8re \u00e9dition donc pour un projet qui, de l\u2019aveu m\u00eame de son cr\u00e9ateur, est destin\u00e9 \u00e0 s\u2019installer dans le temps.&nbsp;<\/p>\n\n\n\n<p>\u00c0 l\u2019initiative d\u2019Electr\u2019open, les Vagues Electro donc, un collectif cr\u00e9\u00e9 en 2019 et qui, depuis, lance chaque \u00e9t\u00e9 une tourn\u00e9e sur les plages normandes tout en d\u00e9veloppant des temps forts autour des musiques \u00e9lectroniques au long de l\u2019ann\u00e9e ( Electro Fort). L\u2019activisme militant de Julien Gaumont s\u2019attaque, en cette rentr\u00e9e 2025, \u00e0 donner au petit monde de l\u2019electro local une visibilit\u00e9 nouvelle, histoire de montrer les forces ( et les faiblesses ?) de cette sc\u00e8ne locale si riche en artistes mais incapable, pour l\u2019instant, de s\u2019\u00e9riger en \u201cphare\u201d r\u00e9gional ou national.<\/p>\n\n\n\n<p>Le 13 septembre, le ch\u00e2teau de Maltot ( pr\u00e8s de Caen) et le centre de formation (MFR) qu\u2019il h\u00e9berge accueilleront la fine fleur des djs locaux dans une volont\u00e9 f\u00e9d\u00e9ratrice affich\u00e9e et revendiqu\u00e9e. Pens\u00e9 comme une v\u00e9ritable carte de visite de la sc\u00e8ne electro caennaise, l\u2019Electr\u2019open festival annonce la pr\u00e9sence active de 13 collectifs, autant dire l\u2019int\u00e9gralit\u00e9 des forces musicales du&nbsp; terrain. Pour un peu, on dirait presque un manifeste politique mais Julien Gaumont se garde bien de toute r\u00e9cup\u00e9ration, en insistant avant tout sur la dimension artistique du festival.<\/p>\n\n\n\n<p>Pour recevoir ce \u201cpetit\u201d monde, il faudra bien trois sc\u00e8nes et pr\u00e8s de 24 heures de musique. De 12 \u00e0 22h, le 13 septembre, c\u2019est \u00e0 l&#8217;ext\u00e9rieur que \u00e7a se passe avec deux sc\u00e8nes en plein air ( Castle Stage et House Stage) puis, \u00e0 partir de 23 heures et jusqu&#8217;au lendemain 10h, \u00e0 l\u2019int\u00e9rieur, une sc\u00e8ne Warehouse. Apr\u00e8s trois Electro Fort au ch\u00e2teau de Creully, les Vagues Electro persistent dans l\u2019occupation amicale de nos enceintes historiques et c\u2019est \u00e0 la demande m\u00eame de la MFR que r\u00e9pond cette nouvelle initiative.<\/p>\n\n\n\n<p>Comme dans toutes les familles, il y aura&nbsp; les \u201canciens\u201d : Mad brains, Oiz, Les villageois, No One like Us et derri\u00e8re eux des collectifs install\u00e9s ou r\u00e9cents : Psybox, collectif Culott\u00e9, Swump, My Music Family (MMF), Pandora Sun system, Fantasii, Mirage et Hyperdrive\u2026. Il ne manque que Senary, bien occup\u00e9 par Chroma le m\u00eame jour mais solidaire du projet.&nbsp;<\/p>\n\n\n\n<p>Avec un tel foisonnement, inutile de dire que les principales facettes des musiques \u00e9lectroniques seront pr\u00e9sentes, de quoi ravir les oreilles des amateurs de house, les aficionados de la techno ou les \u201cguerriers\u201d de la sc\u00e8ne hard. On peut rester dubitatif devant un tel oecum\u00e9nisme artistique mais il faut faire confiance aux organisateurs pour g\u00e9rer un line-up coh\u00e9rent, \u00e0 m\u00eame de g\u00e9rer harmonieusement les passages de genre et de style. Au-del\u00e0 de la belle photo de famille, il faut esp\u00e9rer que cette initiative pr\u00e9figure une prise de conscience collective de la n\u00e9cessit\u00e9 d\u2019organiser une \u201cparole\u201d unie.&nbsp;<\/p>\n\n\n\n<p>Lors de mon entretien avec Julien Gaumont, ce dernier ne cesse de revendiquer un message d\u2019ind\u00e9pendance \u00e0 la fois financi\u00e8re et institutionnelle. Le soutien technique de la ville de Maltot et de la MFR vient compl\u00e9ter un financement assur\u00e9 exclusivement par les fonds propres de l\u2019association les Plages Electro qui g\u00e8re \u2026 les Vagues Electro. Pour Gaumont, ce montage financier est le gage indispensable d\u2019une ind\u00e9pendance artistique et un moyen, subtil et d\u00e9licat, de dire aux r\u00e9gisseurs culturels r\u00e9gionaux : on peut ( on doit ?) faire sans vous !&nbsp;&nbsp;<\/p>\n\n\n\n<p>&#8220;Avec Electr&#8217;Open, nous voulons cr\u00e9er un \u00e9v\u00e9nement qui refl\u00e8te la diversit\u00e9 et la vitalit\u00e9 de<\/p>\n\n\n\n<p>la sc\u00e8ne \u00e9lectro caennaise, tout en la rendant accessible au plus grand nombre&#8221;, explique<\/p>\n\n\n\n<p>Julien Gaumont, directeur du festival dans son dossier de presse. Sans \u00eatre n\u00e9cessairement pol\u00e9mique, on ne peut que regretter ou constater qu\u2019une telle d\u00e9marche ne fasse pas l\u2019objet d\u2019une priorit\u00e9 chez des acteurs culturels missionn\u00e9s pour cela. Le temps d\u2019une premi\u00e8re \u00e9dition, on pourra donc juger sur \u201cpi\u00e8ce\u201d l\u2019existence d\u2019une sc\u00e8ne electro caennaise et rien que pour cet objectif&nbsp; la d\u00e9marche est \u00e0 saluer et \u00e0 soutenir.&nbsp; Pour qui conna\u00eet un peu les coulisses de cette \u201csc\u00e8ne\u201d locale, on sait bien que, comme dans toute famille, la situation r\u00e9elle est complexe, fragment\u00e9e et parfois tendue. En devenant en quelque sorte le \u201ch\u00e9raut\u201d de cette sc\u00e8ne, les Vagues Electro occupent, de fait, un cr\u00e9neau strat\u00e9gique, entre manifeste artistique et vitrine \u2026<\/p>\n\n\n\n<p>On le sait, le \u201cclubber\u201d caennais rechigne tr\u00e8s souvent \u00e0 sortir du centre-ville, par confort et par s\u00e9curit\u00e9 ( ah la f\u00eate et ses \u00e9vasions chimico-\u00e9thyliques\u2026). Electr\u2019open semble avoir tout pr\u00e9vu avec des navettes depuis Caen toutes les 45 minutes \u00e0 6 euros et, sur place, les spectateurs retrouveront les prestations dignes d\u2019un \u00e9v\u00e9nement de cette ampleur : buvette, animations, parking, food trucks : de quoi assurer donc !&nbsp;<\/p>\n\n\n\n<p>Une nouvelle visibilit\u00e9 pour la sc\u00e8ne Electro locale qui en a tant besoin. Ce n\u2019est qu\u2019avec des \u00e9v\u00e9nements ambitieux que cette derni\u00e8re parviendra \u00e0 faire sortir de son vivier des artistes pour leur donner une audience plus large. Face \u00e0 cette question de la reconnaissance, Julien gaumont botte un peu en touche, en pr\u00e9cisant qu\u2019\u00e0 ses yeux un artiste, aujourd\u2019hui, cr\u00e9ait principalement sa notori\u00e9t\u00e9 sur les r\u00e9seaux. Mais, au-del\u00e0 des risques m\u00eame de formatage inh\u00e9rent \u00e0 cette pratique, il reste \u00e0 trouver, cr\u00e9er ou accompagner des lieux prescripteurs et propres \u00e0 \u201clabelliser\u201d aupr\u00e8s des amateurs actifs des artistes qui ne sont pas que des artistes de chambre ou de studio. La raison d\u2019\u00eatre initiale de la plupart des musiques dites \u00e9lectroniques r\u00e9sulte avant tout d\u2019un dialogue entre les djs et le public,&nbsp; c\u2019est une musique vivante, live, qui ne peut s\u2019\u00e9panouir que dans des cadres qui lui sont destin\u00e9s. \u00c0 sa fa\u00e7on, Electr\u2019open pose une premi\u00e8re pierre dans ce n\u00e9cessaire combat de l\u00e9gitimation et de reconnaissance. Aux acteurs locaux, pr\u00e9sents \u00e0 Maltot ( ou pas), au public d\u2019accompagner cette dynamique pour rappeler que cette musique est une des expressions culturelles majeures de notre \u00e9poque.&nbsp;<\/p>\n\n\n\n<p><a href=\"https:\/\/www.helloasso.com\/associations\/les-plages-electro\/evenements\/electr-open-festival-2025\">https:\/\/www.helloasso.com\/associations\/les-plages-electro\/evenements\/electr-open-festival-2025<\/a><\/p>\n\n\n\n<p><\/p>\n","protected":false},"excerpt":{"rendered":"<p>Julien Gaumont (Les Vagues Electro) pr\u00e9sente son festival. Mine de rien, en cette rentr\u00e9e 2025, on assiste \u00e0 quelques petits bouleversements qui risquent de redistribuer &#8230;<\/p>\n","protected":false},"author":1,"featured_media":1102,"comment_status":"open","ping_status":"open","sticky":false,"template":"","format":"standard","meta":{"spay_email":""},"categories":[1],"tags":[],"yoast_head":"<!-- This site is optimized with the Yoast SEO plugin v17.7.1 - https:\/\/yoast.com\/wordpress\/plugins\/seo\/ -->\n<title>Electr\u2019Open 2025 : une f\u00eate de famille ? - CaveCaenem<\/title>\n<meta name=\"robots\" content=\"index, follow, max-snippet:-1, max-image-preview:large, max-video-preview:-1\" \/>\n<link rel=\"canonical\" href=\"https:\/\/cavecaenem.fr\/index.php\/2025\/08\/28\/electropen-2025-une-fete-de-famille\/\" \/>\n<meta property=\"og:locale\" content=\"fr_FR\" \/>\n<meta property=\"og:type\" content=\"article\" \/>\n<meta property=\"og:title\" content=\"Electr\u2019Open 2025 : une f\u00eate de famille ? - CaveCaenem\" \/>\n<meta property=\"og:description\" content=\"Julien Gaumont (Les Vagues Electro) pr\u00e9sente son festival. Mine de rien, en cette rentr\u00e9e 2025, on assiste \u00e0 quelques petits bouleversements qui risquent de redistribuer ...\" \/>\n<meta property=\"og:url\" content=\"https:\/\/cavecaenem.fr\/index.php\/2025\/08\/28\/electropen-2025-une-fete-de-famille\/\" \/>\n<meta property=\"og:site_name\" content=\"CaveCaenem\" \/>\n<meta property=\"article:published_time\" content=\"2025-08-28T07:55:14+00:00\" \/>\n<meta property=\"article:modified_time\" content=\"2025-08-28T07:55:15+00:00\" \/>\n<meta property=\"og:image\" content=\"https:\/\/cavecaenem.fr\/wp-content\/uploads\/2025\/08\/Banniere-scaled.jpg\" \/>\n\t<meta property=\"og:image:width\" content=\"2560\" \/>\n\t<meta property=\"og:image:height\" content=\"1153\" \/>\n<meta name=\"twitter:card\" content=\"summary_large_image\" \/>\n<meta name=\"twitter:label1\" content=\"\u00c9crit par\" \/>\n\t<meta name=\"twitter:data1\" content=\"Ren\u00e9 Fix\" \/>\n\t<meta name=\"twitter:label2\" content=\"Dur\u00e9e de lecture estim\u00e9e\" \/>\n\t<meta name=\"twitter:data2\" content=\"5 minutes\" \/>\n<script type=\"application\/ld+json\" class=\"yoast-schema-graph\">{\"@context\":\"https:\/\/schema.org\",\"@graph\":[{\"@type\":\"WebSite\",\"@id\":\"https:\/\/cavecaenem.fr\/#website\",\"url\":\"https:\/\/cavecaenem.fr\/\",\"name\":\"CaveCaenem\",\"description\":\"L\\u2019actualit\\u00e9 caennaise en toute subjectivit\\u00e9.\",\"publisher\":{\"@id\":\"https:\/\/cavecaenem.fr\/#\/schema\/person\/8adecaca43e137acf11e776d28d1e734\"},\"potentialAction\":[{\"@type\":\"SearchAction\",\"target\":{\"@type\":\"EntryPoint\",\"urlTemplate\":\"https:\/\/cavecaenem.fr\/?s={search_term_string}\"},\"query-input\":\"required name=search_term_string\"}],\"inLanguage\":\"fr-FR\"},{\"@type\":\"ImageObject\",\"@id\":\"https:\/\/cavecaenem.fr\/index.php\/2025\/08\/28\/electropen-2025-une-fete-de-famille\/#primaryimage\",\"inLanguage\":\"fr-FR\",\"url\":\"https:\/\/cavecaenem.fr\/wp-content\/uploads\/2025\/08\/Banniere-scaled.jpg\",\"contentUrl\":\"https:\/\/cavecaenem.fr\/wp-content\/uploads\/2025\/08\/Banniere-scaled.jpg\",\"width\":2560,\"height\":1153},{\"@type\":\"WebPage\",\"@id\":\"https:\/\/cavecaenem.fr\/index.php\/2025\/08\/28\/electropen-2025-une-fete-de-famille\/#webpage\",\"url\":\"https:\/\/cavecaenem.fr\/index.php\/2025\/08\/28\/electropen-2025-une-fete-de-famille\/\",\"name\":\"Electr\\u2019Open 2025 : une f\\u00eate de famille ? - CaveCaenem\",\"isPartOf\":{\"@id\":\"https:\/\/cavecaenem.fr\/#website\"},\"primaryImageOfPage\":{\"@id\":\"https:\/\/cavecaenem.fr\/index.php\/2025\/08\/28\/electropen-2025-une-fete-de-famille\/#primaryimage\"},\"datePublished\":\"2025-08-28T07:55:14+00:00\",\"dateModified\":\"2025-08-28T07:55:15+00:00\",\"breadcrumb\":{\"@id\":\"https:\/\/cavecaenem.fr\/index.php\/2025\/08\/28\/electropen-2025-une-fete-de-famille\/#breadcrumb\"},\"inLanguage\":\"fr-FR\",\"potentialAction\":[{\"@type\":\"ReadAction\",\"target\":[\"https:\/\/cavecaenem.fr\/index.php\/2025\/08\/28\/electropen-2025-une-fete-de-famille\/\"]}]},{\"@type\":\"BreadcrumbList\",\"@id\":\"https:\/\/cavecaenem.fr\/index.php\/2025\/08\/28\/electropen-2025-une-fete-de-famille\/#breadcrumb\",\"itemListElement\":[{\"@type\":\"ListItem\",\"position\":1,\"name\":\"Accueil\",\"item\":\"https:\/\/cavecaenem.fr\/\"},{\"@type\":\"ListItem\",\"position\":2,\"name\":\"Electr\\u2019Open 2025 : une f\\u00eate de famille ?\"}]},{\"@type\":\"Article\",\"@id\":\"https:\/\/cavecaenem.fr\/index.php\/2025\/08\/28\/electropen-2025-une-fete-de-famille\/#article\",\"isPartOf\":{\"@id\":\"https:\/\/cavecaenem.fr\/index.php\/2025\/08\/28\/electropen-2025-une-fete-de-famille\/#webpage\"},\"author\":{\"@id\":\"https:\/\/cavecaenem.fr\/#\/schema\/person\/8adecaca43e137acf11e776d28d1e734\"},\"headline\":\"Electr\\u2019Open 2025 : une f\\u00eate de famille ?\",\"datePublished\":\"2025-08-28T07:55:14+00:00\",\"dateModified\":\"2025-08-28T07:55:15+00:00\",\"mainEntityOfPage\":{\"@id\":\"https:\/\/cavecaenem.fr\/index.php\/2025\/08\/28\/electropen-2025-une-fete-de-famille\/#webpage\"},\"wordCount\":1173,\"commentCount\":0,\"publisher\":{\"@id\":\"https:\/\/cavecaenem.fr\/#\/schema\/person\/8adecaca43e137acf11e776d28d1e734\"},\"image\":{\"@id\":\"https:\/\/cavecaenem.fr\/index.php\/2025\/08\/28\/electropen-2025-une-fete-de-famille\/#primaryimage\"},\"thumbnailUrl\":\"https:\/\/cavecaenem.fr\/wp-content\/uploads\/2025\/08\/Banniere-scaled.jpg\",\"articleSection\":[\"La Nuit\"],\"inLanguage\":\"fr-FR\",\"potentialAction\":[{\"@type\":\"CommentAction\",\"name\":\"Comment\",\"target\":[\"https:\/\/cavecaenem.fr\/index.php\/2025\/08\/28\/electropen-2025-une-fete-de-famille\/#respond\"]}]},{\"@type\":[\"Person\",\"Organization\"],\"@id\":\"https:\/\/cavecaenem.fr\/#\/schema\/person\/8adecaca43e137acf11e776d28d1e734\",\"name\":\"Ren\\u00e9 Fix\",\"image\":{\"@type\":\"ImageObject\",\"@id\":\"https:\/\/cavecaenem.fr\/#personlogo\",\"inLanguage\":\"fr-FR\",\"url\":\"https:\/\/secure.gravatar.com\/avatar\/b49591d8c60f351185d7719fe6f34144?s=96&d=mm&r=g\",\"contentUrl\":\"https:\/\/secure.gravatar.com\/avatar\/b49591d8c60f351185d7719fe6f34144?s=96&d=mm&r=g\",\"caption\":\"Ren\\u00e9 Fix\"},\"logo\":{\"@id\":\"https:\/\/cavecaenem.fr\/#personlogo\"}}]}<\/script>\n<!-- \/ Yoast SEO plugin. -->","yoast_head_json":{"title":"Electr\u2019Open 2025 : une f\u00eate de famille ? - CaveCaenem","robots":{"index":"index","follow":"follow","max-snippet":"max-snippet:-1","max-image-preview":"max-image-preview:large","max-video-preview":"max-video-preview:-1"},"canonical":"https:\/\/cavecaenem.fr\/index.php\/2025\/08\/28\/electropen-2025-une-fete-de-famille\/","og_locale":"fr_FR","og_type":"article","og_title":"Electr\u2019Open 2025 : une f\u00eate de famille ? - CaveCaenem","og_description":"Julien Gaumont (Les Vagues Electro) pr\u00e9sente son festival. Mine de rien, en cette rentr\u00e9e 2025, on assiste \u00e0 quelques petits bouleversements qui risquent de redistribuer ...","og_url":"https:\/\/cavecaenem.fr\/index.php\/2025\/08\/28\/electropen-2025-une-fete-de-famille\/","og_site_name":"CaveCaenem","article_published_time":"2025-08-28T07:55:14+00:00","article_modified_time":"2025-08-28T07:55:15+00:00","og_image":[{"width":2560,"height":1153,"url":"https:\/\/cavecaenem.fr\/wp-content\/uploads\/2025\/08\/Banniere-scaled.jpg","type":"image\/jpeg"}],"twitter_card":"summary_large_image","twitter_misc":{"\u00c9crit par":"Ren\u00e9 Fix","Dur\u00e9e de lecture estim\u00e9e":"5 minutes"},"schema":{"@context":"https:\/\/schema.org","@graph":[{"@type":"WebSite","@id":"https:\/\/cavecaenem.fr\/#website","url":"https:\/\/cavecaenem.fr\/","name":"CaveCaenem","description":"L\u2019actualit\u00e9 caennaise en toute subjectivit\u00e9.","publisher":{"@id":"https:\/\/cavecaenem.fr\/#\/schema\/person\/8adecaca43e137acf11e776d28d1e734"},"potentialAction":[{"@type":"SearchAction","target":{"@type":"EntryPoint","urlTemplate":"https:\/\/cavecaenem.fr\/?s={search_term_string}"},"query-input":"required name=search_term_string"}],"inLanguage":"fr-FR"},{"@type":"ImageObject","@id":"https:\/\/cavecaenem.fr\/index.php\/2025\/08\/28\/electropen-2025-une-fete-de-famille\/#primaryimage","inLanguage":"fr-FR","url":"https:\/\/cavecaenem.fr\/wp-content\/uploads\/2025\/08\/Banniere-scaled.jpg","contentUrl":"https:\/\/cavecaenem.fr\/wp-content\/uploads\/2025\/08\/Banniere-scaled.jpg","width":2560,"height":1153},{"@type":"WebPage","@id":"https:\/\/cavecaenem.fr\/index.php\/2025\/08\/28\/electropen-2025-une-fete-de-famille\/#webpage","url":"https:\/\/cavecaenem.fr\/index.php\/2025\/08\/28\/electropen-2025-une-fete-de-famille\/","name":"Electr\u2019Open 2025 : une f\u00eate de famille ? - CaveCaenem","isPartOf":{"@id":"https:\/\/cavecaenem.fr\/#website"},"primaryImageOfPage":{"@id":"https:\/\/cavecaenem.fr\/index.php\/2025\/08\/28\/electropen-2025-une-fete-de-famille\/#primaryimage"},"datePublished":"2025-08-28T07:55:14+00:00","dateModified":"2025-08-28T07:55:15+00:00","breadcrumb":{"@id":"https:\/\/cavecaenem.fr\/index.php\/2025\/08\/28\/electropen-2025-une-fete-de-famille\/#breadcrumb"},"inLanguage":"fr-FR","potentialAction":[{"@type":"ReadAction","target":["https:\/\/cavecaenem.fr\/index.php\/2025\/08\/28\/electropen-2025-une-fete-de-famille\/"]}]},{"@type":"BreadcrumbList","@id":"https:\/\/cavecaenem.fr\/index.php\/2025\/08\/28\/electropen-2025-une-fete-de-famille\/#breadcrumb","itemListElement":[{"@type":"ListItem","position":1,"name":"Accueil","item":"https:\/\/cavecaenem.fr\/"},{"@type":"ListItem","position":2,"name":"Electr\u2019Open 2025 : une f\u00eate de famille ?"}]},{"@type":"Article","@id":"https:\/\/cavecaenem.fr\/index.php\/2025\/08\/28\/electropen-2025-une-fete-de-famille\/#article","isPartOf":{"@id":"https:\/\/cavecaenem.fr\/index.php\/2025\/08\/28\/electropen-2025-une-fete-de-famille\/#webpage"},"author":{"@id":"https:\/\/cavecaenem.fr\/#\/schema\/person\/8adecaca43e137acf11e776d28d1e734"},"headline":"Electr\u2019Open 2025 : une f\u00eate de famille ?","datePublished":"2025-08-28T07:55:14+00:00","dateModified":"2025-08-28T07:55:15+00:00","mainEntityOfPage":{"@id":"https:\/\/cavecaenem.fr\/index.php\/2025\/08\/28\/electropen-2025-une-fete-de-famille\/#webpage"},"wordCount":1173,"commentCount":0,"publisher":{"@id":"https:\/\/cavecaenem.fr\/#\/schema\/person\/8adecaca43e137acf11e776d28d1e734"},"image":{"@id":"https:\/\/cavecaenem.fr\/index.php\/2025\/08\/28\/electropen-2025-une-fete-de-famille\/#primaryimage"},"thumbnailUrl":"https:\/\/cavecaenem.fr\/wp-content\/uploads\/2025\/08\/Banniere-scaled.jpg","articleSection":["La Nuit"],"inLanguage":"fr-FR","potentialAction":[{"@type":"CommentAction","name":"Comment","target":["https:\/\/cavecaenem.fr\/index.php\/2025\/08\/28\/electropen-2025-une-fete-de-famille\/#respond"]}]},{"@type":["Person","Organization"],"@id":"https:\/\/cavecaenem.fr\/#\/schema\/person\/8adecaca43e137acf11e776d28d1e734","name":"Ren\u00e9 Fix","image":{"@type":"ImageObject","@id":"https:\/\/cavecaenem.fr\/#personlogo","inLanguage":"fr-FR","url":"https:\/\/secure.gravatar.com\/avatar\/b49591d8c60f351185d7719fe6f34144?s=96&d=mm&r=g","contentUrl":"https:\/\/secure.gravatar.com\/avatar\/b49591d8c60f351185d7719fe6f34144?s=96&d=mm&r=g","caption":"Ren\u00e9 Fix"},"logo":{"@id":"https:\/\/cavecaenem.fr\/#personlogo"}}]}},"jetpack_featured_media_url":"https:\/\/cavecaenem.fr\/wp-content\/uploads\/2025\/08\/Banniere-scaled.jpg","_links":{"self":[{"href":"https:\/\/cavecaenem.fr\/index.php\/wp-json\/wp\/v2\/posts\/1101"}],"collection":[{"href":"https:\/\/cavecaenem.fr\/index.php\/wp-json\/wp\/v2\/posts"}],"about":[{"href":"https:\/\/cavecaenem.fr\/index.php\/wp-json\/wp\/v2\/types\/post"}],"author":[{"embeddable":true,"href":"https:\/\/cavecaenem.fr\/index.php\/wp-json\/wp\/v2\/users\/1"}],"replies":[{"embeddable":true,"href":"https:\/\/cavecaenem.fr\/index.php\/wp-json\/wp\/v2\/comments?post=1101"}],"version-history":[{"count":1,"href":"https:\/\/cavecaenem.fr\/index.php\/wp-json\/wp\/v2\/posts\/1101\/revisions"}],"predecessor-version":[{"id":1103,"href":"https:\/\/cavecaenem.fr\/index.php\/wp-json\/wp\/v2\/posts\/1101\/revisions\/1103"}],"wp:featuredmedia":[{"embeddable":true,"href":"https:\/\/cavecaenem.fr\/index.php\/wp-json\/wp\/v2\/media\/1102"}],"wp:attachment":[{"href":"https:\/\/cavecaenem.fr\/index.php\/wp-json\/wp\/v2\/media?parent=1101"}],"wp:term":[{"taxonomy":"category","embeddable":true,"href":"https:\/\/cavecaenem.fr\/index.php\/wp-json\/wp\/v2\/categories?post=1101"},{"taxonomy":"post_tag","embeddable":true,"href":"https:\/\/cavecaenem.fr\/index.php\/wp-json\/wp\/v2\/tags?post=1101"}],"curies":[{"name":"wp","href":"https:\/\/api.w.org\/{rel}","templated":true}]}}