{"id":1110,"date":"2025-09-07T16:57:40","date_gmt":"2025-09-07T14:57:40","guid":{"rendered":"https:\/\/cavecaenem.fr\/?p=1110"},"modified":"2025-09-07T16:57:41","modified_gmt":"2025-09-07T14:57:41","slug":"guinguette-electro-4-vitale","status":"publish","type":"post","link":"https:\/\/cavecaenem.fr\/index.php\/2025\/09\/07\/guinguette-electro-4-vitale\/","title":{"rendered":"Guinguette \u00e9lectro #4 : vitale !"},"content":{"rendered":"\n<p>La m\u00e9t\u00e9o exceptionnelle de ce 6 septembre n\u2019explique pas, \u00e0 elle seule, l\u2019\u00e9norme succ\u00e8s de cette 4\u00e8me guinguette \u00e9lectro. Le \u00ab&nbsp;spot&nbsp;\u00bb est d\u00e9sormais install\u00e9 et il faut dire que cette petite clairi\u00e8re qui se d\u00e9voile apr\u00e8s un rapide parcours dans le bois du Biez de Mondeville se r\u00e9v\u00e8le id\u00e9ale pour la manifestation parfaitement organis\u00e9e par le collectif Senary : une sc\u00e8ne pour fermer l\u2019espace et autour, en fer \u00e0 cheval, deux bars et des stands divers. En face de la sc\u00e8ne, apr\u00e8s le dancefloor, un espace-Chill richement pourvu en transats. Mais il ne faut pas passer sous silence la cr\u00e9ature qui nous accueille. Con\u00e7ue par Marc Hariau, une \u00e9trange statue sur son pilotis sert d\u2019in\u00e9vitable point de rencontre et on sent bien qu\u2019elle est en passe de devenir le symbole m\u00eame de cette guinguette tant elle sera \u00ab&nbsp;shoot\u00e9e&nbsp;\u00bb toute la nuit, soigneusement mise en valeur par un \u00e9clairage soulignant sa puret\u00e9 m\u00e9tallique.&nbsp;<\/p>\n\n\n\n<p>L\u2019expertise d\u2019AudioTech s\u2019entend clairement et la manifestation ( pourtant gratuite) s\u2019installe dans un \u00ab&nbsp;son&nbsp;\u00bb parfaitement projet\u00e9 et \u00e9quilibr\u00e9 qui se fera entendre bien au-del\u00e0 des limites du bois.&nbsp;<\/p>\n\n\n\n<p>Vers 15h30, HCo semble r\u00e9veiller d\u00e9licatement une princesse endormie par de tendres bisous musicaux. La foule n\u2019est pas encore l\u00e0 mais les b\u00e9n\u00e9voles sont tous \u00e0 leurs postes. Des parents passent de l\u2019aire de jeux \u00e0 la piste de danse, des curieux, des promeneurs (du samedi), avec ou sans chien, se laissent surprendre par le discours muscl\u00e9 mais contenu de HCo et on sent bien que \u00e7a va prendre, que ce pari un peu fou au d\u00e9part, celui de bousculer un peu la torpeur de la rentr\u00e9e avec des sons de \u00ab&nbsp;djeunes&nbsp;\u00bb, de cr\u00e9er une guinguette 2.0 tout simplement, est un pari gagnant !<\/p>\n\n\n\n<p>Vers 21h, de retour sur le site, l\u2019ambiance est celle d\u2019un festival qui tourne \u00e0 plein r\u00e9gime. Arriv\u00e9 trop tard pour Seax, j\u2019\u00e9coute d\u2019une oreille concentr\u00e9e les notes parfois un peu trop \u00ab&nbsp;underground&nbsp;\u00bb de Vitaline tout en faisant la queue au cashless. La lune, presque pleine, et cette tr\u00e8s douce temp\u00e9rature de fin d\u2019\u00e9t\u00e9 donnent \u00e0 la soir\u00e9e cette impression rare d\u2019un dernier cadeau. Vitaline, l\u2019artiste invit\u00e9e, se laisse emporter par des audaces break\u00e9es un peu artificielles parfois mais elle parvient \u00e0 maintenir le feu sacr\u00e9 d\u2019un dancefloor qui, avec l\u2019apparition de Lamy et de sa parfois tr\u00e8s sucr\u00e9e s\u00e9lection, semble se confondre avec les plages d\u2019Ibiza. Les teufeurs \u2026 teufent, les clubbers\u2026 clubbent, les fashion-addicts d\u2019Instagram s\u2019immortalisent \u00e0 coup de selfies, des parents font la chenille avec des gosses qui rient aux \u00e9clats, et quelques cheveux gris se d\u00e9hanchent comme \u00e0 leur premi\u00e8re boum ! Toute cette foule, heureuse et comme lib\u00e9r\u00e9e par la musique, fait plaisir \u00e0 voir. Au m\u00eame titre que les cures thermales,&nbsp; la guinguette \u00e9lectro devrait \u00eatre sur toutes les prescriptions \u00ab&nbsp;bien-\u00eatre&nbsp;\u00bb !<\/p>\n\n\n\n<p>Ran\u00e7on du succ\u00e8s incroyable, un premier bar, vers 22h, ferme et le second ne tardera pas \u00e0 faire de m\u00eame. Ce petit et pardonnable faux pas ne parviendra pas \u00e0 aigrir l\u2019ambiance g\u00e9n\u00e9rale ce qui, en soit, est une claque \u00e0 ces mauvais esprits rances qui ne voient, derri\u00e8re \u00ab&nbsp;nos&nbsp;\u00bb musiques, que des pr\u00e9textes \u00e0 la d\u00e9bauche. Apr\u00e8s les aguichantes&nbsp; tentations EDM de Lamy, Marcorel reprend d\u00e9finitivement la main avec sa science de plus en plus aiguis\u00e9e, permettant ainsi au public de repartir avec, dans les oreilles, un nuancier musical plein de charme.<\/p>\n\n\n\n<p>Dans un monde id\u00e9al, une telle guinguette nous serait offerte chaque semaine de notre trop court \u00e9t\u00e9. Dans la banalit\u00e9 de notre quotidien, on ne peut que remercier chaudement Senary de nous offrir un tel moment d\u2019\u00e9vasion po\u00e9tique et musical et si le reste de la saison est \u00e0 l\u2019image de ce formidable prologue, on n\u2019en oubliera pas pour autant la fra\u00eecheur initiale et g\u00e9n\u00e9reuse de cette guinguette, d\u00e9sormais indispensable ou mieux encore\u2026vitale.<\/p>\n","protected":false},"excerpt":{"rendered":"<p>La m\u00e9t\u00e9o exceptionnelle de ce 6 septembre n\u2019explique pas, \u00e0 elle seule, l\u2019\u00e9norme succ\u00e8s de cette 4\u00e8me guinguette \u00e9lectro. Le \u00ab&nbsp;spot&nbsp;\u00bb est d\u00e9sormais install\u00e9 et &#8230;<\/p>\n","protected":false},"author":1,"featured_media":1111,"comment_status":"open","ping_status":"open","sticky":false,"template":"","format":"standard","meta":{"spay_email":""},"categories":[1],"tags":[],"yoast_head":"<!-- This site is optimized with the Yoast SEO plugin v17.7.1 - https:\/\/yoast.com\/wordpress\/plugins\/seo\/ -->\n<title>Guinguette \u00e9lectro #4 : vitale ! - CaveCaenem<\/title>\n<meta name=\"robots\" content=\"index, follow, max-snippet:-1, max-image-preview:large, max-video-preview:-1\" \/>\n<link rel=\"canonical\" href=\"https:\/\/cavecaenem.fr\/index.php\/2025\/09\/07\/guinguette-electro-4-vitale\/\" \/>\n<meta property=\"og:locale\" content=\"fr_FR\" \/>\n<meta property=\"og:type\" content=\"article\" \/>\n<meta property=\"og:title\" content=\"Guinguette \u00e9lectro #4 : vitale ! - CaveCaenem\" \/>\n<meta property=\"og:description\" content=\"La m\u00e9t\u00e9o exceptionnelle de ce 6 septembre n\u2019explique pas, \u00e0 elle seule, l\u2019\u00e9norme succ\u00e8s de cette 4\u00e8me guinguette \u00e9lectro. Le \u00ab&nbsp;spot&nbsp;\u00bb est d\u00e9sormais install\u00e9 et ...\" \/>\n<meta property=\"og:url\" content=\"https:\/\/cavecaenem.fr\/index.php\/2025\/09\/07\/guinguette-electro-4-vitale\/\" \/>\n<meta property=\"og:site_name\" content=\"CaveCaenem\" \/>\n<meta property=\"article:published_time\" content=\"2025-09-07T14:57:40+00:00\" \/>\n<meta property=\"article:modified_time\" content=\"2025-09-07T14:57:41+00:00\" \/>\n<meta property=\"og:image\" content=\"https:\/\/cavecaenem.fr\/wp-content\/uploads\/2025\/09\/gunguette-scaled.jpg\" \/>\n\t<meta property=\"og:image:width\" content=\"1920\" \/>\n\t<meta property=\"og:image:height\" content=\"2560\" \/>\n<meta name=\"twitter:card\" content=\"summary_large_image\" \/>\n<meta name=\"twitter:label1\" content=\"\u00c9crit par\" \/>\n\t<meta name=\"twitter:data1\" content=\"Ren\u00e9 Fix\" \/>\n\t<meta name=\"twitter:label2\" content=\"Dur\u00e9e de lecture estim\u00e9e\" \/>\n\t<meta name=\"twitter:data2\" content=\"3 minutes\" \/>\n<script type=\"application\/ld+json\" class=\"yoast-schema-graph\">{\"@context\":\"https:\/\/schema.org\",\"@graph\":[{\"@type\":\"WebSite\",\"@id\":\"https:\/\/cavecaenem.fr\/#website\",\"url\":\"https:\/\/cavecaenem.fr\/\",\"name\":\"CaveCaenem\",\"description\":\"L\\u2019actualit\\u00e9 caennaise en toute subjectivit\\u00e9.\",\"publisher\":{\"@id\":\"https:\/\/cavecaenem.fr\/#\/schema\/person\/8adecaca43e137acf11e776d28d1e734\"},\"potentialAction\":[{\"@type\":\"SearchAction\",\"target\":{\"@type\":\"EntryPoint\",\"urlTemplate\":\"https:\/\/cavecaenem.fr\/?s={search_term_string}\"},\"query-input\":\"required name=search_term_string\"}],\"inLanguage\":\"fr-FR\"},{\"@type\":\"ImageObject\",\"@id\":\"https:\/\/cavecaenem.fr\/index.php\/2025\/09\/07\/guinguette-electro-4-vitale\/#primaryimage\",\"inLanguage\":\"fr-FR\",\"url\":\"https:\/\/cavecaenem.fr\/wp-content\/uploads\/2025\/09\/gunguette-scaled.jpg\",\"contentUrl\":\"https:\/\/cavecaenem.fr\/wp-content\/uploads\/2025\/09\/gunguette-scaled.jpg\",\"width\":1920,\"height\":2560},{\"@type\":\"WebPage\",\"@id\":\"https:\/\/cavecaenem.fr\/index.php\/2025\/09\/07\/guinguette-electro-4-vitale\/#webpage\",\"url\":\"https:\/\/cavecaenem.fr\/index.php\/2025\/09\/07\/guinguette-electro-4-vitale\/\",\"name\":\"Guinguette \\u00e9lectro #4 : vitale ! - CaveCaenem\",\"isPartOf\":{\"@id\":\"https:\/\/cavecaenem.fr\/#website\"},\"primaryImageOfPage\":{\"@id\":\"https:\/\/cavecaenem.fr\/index.php\/2025\/09\/07\/guinguette-electro-4-vitale\/#primaryimage\"},\"datePublished\":\"2025-09-07T14:57:40+00:00\",\"dateModified\":\"2025-09-07T14:57:41+00:00\",\"breadcrumb\":{\"@id\":\"https:\/\/cavecaenem.fr\/index.php\/2025\/09\/07\/guinguette-electro-4-vitale\/#breadcrumb\"},\"inLanguage\":\"fr-FR\",\"potentialAction\":[{\"@type\":\"ReadAction\",\"target\":[\"https:\/\/cavecaenem.fr\/index.php\/2025\/09\/07\/guinguette-electro-4-vitale\/\"]}]},{\"@type\":\"BreadcrumbList\",\"@id\":\"https:\/\/cavecaenem.fr\/index.php\/2025\/09\/07\/guinguette-electro-4-vitale\/#breadcrumb\",\"itemListElement\":[{\"@type\":\"ListItem\",\"position\":1,\"name\":\"Accueil\",\"item\":\"https:\/\/cavecaenem.fr\/\"},{\"@type\":\"ListItem\",\"position\":2,\"name\":\"Guinguette \\u00e9lectro #4 : vitale !\"}]},{\"@type\":\"Article\",\"@id\":\"https:\/\/cavecaenem.fr\/index.php\/2025\/09\/07\/guinguette-electro-4-vitale\/#article\",\"isPartOf\":{\"@id\":\"https:\/\/cavecaenem.fr\/index.php\/2025\/09\/07\/guinguette-electro-4-vitale\/#webpage\"},\"author\":{\"@id\":\"https:\/\/cavecaenem.fr\/#\/schema\/person\/8adecaca43e137acf11e776d28d1e734\"},\"headline\":\"Guinguette \\u00e9lectro #4 : vitale !\",\"datePublished\":\"2025-09-07T14:57:40+00:00\",\"dateModified\":\"2025-09-07T14:57:41+00:00\",\"mainEntityOfPage\":{\"@id\":\"https:\/\/cavecaenem.fr\/index.php\/2025\/09\/07\/guinguette-electro-4-vitale\/#webpage\"},\"wordCount\":714,\"commentCount\":0,\"publisher\":{\"@id\":\"https:\/\/cavecaenem.fr\/#\/schema\/person\/8adecaca43e137acf11e776d28d1e734\"},\"image\":{\"@id\":\"https:\/\/cavecaenem.fr\/index.php\/2025\/09\/07\/guinguette-electro-4-vitale\/#primaryimage\"},\"thumbnailUrl\":\"https:\/\/cavecaenem.fr\/wp-content\/uploads\/2025\/09\/gunguette-scaled.jpg\",\"articleSection\":[\"La Nuit\"],\"inLanguage\":\"fr-FR\",\"potentialAction\":[{\"@type\":\"CommentAction\",\"name\":\"Comment\",\"target\":[\"https:\/\/cavecaenem.fr\/index.php\/2025\/09\/07\/guinguette-electro-4-vitale\/#respond\"]}]},{\"@type\":[\"Person\",\"Organization\"],\"@id\":\"https:\/\/cavecaenem.fr\/#\/schema\/person\/8adecaca43e137acf11e776d28d1e734\",\"name\":\"Ren\\u00e9 Fix\",\"image\":{\"@type\":\"ImageObject\",\"@id\":\"https:\/\/cavecaenem.fr\/#personlogo\",\"inLanguage\":\"fr-FR\",\"url\":\"https:\/\/secure.gravatar.com\/avatar\/b49591d8c60f351185d7719fe6f34144?s=96&d=mm&r=g\",\"contentUrl\":\"https:\/\/secure.gravatar.com\/avatar\/b49591d8c60f351185d7719fe6f34144?s=96&d=mm&r=g\",\"caption\":\"Ren\\u00e9 Fix\"},\"logo\":{\"@id\":\"https:\/\/cavecaenem.fr\/#personlogo\"}}]}<\/script>\n<!-- \/ Yoast SEO plugin. -->","yoast_head_json":{"title":"Guinguette \u00e9lectro #4 : vitale ! - CaveCaenem","robots":{"index":"index","follow":"follow","max-snippet":"max-snippet:-1","max-image-preview":"max-image-preview:large","max-video-preview":"max-video-preview:-1"},"canonical":"https:\/\/cavecaenem.fr\/index.php\/2025\/09\/07\/guinguette-electro-4-vitale\/","og_locale":"fr_FR","og_type":"article","og_title":"Guinguette \u00e9lectro #4 : vitale ! - CaveCaenem","og_description":"La m\u00e9t\u00e9o exceptionnelle de ce 6 septembre n\u2019explique pas, \u00e0 elle seule, l\u2019\u00e9norme succ\u00e8s de cette 4\u00e8me guinguette \u00e9lectro. Le \u00ab&nbsp;spot&nbsp;\u00bb est d\u00e9sormais install\u00e9 et ...","og_url":"https:\/\/cavecaenem.fr\/index.php\/2025\/09\/07\/guinguette-electro-4-vitale\/","og_site_name":"CaveCaenem","article_published_time":"2025-09-07T14:57:40+00:00","article_modified_time":"2025-09-07T14:57:41+00:00","og_image":[{"width":1920,"height":2560,"url":"https:\/\/cavecaenem.fr\/wp-content\/uploads\/2025\/09\/gunguette-scaled.jpg","type":"image\/jpeg"}],"twitter_card":"summary_large_image","twitter_misc":{"\u00c9crit par":"Ren\u00e9 Fix","Dur\u00e9e de lecture estim\u00e9e":"3 minutes"},"schema":{"@context":"https:\/\/schema.org","@graph":[{"@type":"WebSite","@id":"https:\/\/cavecaenem.fr\/#website","url":"https:\/\/cavecaenem.fr\/","name":"CaveCaenem","description":"L\u2019actualit\u00e9 caennaise en toute subjectivit\u00e9.","publisher":{"@id":"https:\/\/cavecaenem.fr\/#\/schema\/person\/8adecaca43e137acf11e776d28d1e734"},"potentialAction":[{"@type":"SearchAction","target":{"@type":"EntryPoint","urlTemplate":"https:\/\/cavecaenem.fr\/?s={search_term_string}"},"query-input":"required name=search_term_string"}],"inLanguage":"fr-FR"},{"@type":"ImageObject","@id":"https:\/\/cavecaenem.fr\/index.php\/2025\/09\/07\/guinguette-electro-4-vitale\/#primaryimage","inLanguage":"fr-FR","url":"https:\/\/cavecaenem.fr\/wp-content\/uploads\/2025\/09\/gunguette-scaled.jpg","contentUrl":"https:\/\/cavecaenem.fr\/wp-content\/uploads\/2025\/09\/gunguette-scaled.jpg","width":1920,"height":2560},{"@type":"WebPage","@id":"https:\/\/cavecaenem.fr\/index.php\/2025\/09\/07\/guinguette-electro-4-vitale\/#webpage","url":"https:\/\/cavecaenem.fr\/index.php\/2025\/09\/07\/guinguette-electro-4-vitale\/","name":"Guinguette \u00e9lectro #4 : vitale ! - CaveCaenem","isPartOf":{"@id":"https:\/\/cavecaenem.fr\/#website"},"primaryImageOfPage":{"@id":"https:\/\/cavecaenem.fr\/index.php\/2025\/09\/07\/guinguette-electro-4-vitale\/#primaryimage"},"datePublished":"2025-09-07T14:57:40+00:00","dateModified":"2025-09-07T14:57:41+00:00","breadcrumb":{"@id":"https:\/\/cavecaenem.fr\/index.php\/2025\/09\/07\/guinguette-electro-4-vitale\/#breadcrumb"},"inLanguage":"fr-FR","potentialAction":[{"@type":"ReadAction","target":["https:\/\/cavecaenem.fr\/index.php\/2025\/09\/07\/guinguette-electro-4-vitale\/"]}]},{"@type":"BreadcrumbList","@id":"https:\/\/cavecaenem.fr\/index.php\/2025\/09\/07\/guinguette-electro-4-vitale\/#breadcrumb","itemListElement":[{"@type":"ListItem","position":1,"name":"Accueil","item":"https:\/\/cavecaenem.fr\/"},{"@type":"ListItem","position":2,"name":"Guinguette \u00e9lectro #4 : vitale !"}]},{"@type":"Article","@id":"https:\/\/cavecaenem.fr\/index.php\/2025\/09\/07\/guinguette-electro-4-vitale\/#article","isPartOf":{"@id":"https:\/\/cavecaenem.fr\/index.php\/2025\/09\/07\/guinguette-electro-4-vitale\/#webpage"},"author":{"@id":"https:\/\/cavecaenem.fr\/#\/schema\/person\/8adecaca43e137acf11e776d28d1e734"},"headline":"Guinguette \u00e9lectro #4 : vitale !","datePublished":"2025-09-07T14:57:40+00:00","dateModified":"2025-09-07T14:57:41+00:00","mainEntityOfPage":{"@id":"https:\/\/cavecaenem.fr\/index.php\/2025\/09\/07\/guinguette-electro-4-vitale\/#webpage"},"wordCount":714,"commentCount":0,"publisher":{"@id":"https:\/\/cavecaenem.fr\/#\/schema\/person\/8adecaca43e137acf11e776d28d1e734"},"image":{"@id":"https:\/\/cavecaenem.fr\/index.php\/2025\/09\/07\/guinguette-electro-4-vitale\/#primaryimage"},"thumbnailUrl":"https:\/\/cavecaenem.fr\/wp-content\/uploads\/2025\/09\/gunguette-scaled.jpg","articleSection":["La Nuit"],"inLanguage":"fr-FR","potentialAction":[{"@type":"CommentAction","name":"Comment","target":["https:\/\/cavecaenem.fr\/index.php\/2025\/09\/07\/guinguette-electro-4-vitale\/#respond"]}]},{"@type":["Person","Organization"],"@id":"https:\/\/cavecaenem.fr\/#\/schema\/person\/8adecaca43e137acf11e776d28d1e734","name":"Ren\u00e9 Fix","image":{"@type":"ImageObject","@id":"https:\/\/cavecaenem.fr\/#personlogo","inLanguage":"fr-FR","url":"https:\/\/secure.gravatar.com\/avatar\/b49591d8c60f351185d7719fe6f34144?s=96&d=mm&r=g","contentUrl":"https:\/\/secure.gravatar.com\/avatar\/b49591d8c60f351185d7719fe6f34144?s=96&d=mm&r=g","caption":"Ren\u00e9 Fix"},"logo":{"@id":"https:\/\/cavecaenem.fr\/#personlogo"}}]}},"jetpack_featured_media_url":"https:\/\/cavecaenem.fr\/wp-content\/uploads\/2025\/09\/gunguette-scaled.jpg","_links":{"self":[{"href":"https:\/\/cavecaenem.fr\/index.php\/wp-json\/wp\/v2\/posts\/1110"}],"collection":[{"href":"https:\/\/cavecaenem.fr\/index.php\/wp-json\/wp\/v2\/posts"}],"about":[{"href":"https:\/\/cavecaenem.fr\/index.php\/wp-json\/wp\/v2\/types\/post"}],"author":[{"embeddable":true,"href":"https:\/\/cavecaenem.fr\/index.php\/wp-json\/wp\/v2\/users\/1"}],"replies":[{"embeddable":true,"href":"https:\/\/cavecaenem.fr\/index.php\/wp-json\/wp\/v2\/comments?post=1110"}],"version-history":[{"count":1,"href":"https:\/\/cavecaenem.fr\/index.php\/wp-json\/wp\/v2\/posts\/1110\/revisions"}],"predecessor-version":[{"id":1112,"href":"https:\/\/cavecaenem.fr\/index.php\/wp-json\/wp\/v2\/posts\/1110\/revisions\/1112"}],"wp:featuredmedia":[{"embeddable":true,"href":"https:\/\/cavecaenem.fr\/index.php\/wp-json\/wp\/v2\/media\/1111"}],"wp:attachment":[{"href":"https:\/\/cavecaenem.fr\/index.php\/wp-json\/wp\/v2\/media?parent=1110"}],"wp:term":[{"taxonomy":"category","embeddable":true,"href":"https:\/\/cavecaenem.fr\/index.php\/wp-json\/wp\/v2\/categories?post=1110"},{"taxonomy":"post_tag","embeddable":true,"href":"https:\/\/cavecaenem.fr\/index.php\/wp-json\/wp\/v2\/tags?post=1110"}],"curies":[{"name":"wp","href":"https:\/\/api.w.org\/{rel}","templated":true}]}}