{"id":1117,"date":"2025-09-21T14:02:29","date_gmt":"2025-09-21T12:02:29","guid":{"rendered":"https:\/\/cavecaenem.fr\/?p=1117"},"modified":"2025-09-21T14:02:29","modified_gmt":"2025-09-21T12:02:29","slug":"portal-iii-la-vie-est-fantastique","status":"publish","type":"post","link":"https:\/\/cavecaenem.fr\/index.php\/2025\/09\/21\/portal-iii-la-vie-est-fantastique\/","title":{"rendered":"Portal III : La vie est fantastique &#8230;"},"content":{"rendered":"\n<p>Les samedis, du c\u00f4t\u00e9 de la Fonderie ou du BBC se suivent et, ma foi, rev\u00eatent depuis quelques temps un petit go\u00fbt de \u201creviens-y\u201d ! Apr\u00e8s Senary (Chroma), place donc \u00e0 Psybox et \u00e0 No One Like Us avec la troisi\u00e8me \u00e9dition de Portal.&nbsp;<\/p>\n\n\n\n<p>Je retrouve un BBC que j\u2019avoue avoir un peu d\u00e9laiss\u00e9 ces derniers temps. La salle se pr\u00eate toujours aussi bien \u00e0 ce genre de format et, plong\u00e9e dans le noir, elle \u201ctisse\u201d un cadre ideal pour une d\u00e9co exclusivement en String art, cet art du fil tendu sur cadre. Le r\u00e9sultat : une caverne plus psych\u00e9d\u00e9lique que jamais avec ces motifs g\u00e9om\u00e9triques, kal\u00e9idoscopiques, dans la grammaire de l\u2019art fractal. Il faut dire que, dans la grande famille \u201celectro\u201d, l\u2019univers \u201cpsy\u201d d\u00e9veloppe des codes imm\u00e9diatement perceptibles, en \u00e9cho lointain \u00e0 la culture hallucin\u00e9e et hallucinante du d\u00e9but des ann\u00e9es 70, autant dire ma jeunesse !<\/p>\n\n\n\n<p>Le line-up de la soir\u00e9e est construit autour de la confrontation amicale entre deux djs ( B2B ) et, \u00e0 22h, \u00e7a commence de mani\u00e8re magistrale avec Ack versus (vs) An\u00d8n. Les deux djs proposent un warm up sous forme d\u2019un dialogue contradictoire : \u00e0 l\u2019un les vir\u00e9es m\u00e9lodiques, \u00e0 l\u2019autre les envol\u00e9es rythmiques mais on succombe avec d\u00e9lice. Dieu sait que cette musique n\u2019est pas n\u00e9cessairement ma tasse de th\u00e9, mais, toute la soir\u00e9e, on comprendra vite que les djs auront \u00e0 coeur de balancer leurs pistes les plus rares, comme autant de confessions musicales\u2026.<\/p>\n\n\n\n<p>Au tour de Potzer de se confronter ( amicalement) \u00e0 Tortue. Si le passage entre les deux est parfois g\u00e9r\u00e9e \u00e0 la hache, comment ne pas appr\u00e9cier l\u2019\u00e9nergie brute qu\u2019ils d\u00e9clenchent \u00e0 coup de bangers ( ah Dutch Disorder et son H\u00e9ro\u00efne ) et soudain j\u2019entends une simple phrase qui se glisse entre deux kicks : La vie est fantastique ! Trait\u00e9e comme un simple motif rythmique, cette \u201cvoix\u201d me donne pourtant le La de la soir\u00e9e ( surtout apr\u00e8s les inutiles pol\u00e9miques autour de mon dernier papier) : oui la vie est fantastique surtout quand s\u2019\u00e9panouit une nuit&nbsp; \u201csmiley\u201d efficace et coh\u00e9rente musicalement.&nbsp;<\/p>\n\n\n\n<p>Une heure, deux artistes, c\u2019est donc la formule radicale choisie pour Portal III et \u00e7a fonctionne. Si, comme moi, on reste un peu \u00e9tranger \u00e0 cette esth\u00e9tique ( \u00e0 quoi bon \u00e9grener les appellations, psy trance, forest, hi-tech, dark psytrance, progressive\u2026.) le format B2B choisi ici m\u2019a permis d\u2019entrer de mani\u00e8re plus fine dans le catalogue des djs. Je ferme les yeux, apr\u00e8s les vingt premi\u00e8res minutes de chaque set et je tente de savoir quel dj se retrouve derri\u00e8re quelle track. Mine de rien, derri\u00e8re l\u2019apparente uniformit\u00e9 du style, j\u2019entends clairement, lors de tous les duos, les personnalit\u00e9s qui, r\u00e9ellement, \u201cdiscutent\u201d musicalement entre elles.<\/p>\n\n\n\n<p>Ce petit jeu de \u201cqui joue quoi\u201d fonctionne \u00e0 plein avec Kromysis versus Jacob Palmer. Si leur causerie musicale reste amicale, le ring n\u2019est pas loin et \u00e7a cogne \u201cven\u00e8re\u201d entre eux, un peu comme les catcheurs qui font le show. La salle est pleine et le public, connaisseur, r\u00e9agit \u00e0 la moindre inflexion rythmique. Mine de rien, les soir\u00e9es Portal et plus largement Psybox et No One Like Us attirent des oreilles expertes et donc exigeantes : une belle \u00e9mulation entre nous et les artistes !<\/p>\n\n\n\n<p>M\u00d8UN et Baya s\u2019installent dans la m\u00eame dynamique et je me laisse l\u00e0 encore prendre \u00e0 leur jeu en go\u00fbtant la fra\u00eecheur juv\u00e9nile de leur \u00e9change. Si la cavalcade des kicks reste de mise, on glisse lentement vers des boucles m\u00e9lodiques qui permettront ensuite \u00e0 PolarX et \u00e0 Codex de nous harponner d\u00e9finitivement avec leurs galops trance. Je n\u2019avais pas entendu PolarX depuis un moment mais, comme les bons vins, il affirme plus que jamais sa maturit\u00e9 musicale, judicieusement aiguillonn\u00e9e par les frappes de Codex.&nbsp;<\/p>\n\n\n\n<p>Arrive alors, toute seule, ( hommage \u00e0 la guest-reine de la soir\u00e9e) Alice Reize. L\u2019entr\u00e9e en sc\u00e8ne est un peu balbutiante ( ennuis techniques ou mauvais calages ?) mais tr\u00e8s vite elle (en) impose sa fougue avec \u00e9l\u00e9gance. On n\u2019est jamais aussi bien servi que par soi-m\u00eame et elle n\u2019h\u00e9site pas \u00e0 ouvrir son set avec Volting, la seule track d\u2019elle que je connaissais ( aha il fait \u201cgenre\u201d sp\u00e9cialiste&nbsp; mais c\u2019est pas vrai j\u2019ai simplement fouill\u00e9 un peu sur Deezer avant de venir). On entend tr\u00e8s clairement, dans sa mani\u00e8re de g\u00e9rer les kicks, les claques et les caresses sonores, qu\u2019elle a une sacr\u00e9e oreille musicale. Venir nous faire d\u00e9couvrir, \u00e0 Caen, une \u00e9toile montante est un risque, un pari aussi mais avec Alice Reize le contrat est plus que rempli. La soir\u00e9e va se clore avec trois derniers artistes ( Guet, Alcide et Dash &#8211; en closing solitaire) mais je d\u00e9clare forfait ( pour plaire \u00e0 certains esprits grincheux, il faudrait presque que je pointe mes heures d\u2019arriv\u00e9e et de d\u00e9part aha).&nbsp;<\/p>\n\n\n\n<p>Ma paresse, seule, explique ma trop longue absence aux soir\u00e9es Psybox, mais cette\u00a0 piq\u00fbre de rappel me prouve, une fois encore, combien il est n\u00e9cessaire de faire confiance aux vrais professionnels du secteur. L\u2019alliance Psybox &#8211; No One Like Us\u00a0 me le confirme et quand des passionn\u00e9s nous convient \u00e0 leur f\u00eate, on sait qu\u2019on va, forc\u00e9ment se r\u00e9galer. Ce fut le cas, samedi soir, du c\u00f4t\u00e9 de ce Portal III. Il me fallait bien \u00e7a pour ne pas c\u00e9der \u00e0 une d\u00e9prime passag\u00e8re ( gros smiley, gros c\u0153ur ou un merci encore plus sinc\u00e8re).<\/p>\n","protected":false},"excerpt":{"rendered":"<p>Les samedis, du c\u00f4t\u00e9 de la Fonderie ou du BBC se suivent et, ma foi, rev\u00eatent depuis quelques temps un petit go\u00fbt de \u201creviens-y\u201d ! &#8230;<\/p>\n","protected":false},"author":1,"featured_media":1118,"comment_status":"open","ping_status":"open","sticky":false,"template":"","format":"standard","meta":{"spay_email":""},"categories":[1],"tags":[],"yoast_head":"<!-- This site is optimized with the Yoast SEO plugin v17.7.1 - https:\/\/yoast.com\/wordpress\/plugins\/seo\/ -->\n<title>Portal III : La vie est fantastique ... - CaveCaenem<\/title>\n<meta name=\"robots\" content=\"index, follow, max-snippet:-1, max-image-preview:large, max-video-preview:-1\" \/>\n<link rel=\"canonical\" href=\"https:\/\/cavecaenem.fr\/index.php\/2025\/09\/21\/portal-iii-la-vie-est-fantastique\/\" \/>\n<meta property=\"og:locale\" content=\"fr_FR\" \/>\n<meta property=\"og:type\" content=\"article\" \/>\n<meta property=\"og:title\" content=\"Portal III : La vie est fantastique ... - CaveCaenem\" \/>\n<meta property=\"og:description\" content=\"Les samedis, du c\u00f4t\u00e9 de la Fonderie ou du BBC se suivent et, ma foi, rev\u00eatent depuis quelques temps un petit go\u00fbt de \u201creviens-y\u201d ! ...\" \/>\n<meta property=\"og:url\" content=\"https:\/\/cavecaenem.fr\/index.php\/2025\/09\/21\/portal-iii-la-vie-est-fantastique\/\" \/>\n<meta property=\"og:site_name\" content=\"CaveCaenem\" \/>\n<meta property=\"article:published_time\" content=\"2025-09-21T12:02:29+00:00\" \/>\n<meta property=\"og:image\" content=\"https:\/\/cavecaenem.fr\/wp-content\/uploads\/2025\/09\/portal-III-scaled.jpg\" \/>\n\t<meta property=\"og:image:width\" content=\"1920\" \/>\n\t<meta property=\"og:image:height\" content=\"2560\" \/>\n<meta name=\"twitter:card\" content=\"summary_large_image\" \/>\n<meta name=\"twitter:label1\" content=\"\u00c9crit par\" \/>\n\t<meta name=\"twitter:data1\" content=\"Ren\u00e9 Fix\" \/>\n\t<meta name=\"twitter:label2\" content=\"Dur\u00e9e de lecture estim\u00e9e\" \/>\n\t<meta name=\"twitter:data2\" content=\"4 minutes\" \/>\n<script type=\"application\/ld+json\" class=\"yoast-schema-graph\">{\"@context\":\"https:\/\/schema.org\",\"@graph\":[{\"@type\":\"WebSite\",\"@id\":\"https:\/\/cavecaenem.fr\/#website\",\"url\":\"https:\/\/cavecaenem.fr\/\",\"name\":\"CaveCaenem\",\"description\":\"L\\u2019actualit\\u00e9 caennaise en toute subjectivit\\u00e9.\",\"publisher\":{\"@id\":\"https:\/\/cavecaenem.fr\/#\/schema\/person\/8adecaca43e137acf11e776d28d1e734\"},\"potentialAction\":[{\"@type\":\"SearchAction\",\"target\":{\"@type\":\"EntryPoint\",\"urlTemplate\":\"https:\/\/cavecaenem.fr\/?s={search_term_string}\"},\"query-input\":\"required name=search_term_string\"}],\"inLanguage\":\"fr-FR\"},{\"@type\":\"ImageObject\",\"@id\":\"https:\/\/cavecaenem.fr\/index.php\/2025\/09\/21\/portal-iii-la-vie-est-fantastique\/#primaryimage\",\"inLanguage\":\"fr-FR\",\"url\":\"https:\/\/cavecaenem.fr\/wp-content\/uploads\/2025\/09\/portal-III-scaled.jpg\",\"contentUrl\":\"https:\/\/cavecaenem.fr\/wp-content\/uploads\/2025\/09\/portal-III-scaled.jpg\",\"width\":1920,\"height\":2560},{\"@type\":\"WebPage\",\"@id\":\"https:\/\/cavecaenem.fr\/index.php\/2025\/09\/21\/portal-iii-la-vie-est-fantastique\/#webpage\",\"url\":\"https:\/\/cavecaenem.fr\/index.php\/2025\/09\/21\/portal-iii-la-vie-est-fantastique\/\",\"name\":\"Portal III : La vie est fantastique ... - CaveCaenem\",\"isPartOf\":{\"@id\":\"https:\/\/cavecaenem.fr\/#website\"},\"primaryImageOfPage\":{\"@id\":\"https:\/\/cavecaenem.fr\/index.php\/2025\/09\/21\/portal-iii-la-vie-est-fantastique\/#primaryimage\"},\"datePublished\":\"2025-09-21T12:02:29+00:00\",\"dateModified\":\"2025-09-21T12:02:29+00:00\",\"breadcrumb\":{\"@id\":\"https:\/\/cavecaenem.fr\/index.php\/2025\/09\/21\/portal-iii-la-vie-est-fantastique\/#breadcrumb\"},\"inLanguage\":\"fr-FR\",\"potentialAction\":[{\"@type\":\"ReadAction\",\"target\":[\"https:\/\/cavecaenem.fr\/index.php\/2025\/09\/21\/portal-iii-la-vie-est-fantastique\/\"]}]},{\"@type\":\"BreadcrumbList\",\"@id\":\"https:\/\/cavecaenem.fr\/index.php\/2025\/09\/21\/portal-iii-la-vie-est-fantastique\/#breadcrumb\",\"itemListElement\":[{\"@type\":\"ListItem\",\"position\":1,\"name\":\"Accueil\",\"item\":\"https:\/\/cavecaenem.fr\/\"},{\"@type\":\"ListItem\",\"position\":2,\"name\":\"Portal III : La vie est fantastique &#8230;\"}]},{\"@type\":\"Article\",\"@id\":\"https:\/\/cavecaenem.fr\/index.php\/2025\/09\/21\/portal-iii-la-vie-est-fantastique\/#article\",\"isPartOf\":{\"@id\":\"https:\/\/cavecaenem.fr\/index.php\/2025\/09\/21\/portal-iii-la-vie-est-fantastique\/#webpage\"},\"author\":{\"@id\":\"https:\/\/cavecaenem.fr\/#\/schema\/person\/8adecaca43e137acf11e776d28d1e734\"},\"headline\":\"Portal III : La vie est fantastique &#8230;\",\"datePublished\":\"2025-09-21T12:02:29+00:00\",\"dateModified\":\"2025-09-21T12:02:29+00:00\",\"mainEntityOfPage\":{\"@id\":\"https:\/\/cavecaenem.fr\/index.php\/2025\/09\/21\/portal-iii-la-vie-est-fantastique\/#webpage\"},\"wordCount\":978,\"commentCount\":0,\"publisher\":{\"@id\":\"https:\/\/cavecaenem.fr\/#\/schema\/person\/8adecaca43e137acf11e776d28d1e734\"},\"image\":{\"@id\":\"https:\/\/cavecaenem.fr\/index.php\/2025\/09\/21\/portal-iii-la-vie-est-fantastique\/#primaryimage\"},\"thumbnailUrl\":\"https:\/\/cavecaenem.fr\/wp-content\/uploads\/2025\/09\/portal-III-scaled.jpg\",\"articleSection\":[\"La Nuit\"],\"inLanguage\":\"fr-FR\",\"potentialAction\":[{\"@type\":\"CommentAction\",\"name\":\"Comment\",\"target\":[\"https:\/\/cavecaenem.fr\/index.php\/2025\/09\/21\/portal-iii-la-vie-est-fantastique\/#respond\"]}]},{\"@type\":[\"Person\",\"Organization\"],\"@id\":\"https:\/\/cavecaenem.fr\/#\/schema\/person\/8adecaca43e137acf11e776d28d1e734\",\"name\":\"Ren\\u00e9 Fix\",\"image\":{\"@type\":\"ImageObject\",\"@id\":\"https:\/\/cavecaenem.fr\/#personlogo\",\"inLanguage\":\"fr-FR\",\"url\":\"https:\/\/secure.gravatar.com\/avatar\/b49591d8c60f351185d7719fe6f34144?s=96&d=mm&r=g\",\"contentUrl\":\"https:\/\/secure.gravatar.com\/avatar\/b49591d8c60f351185d7719fe6f34144?s=96&d=mm&r=g\",\"caption\":\"Ren\\u00e9 Fix\"},\"logo\":{\"@id\":\"https:\/\/cavecaenem.fr\/#personlogo\"}}]}<\/script>\n<!-- \/ Yoast SEO plugin. -->","yoast_head_json":{"title":"Portal III : La vie est fantastique ... - CaveCaenem","robots":{"index":"index","follow":"follow","max-snippet":"max-snippet:-1","max-image-preview":"max-image-preview:large","max-video-preview":"max-video-preview:-1"},"canonical":"https:\/\/cavecaenem.fr\/index.php\/2025\/09\/21\/portal-iii-la-vie-est-fantastique\/","og_locale":"fr_FR","og_type":"article","og_title":"Portal III : La vie est fantastique ... - CaveCaenem","og_description":"Les samedis, du c\u00f4t\u00e9 de la Fonderie ou du BBC se suivent et, ma foi, rev\u00eatent depuis quelques temps un petit go\u00fbt de \u201creviens-y\u201d ! ...","og_url":"https:\/\/cavecaenem.fr\/index.php\/2025\/09\/21\/portal-iii-la-vie-est-fantastique\/","og_site_name":"CaveCaenem","article_published_time":"2025-09-21T12:02:29+00:00","og_image":[{"width":1920,"height":2560,"url":"https:\/\/cavecaenem.fr\/wp-content\/uploads\/2025\/09\/portal-III-scaled.jpg","type":"image\/jpeg"}],"twitter_card":"summary_large_image","twitter_misc":{"\u00c9crit par":"Ren\u00e9 Fix","Dur\u00e9e de lecture estim\u00e9e":"4 minutes"},"schema":{"@context":"https:\/\/schema.org","@graph":[{"@type":"WebSite","@id":"https:\/\/cavecaenem.fr\/#website","url":"https:\/\/cavecaenem.fr\/","name":"CaveCaenem","description":"L\u2019actualit\u00e9 caennaise en toute subjectivit\u00e9.","publisher":{"@id":"https:\/\/cavecaenem.fr\/#\/schema\/person\/8adecaca43e137acf11e776d28d1e734"},"potentialAction":[{"@type":"SearchAction","target":{"@type":"EntryPoint","urlTemplate":"https:\/\/cavecaenem.fr\/?s={search_term_string}"},"query-input":"required name=search_term_string"}],"inLanguage":"fr-FR"},{"@type":"ImageObject","@id":"https:\/\/cavecaenem.fr\/index.php\/2025\/09\/21\/portal-iii-la-vie-est-fantastique\/#primaryimage","inLanguage":"fr-FR","url":"https:\/\/cavecaenem.fr\/wp-content\/uploads\/2025\/09\/portal-III-scaled.jpg","contentUrl":"https:\/\/cavecaenem.fr\/wp-content\/uploads\/2025\/09\/portal-III-scaled.jpg","width":1920,"height":2560},{"@type":"WebPage","@id":"https:\/\/cavecaenem.fr\/index.php\/2025\/09\/21\/portal-iii-la-vie-est-fantastique\/#webpage","url":"https:\/\/cavecaenem.fr\/index.php\/2025\/09\/21\/portal-iii-la-vie-est-fantastique\/","name":"Portal III : La vie est fantastique ... - CaveCaenem","isPartOf":{"@id":"https:\/\/cavecaenem.fr\/#website"},"primaryImageOfPage":{"@id":"https:\/\/cavecaenem.fr\/index.php\/2025\/09\/21\/portal-iii-la-vie-est-fantastique\/#primaryimage"},"datePublished":"2025-09-21T12:02:29+00:00","dateModified":"2025-09-21T12:02:29+00:00","breadcrumb":{"@id":"https:\/\/cavecaenem.fr\/index.php\/2025\/09\/21\/portal-iii-la-vie-est-fantastique\/#breadcrumb"},"inLanguage":"fr-FR","potentialAction":[{"@type":"ReadAction","target":["https:\/\/cavecaenem.fr\/index.php\/2025\/09\/21\/portal-iii-la-vie-est-fantastique\/"]}]},{"@type":"BreadcrumbList","@id":"https:\/\/cavecaenem.fr\/index.php\/2025\/09\/21\/portal-iii-la-vie-est-fantastique\/#breadcrumb","itemListElement":[{"@type":"ListItem","position":1,"name":"Accueil","item":"https:\/\/cavecaenem.fr\/"},{"@type":"ListItem","position":2,"name":"Portal III : La vie est fantastique &#8230;"}]},{"@type":"Article","@id":"https:\/\/cavecaenem.fr\/index.php\/2025\/09\/21\/portal-iii-la-vie-est-fantastique\/#article","isPartOf":{"@id":"https:\/\/cavecaenem.fr\/index.php\/2025\/09\/21\/portal-iii-la-vie-est-fantastique\/#webpage"},"author":{"@id":"https:\/\/cavecaenem.fr\/#\/schema\/person\/8adecaca43e137acf11e776d28d1e734"},"headline":"Portal III : La vie est fantastique &#8230;","datePublished":"2025-09-21T12:02:29+00:00","dateModified":"2025-09-21T12:02:29+00:00","mainEntityOfPage":{"@id":"https:\/\/cavecaenem.fr\/index.php\/2025\/09\/21\/portal-iii-la-vie-est-fantastique\/#webpage"},"wordCount":978,"commentCount":0,"publisher":{"@id":"https:\/\/cavecaenem.fr\/#\/schema\/person\/8adecaca43e137acf11e776d28d1e734"},"image":{"@id":"https:\/\/cavecaenem.fr\/index.php\/2025\/09\/21\/portal-iii-la-vie-est-fantastique\/#primaryimage"},"thumbnailUrl":"https:\/\/cavecaenem.fr\/wp-content\/uploads\/2025\/09\/portal-III-scaled.jpg","articleSection":["La Nuit"],"inLanguage":"fr-FR","potentialAction":[{"@type":"CommentAction","name":"Comment","target":["https:\/\/cavecaenem.fr\/index.php\/2025\/09\/21\/portal-iii-la-vie-est-fantastique\/#respond"]}]},{"@type":["Person","Organization"],"@id":"https:\/\/cavecaenem.fr\/#\/schema\/person\/8adecaca43e137acf11e776d28d1e734","name":"Ren\u00e9 Fix","image":{"@type":"ImageObject","@id":"https:\/\/cavecaenem.fr\/#personlogo","inLanguage":"fr-FR","url":"https:\/\/secure.gravatar.com\/avatar\/b49591d8c60f351185d7719fe6f34144?s=96&d=mm&r=g","contentUrl":"https:\/\/secure.gravatar.com\/avatar\/b49591d8c60f351185d7719fe6f34144?s=96&d=mm&r=g","caption":"Ren\u00e9 Fix"},"logo":{"@id":"https:\/\/cavecaenem.fr\/#personlogo"}}]}},"jetpack_featured_media_url":"https:\/\/cavecaenem.fr\/wp-content\/uploads\/2025\/09\/portal-III-scaled.jpg","_links":{"self":[{"href":"https:\/\/cavecaenem.fr\/index.php\/wp-json\/wp\/v2\/posts\/1117"}],"collection":[{"href":"https:\/\/cavecaenem.fr\/index.php\/wp-json\/wp\/v2\/posts"}],"about":[{"href":"https:\/\/cavecaenem.fr\/index.php\/wp-json\/wp\/v2\/types\/post"}],"author":[{"embeddable":true,"href":"https:\/\/cavecaenem.fr\/index.php\/wp-json\/wp\/v2\/users\/1"}],"replies":[{"embeddable":true,"href":"https:\/\/cavecaenem.fr\/index.php\/wp-json\/wp\/v2\/comments?post=1117"}],"version-history":[{"count":1,"href":"https:\/\/cavecaenem.fr\/index.php\/wp-json\/wp\/v2\/posts\/1117\/revisions"}],"predecessor-version":[{"id":1119,"href":"https:\/\/cavecaenem.fr\/index.php\/wp-json\/wp\/v2\/posts\/1117\/revisions\/1119"}],"wp:featuredmedia":[{"embeddable":true,"href":"https:\/\/cavecaenem.fr\/index.php\/wp-json\/wp\/v2\/media\/1118"}],"wp:attachment":[{"href":"https:\/\/cavecaenem.fr\/index.php\/wp-json\/wp\/v2\/media?parent=1117"}],"wp:term":[{"taxonomy":"category","embeddable":true,"href":"https:\/\/cavecaenem.fr\/index.php\/wp-json\/wp\/v2\/categories?post=1117"},{"taxonomy":"post_tag","embeddable":true,"href":"https:\/\/cavecaenem.fr\/index.php\/wp-json\/wp\/v2\/tags?post=1117"}],"curies":[{"name":"wp","href":"https:\/\/api.w.org\/{rel}","templated":true}]}}