{"id":1240,"date":"2026-08-30T13:08:12","date_gmt":"2026-08-30T11:08:12","guid":{"rendered":"https:\/\/cavecaenem.fr\/?p=1240"},"modified":"2026-08-30T13:08:13","modified_gmt":"2026-08-30T11:08:13","slug":"deux-soirs-au-maybe-festival","status":"publish","type":"post","link":"https:\/\/cavecaenem.fr\/index.php\/2026\/08\/30\/deux-soirs-au-maybe-festival\/","title":{"rendered":"Deux soirs au Maybe festival"},"content":{"rendered":"\n<p>Vendredi 28 ao\u00fbt d\u00e9butait la troisi\u00e8me \u00e9dition du festival Maybe, \u00e0 May-sur-Orne, \u00e0 quelques kilom\u00e8tres de Caen. Entre volont\u00e9 caritative ( 50% des recettes sont revers\u00e9es \u00e0 la fondation du CHU de Caen) et d\u00e9sir l\u00e9gitime d\u2019animation, Maybe semble s\u2019installer dans le temps et marquer, localement, la fin de la saison des festivals. Sur place, on retrouve, avec assurance, l\u2019essentiel des prestations attendues pour une entreprise de ce genre ; le tout sur un grand espace rassurant pour les familles et les enfants. Le public, bon enfant, profite d\u2019une fin d\u2019apr\u00e8s-midi, et vers vingt heures, \u00e0 mon arriv\u00e9e, une petite foule d\u00e9guste poliment les premi\u00e8res notes des Lanskies, la solide formation rock de Saint- L\u00f4 r\u00e9form\u00e9e il y a quelques mois. La voix de Lewis Evans fait mouche et le rock \u00ab&nbsp;pepouze&nbsp;\u00bb s\u2019installe, avec ce qu\u2019il faut de folie et parfois de conformisme. Les plus jeunes, casques de protection sonore solidement viss\u00e9s sur le cr\u00e2ne, se lancent dans un pogo de cours de r\u00e9cr\u00e9 tandis que les parents s\u2019agitent. L\u2019heure est \u00e0 la nonchalance, \u00e0 la fin des vacances, entre rel\u00e2chement et d\u00e9ni et The Lanskies en profitent pour se l\u00e2cher dans un live \u00e0 l\u2019anglaise, avec son flot de lignes simples \u00e0 reprendre et une belle d\u00e9bauche de \u00ab&nbsp;grattes&nbsp;\u00bb qui se l\u00e2chent. Un son \u00abrock&nbsp;\u00bb et festival parfaitement calibr\u00e9 qui, s\u2019il ne brille pas toujours par une singularit\u00e9 authentique, ronronne avec la malice matoise d\u2019un chat qui n\u2019a pas oubli\u00e9 sa lign\u00e9e f\u00e9line.<\/p>\n\n\n\n<p>Puis vient le temps de Trois caf\u00e9s gourmands. Avouons que le line up est \u00e9trange tant l\u2019esprit un dimanche avec Drucker du groupe corr\u00e9zien tranche avec l\u2019\u00e9nergie des Lanskies. Festival g\u00e9n\u00e9raliste oblige, Maybe mange un peu \u00e0 tous les r\u00e2teliers de l\u2019offre musicale et Trois caf\u00e9s gourmands remplit bien des cases : un groupe qui a connu son heure de gloire avec un (seul) titre au milieu des ann\u00e9es 2010, et surtout une solide exp\u00e9rience dans les bals et les animations festives sur presque toutes les places occitanes. Le show, sans \u00e9clats, claque cependant par sa ma\u00eetrise technique et son professionnalisme, un peu comme ces orchestres de cure ou de croisi\u00e8re qui, soir apr\u00e8s soir, font le job pour ambiancer une salle \u2026vari\u00e9e. On l\u2019aura compris, ce caf\u00e9 n\u2019est pas n\u00e9cessairement ma tasse de th\u00e9 mais il faut reconna\u00eetre au groupe une connaissance parfaite des codes de la vari\u00e9t\u00e9 fran\u00e7aise jusqu\u2019\u00e0 ce moment ( \u00e0 la complicit\u00e9 toute travaill\u00e9e) o\u00f9 le groupe rejoint le centre du public pour un moment de \u2026partage. C\u2019est efficace, format\u00e9 et g\u00e9n\u00e9reux en m\u00eame temps et il y a quelques choses de triste et de joyeux&nbsp; \u00e0 observer ces \u00ab&nbsp;forains&nbsp;\u00bb de la musique transpirer pour nous, avec nous. Il est pr\u00e8s de 23h30 et la quasi totalit\u00e9 du public rentre rapidement apr\u00e8s sa dose de caf\u00e9 gourmand et par l\u00e0-meme, rate la folle et somptueuse prestation de Christine, du \u00ab&nbsp;roi Christine&nbsp;\u00bb devrais-je dire. Si la reine Christine \u00e9voque, au choix Greta Garbo ou l\u2019inoxydable Ockrent, la Christine dont il est question ici est un dj. Vers minuit, quand il entre en sc\u00e8ne, il reste peu de monde, tr\u00e8s peu de monde, mais cela ne va en rien entamer la puissance radicale de son live. Apr\u00e8s Trois caf\u00e9s gourmands dans le bide, inutile de dire que la transition est radicale, provocante m\u00eame. Son univers musical, sombre et langoureux \u00e0 la fois, surfe sur des entr\u00e9es Daft Punk gonfl\u00e9es d\u2019hormones punks pour installer ensuite une atmosph\u00e8re aussi apocalyptique que \u2026dansante. Une heure pleine et sans concession, construite dans une composition exemplaire pour finir sur une fausse \u00ab&nbsp;berceuse&nbsp;\u00bb \u00e9lectro ponctu\u00e9e d\u2019une derni\u00e8re claque de kicks. Finir ( ou presque ) l\u2019\u00e9t\u00e9 avec une pleine lune triomphante au-dessus de ma t\u00eate et l\u2019ivresse gla\u00e7ante et magistrale des boucles musicales de Christine est un cadeau, un pur cadeau !&nbsp;<\/p>\n\n\n\n<p>Deux jours de festival, \u00e0 l\u2019image du vendeur, deux salles-deux ambiances :&nbsp; la soir\u00e9e de samedi est plut\u00f4t orient\u00e9e reggae avec la tr\u00e8s attendue venue de Jahneration. Avant eux, vers 19h, le groupe Electrik Griots ne semble pas perturb\u00e9 par cette confrontation et livre un voyage rasta-friendly avec un solide accompagnement de cuivres. Qu\u2019on soit sensible ou pas \u00e0 cette esth\u00e9tique musicale, la prestation fait mouche, \u00e0 peine perturb\u00e9e par quelques petites ond\u00e9es. Comme vendredi, chaque passage sur la grande sc\u00e8ne est entrecoup\u00e9 par un \u2026 dj qui, claquemur\u00e9 dans le carr\u00e9 VIP, tente d\u2019ambiancer le festival avec des choix qui fleurent bon l\u2019animation d\u2019un VVF, de Corr\u00e8ze qui sait ? C\u2019est, \u00e0 mes yeux, la seule r\u00e9elle faute de go\u00fbt d\u2019une \u00e9dition plus que recommandable mais pourquoi g\u00e2cher un line-up qui honore les artistes locaux par de si pi\u00e8tres moments ?<\/p>\n\n\n\n<p>L\u2019annulation de Romzar me permet d\u2019entendre le jeune rappeur caennais Entrepreneur local. Si on peine parfois \u00e0 comprendre les textes,&nbsp; un message revient en boucles : celui du \u00ab&nbsp;mauvais \u00e9l\u00e8ve&nbsp;\u00bb. \u00c0 quelques heures de la rentr\u00e9e, on se doute bien qu\u2019une telle affirmation trouve une \u00e9coute complice dans le jeune ( parfois tr\u00e8s jeune public) mais s\u2019il se pr\u00e9sente ainsi, je le soup\u00e7onne de faire preuve d\u2019une fausse modestie avec son assurance sc\u00e9nique et sa fa\u00e7on de slalomer avec talent entre clich\u00e9s ( les mocassins) et fausse pudeur.&nbsp;<\/p>\n\n\n\n<p>Le temps de se \u00ab&nbsp;retaper&nbsp;\u00bb le dj foire \u00e0 la saucisse, et Jahneration s\u2019installe. Inutile de le confesser, le reggae me s\u00e9duit, ordinairement, dix minutes et finit toujours par me lasser ( mais ne me dit-on pas la m\u00eame chose pour les musiques \u00e9lectroniques que je d\u00e9fends ). Je reste pourtant scotch\u00e9 durant plus d\u2019une heure devant le show complice propos\u00e9 par le groupe et comment ne pas fondre quand, \u00e0 la fin, Jahneration nous invite \u00e0 rendre hommage \u00e0 Na\u00e2man, le musicien reggae disparu pr\u00e9matur\u00e9ment l\u2019ann\u00e9e derni\u00e8re. \u00ab&nbsp;Un fr\u00e8re est parti mais pas oubli\u00e9&nbsp;\u00bb, c\u2019est en quelque sorte le message ( en anglais) qui passe \u00e0 travers une rage nostalgique gorg\u00e9e de musique et de tendresse. Quand, \u00e0 la fin du show, les deux guitaristes s\u2019appr\u00eatent \u00e0 quitter d\u00e9finitivement la sc\u00e8ne, ils retournent leurs instruments et on peut lire, en deux parties : Love is the answer ! Certainement le r\u00e9sum\u00e9 le plus simple, le plus juste d\u2019un groupe g\u00e9n\u00e9reux qui fait vivre la sc\u00e8ne.&nbsp;<\/p>\n\n\n\n<p>Mes oreilles saignent une derni\u00e8re fois avant le dj-set final de Dual Vibes. En \u00ab&nbsp;petit&nbsp;\u00bb connaisseur de la sc\u00e8ne locale, je suis leur travail depuis longtemps mais la pression d\u2019un closing de festival, sur la grande sc\u00e8ne, est forte. Arm\u00e9 d\u2019une solide playlist rap, hip-hop et R\u2019nB old school, le duo parvient \u00e0 retenir un public qui, la veille, avait si cruellement fait d\u00e9faut \u00e0 Christine. On navigue entre Diam\u2019s, Gwen Stefani et Eminem, comment faire de la mauvaise cuisine avec de tels ingr\u00e9dients ? Les transitions sont parfois radicales et l\u2019articulation entre les deux DJs \u00e9clipse souvent les personnalit\u00e9s au profit d\u2019une efficacit\u00e9 truff\u00e9e de tubes \u00e0 m\u00eame d\u2019\u00e9gayer les nostalgiques des ann\u00e9es 90. Aimant\u00e9 par la puissance des bangers balanc\u00e9s fougueusement, le public danse, rit et offre ainsi \u00e0 Maybe un final efficace, \u00e0 d\u00e9faut d\u2019\u00eatre toujours audacieux. On se retrouve l\u2019ann\u00e9e prochaine puisqu\u2019il semble d\u00e9sormais certain que Maybe s\u2019installe dans la dur\u00e9e.<\/p>\n\n\n\n<p><\/p>\n\n\n\n<p><\/p>\n\n\n\n<p><\/p>\n","protected":false},"excerpt":{"rendered":"<p>Vendredi 28 ao\u00fbt d\u00e9butait la troisi\u00e8me \u00e9dition du festival Maybe, \u00e0 May-sur-Orne, \u00e0 quelques kilom\u00e8tres de Caen. Entre volont\u00e9 caritative ( 50% des recettes sont &#8230;<\/p>\n","protected":false},"author":1,"featured_media":1241,"comment_status":"open","ping_status":"open","sticky":false,"template":"","format":"standard","meta":{"spay_email":""},"categories":[1],"tags":[],"yoast_head":"<!-- This site is optimized with the Yoast SEO plugin v17.7.1 - https:\/\/yoast.com\/wordpress\/plugins\/seo\/ -->\n<title>Deux soirs au Maybe festival - CaveCaenem<\/title>\n<meta name=\"robots\" content=\"index, follow, max-snippet:-1, max-image-preview:large, max-video-preview:-1\" \/>\n<link rel=\"canonical\" href=\"https:\/\/cavecaenem.fr\/index.php\/2026\/08\/30\/deux-soirs-au-maybe-festival\/\" \/>\n<meta property=\"og:locale\" content=\"fr_FR\" \/>\n<meta property=\"og:type\" content=\"article\" \/>\n<meta property=\"og:title\" content=\"Deux soirs au Maybe festival - CaveCaenem\" \/>\n<meta property=\"og:description\" content=\"Vendredi 28 ao\u00fbt d\u00e9butait la troisi\u00e8me \u00e9dition du festival Maybe, \u00e0 May-sur-Orne, \u00e0 quelques kilom\u00e8tres de Caen. Entre volont\u00e9 caritative ( 50% des recettes sont ...\" \/>\n<meta property=\"og:url\" content=\"https:\/\/cavecaenem.fr\/index.php\/2026\/08\/30\/deux-soirs-au-maybe-festival\/\" \/>\n<meta property=\"og:site_name\" content=\"CaveCaenem\" \/>\n<meta property=\"article:published_time\" content=\"2026-08-30T11:08:12+00:00\" \/>\n<meta property=\"article:modified_time\" content=\"2026-08-30T11:08:13+00:00\" \/>\n<meta property=\"og:image\" content=\"https:\/\/cavecaenem.fr\/wp-content\/uploads\/2026\/08\/christine-scaled.jpg\" \/>\n\t<meta property=\"og:image:width\" content=\"1920\" \/>\n\t<meta property=\"og:image:height\" content=\"2560\" \/>\n<meta name=\"twitter:card\" content=\"summary_large_image\" \/>\n<meta name=\"twitter:label1\" content=\"\u00c9crit par\" \/>\n\t<meta name=\"twitter:data1\" content=\"Ren\u00e9 Fix\" \/>\n\t<meta name=\"twitter:label2\" content=\"Dur\u00e9e de lecture estim\u00e9e\" \/>\n\t<meta name=\"twitter:data2\" content=\"6 minutes\" \/>\n<script type=\"application\/ld+json\" class=\"yoast-schema-graph\">{\"@context\":\"https:\/\/schema.org\",\"@graph\":[{\"@type\":\"WebSite\",\"@id\":\"https:\/\/cavecaenem.fr\/#website\",\"url\":\"https:\/\/cavecaenem.fr\/\",\"name\":\"CaveCaenem\",\"description\":\"L\\u2019actualit\\u00e9 caennaise en toute subjectivit\\u00e9.\",\"publisher\":{\"@id\":\"https:\/\/cavecaenem.fr\/#\/schema\/person\/8adecaca43e137acf11e776d28d1e734\"},\"potentialAction\":[{\"@type\":\"SearchAction\",\"target\":{\"@type\":\"EntryPoint\",\"urlTemplate\":\"https:\/\/cavecaenem.fr\/?s={search_term_string}\"},\"query-input\":\"required name=search_term_string\"}],\"inLanguage\":\"fr-FR\"},{\"@type\":\"ImageObject\",\"@id\":\"https:\/\/cavecaenem.fr\/index.php\/2026\/08\/30\/deux-soirs-au-maybe-festival\/#primaryimage\",\"inLanguage\":\"fr-FR\",\"url\":\"https:\/\/cavecaenem.fr\/wp-content\/uploads\/2026\/08\/christine-scaled.jpg\",\"contentUrl\":\"https:\/\/cavecaenem.fr\/wp-content\/uploads\/2026\/08\/christine-scaled.jpg\",\"width\":1920,\"height\":2560},{\"@type\":\"WebPage\",\"@id\":\"https:\/\/cavecaenem.fr\/index.php\/2026\/08\/30\/deux-soirs-au-maybe-festival\/#webpage\",\"url\":\"https:\/\/cavecaenem.fr\/index.php\/2026\/08\/30\/deux-soirs-au-maybe-festival\/\",\"name\":\"Deux soirs au Maybe festival - CaveCaenem\",\"isPartOf\":{\"@id\":\"https:\/\/cavecaenem.fr\/#website\"},\"primaryImageOfPage\":{\"@id\":\"https:\/\/cavecaenem.fr\/index.php\/2026\/08\/30\/deux-soirs-au-maybe-festival\/#primaryimage\"},\"datePublished\":\"2026-08-30T11:08:12+00:00\",\"dateModified\":\"2026-08-30T11:08:13+00:00\",\"breadcrumb\":{\"@id\":\"https:\/\/cavecaenem.fr\/index.php\/2026\/08\/30\/deux-soirs-au-maybe-festival\/#breadcrumb\"},\"inLanguage\":\"fr-FR\",\"potentialAction\":[{\"@type\":\"ReadAction\",\"target\":[\"https:\/\/cavecaenem.fr\/index.php\/2026\/08\/30\/deux-soirs-au-maybe-festival\/\"]}]},{\"@type\":\"BreadcrumbList\",\"@id\":\"https:\/\/cavecaenem.fr\/index.php\/2026\/08\/30\/deux-soirs-au-maybe-festival\/#breadcrumb\",\"itemListElement\":[{\"@type\":\"ListItem\",\"position\":1,\"name\":\"Accueil\",\"item\":\"https:\/\/cavecaenem.fr\/\"},{\"@type\":\"ListItem\",\"position\":2,\"name\":\"Deux soirs au Maybe festival\"}]},{\"@type\":\"Article\",\"@id\":\"https:\/\/cavecaenem.fr\/index.php\/2026\/08\/30\/deux-soirs-au-maybe-festival\/#article\",\"isPartOf\":{\"@id\":\"https:\/\/cavecaenem.fr\/index.php\/2026\/08\/30\/deux-soirs-au-maybe-festival\/#webpage\"},\"author\":{\"@id\":\"https:\/\/cavecaenem.fr\/#\/schema\/person\/8adecaca43e137acf11e776d28d1e734\"},\"headline\":\"Deux soirs au Maybe festival\",\"datePublished\":\"2026-08-30T11:08:12+00:00\",\"dateModified\":\"2026-08-30T11:08:13+00:00\",\"mainEntityOfPage\":{\"@id\":\"https:\/\/cavecaenem.fr\/index.php\/2026\/08\/30\/deux-soirs-au-maybe-festival\/#webpage\"},\"wordCount\":1323,\"commentCount\":0,\"publisher\":{\"@id\":\"https:\/\/cavecaenem.fr\/#\/schema\/person\/8adecaca43e137acf11e776d28d1e734\"},\"image\":{\"@id\":\"https:\/\/cavecaenem.fr\/index.php\/2026\/08\/30\/deux-soirs-au-maybe-festival\/#primaryimage\"},\"thumbnailUrl\":\"https:\/\/cavecaenem.fr\/wp-content\/uploads\/2026\/08\/christine-scaled.jpg\",\"articleSection\":[\"La Nuit\"],\"inLanguage\":\"fr-FR\",\"potentialAction\":[{\"@type\":\"CommentAction\",\"name\":\"Comment\",\"target\":[\"https:\/\/cavecaenem.fr\/index.php\/2026\/08\/30\/deux-soirs-au-maybe-festival\/#respond\"]}]},{\"@type\":[\"Person\",\"Organization\"],\"@id\":\"https:\/\/cavecaenem.fr\/#\/schema\/person\/8adecaca43e137acf11e776d28d1e734\",\"name\":\"Ren\\u00e9 Fix\",\"image\":{\"@type\":\"ImageObject\",\"@id\":\"https:\/\/cavecaenem.fr\/#personlogo\",\"inLanguage\":\"fr-FR\",\"url\":\"https:\/\/secure.gravatar.com\/avatar\/b49591d8c60f351185d7719fe6f34144?s=96&d=mm&r=g\",\"contentUrl\":\"https:\/\/secure.gravatar.com\/avatar\/b49591d8c60f351185d7719fe6f34144?s=96&d=mm&r=g\",\"caption\":\"Ren\\u00e9 Fix\"},\"logo\":{\"@id\":\"https:\/\/cavecaenem.fr\/#personlogo\"}}]}<\/script>\n<!-- \/ Yoast SEO plugin. -->","yoast_head_json":{"title":"Deux soirs au Maybe festival - CaveCaenem","robots":{"index":"index","follow":"follow","max-snippet":"max-snippet:-1","max-image-preview":"max-image-preview:large","max-video-preview":"max-video-preview:-1"},"canonical":"https:\/\/cavecaenem.fr\/index.php\/2026\/08\/30\/deux-soirs-au-maybe-festival\/","og_locale":"fr_FR","og_type":"article","og_title":"Deux soirs au Maybe festival - CaveCaenem","og_description":"Vendredi 28 ao\u00fbt d\u00e9butait la troisi\u00e8me \u00e9dition du festival Maybe, \u00e0 May-sur-Orne, \u00e0 quelques kilom\u00e8tres de Caen. Entre volont\u00e9 caritative ( 50% des recettes sont ...","og_url":"https:\/\/cavecaenem.fr\/index.php\/2026\/08\/30\/deux-soirs-au-maybe-festival\/","og_site_name":"CaveCaenem","article_published_time":"2026-08-30T11:08:12+00:00","article_modified_time":"2026-08-30T11:08:13+00:00","og_image":[{"width":1920,"height":2560,"url":"https:\/\/cavecaenem.fr\/wp-content\/uploads\/2026\/08\/christine-scaled.jpg","type":"image\/jpeg"}],"twitter_card":"summary_large_image","twitter_misc":{"\u00c9crit par":"Ren\u00e9 Fix","Dur\u00e9e de lecture estim\u00e9e":"6 minutes"},"schema":{"@context":"https:\/\/schema.org","@graph":[{"@type":"WebSite","@id":"https:\/\/cavecaenem.fr\/#website","url":"https:\/\/cavecaenem.fr\/","name":"CaveCaenem","description":"L\u2019actualit\u00e9 caennaise en toute subjectivit\u00e9.","publisher":{"@id":"https:\/\/cavecaenem.fr\/#\/schema\/person\/8adecaca43e137acf11e776d28d1e734"},"potentialAction":[{"@type":"SearchAction","target":{"@type":"EntryPoint","urlTemplate":"https:\/\/cavecaenem.fr\/?s={search_term_string}"},"query-input":"required name=search_term_string"}],"inLanguage":"fr-FR"},{"@type":"ImageObject","@id":"https:\/\/cavecaenem.fr\/index.php\/2026\/08\/30\/deux-soirs-au-maybe-festival\/#primaryimage","inLanguage":"fr-FR","url":"https:\/\/cavecaenem.fr\/wp-content\/uploads\/2026\/08\/christine-scaled.jpg","contentUrl":"https:\/\/cavecaenem.fr\/wp-content\/uploads\/2026\/08\/christine-scaled.jpg","width":1920,"height":2560},{"@type":"WebPage","@id":"https:\/\/cavecaenem.fr\/index.php\/2026\/08\/30\/deux-soirs-au-maybe-festival\/#webpage","url":"https:\/\/cavecaenem.fr\/index.php\/2026\/08\/30\/deux-soirs-au-maybe-festival\/","name":"Deux soirs au Maybe festival - CaveCaenem","isPartOf":{"@id":"https:\/\/cavecaenem.fr\/#website"},"primaryImageOfPage":{"@id":"https:\/\/cavecaenem.fr\/index.php\/2026\/08\/30\/deux-soirs-au-maybe-festival\/#primaryimage"},"datePublished":"2026-08-30T11:08:12+00:00","dateModified":"2026-08-30T11:08:13+00:00","breadcrumb":{"@id":"https:\/\/cavecaenem.fr\/index.php\/2026\/08\/30\/deux-soirs-au-maybe-festival\/#breadcrumb"},"inLanguage":"fr-FR","potentialAction":[{"@type":"ReadAction","target":["https:\/\/cavecaenem.fr\/index.php\/2026\/08\/30\/deux-soirs-au-maybe-festival\/"]}]},{"@type":"BreadcrumbList","@id":"https:\/\/cavecaenem.fr\/index.php\/2026\/08\/30\/deux-soirs-au-maybe-festival\/#breadcrumb","itemListElement":[{"@type":"ListItem","position":1,"name":"Accueil","item":"https:\/\/cavecaenem.fr\/"},{"@type":"ListItem","position":2,"name":"Deux soirs au Maybe festival"}]},{"@type":"Article","@id":"https:\/\/cavecaenem.fr\/index.php\/2026\/08\/30\/deux-soirs-au-maybe-festival\/#article","isPartOf":{"@id":"https:\/\/cavecaenem.fr\/index.php\/2026\/08\/30\/deux-soirs-au-maybe-festival\/#webpage"},"author":{"@id":"https:\/\/cavecaenem.fr\/#\/schema\/person\/8adecaca43e137acf11e776d28d1e734"},"headline":"Deux soirs au Maybe festival","datePublished":"2026-08-30T11:08:12+00:00","dateModified":"2026-08-30T11:08:13+00:00","mainEntityOfPage":{"@id":"https:\/\/cavecaenem.fr\/index.php\/2026\/08\/30\/deux-soirs-au-maybe-festival\/#webpage"},"wordCount":1323,"commentCount":0,"publisher":{"@id":"https:\/\/cavecaenem.fr\/#\/schema\/person\/8adecaca43e137acf11e776d28d1e734"},"image":{"@id":"https:\/\/cavecaenem.fr\/index.php\/2026\/08\/30\/deux-soirs-au-maybe-festival\/#primaryimage"},"thumbnailUrl":"https:\/\/cavecaenem.fr\/wp-content\/uploads\/2026\/08\/christine-scaled.jpg","articleSection":["La Nuit"],"inLanguage":"fr-FR","potentialAction":[{"@type":"CommentAction","name":"Comment","target":["https:\/\/cavecaenem.fr\/index.php\/2026\/08\/30\/deux-soirs-au-maybe-festival\/#respond"]}]},{"@type":["Person","Organization"],"@id":"https:\/\/cavecaenem.fr\/#\/schema\/person\/8adecaca43e137acf11e776d28d1e734","name":"Ren\u00e9 Fix","image":{"@type":"ImageObject","@id":"https:\/\/cavecaenem.fr\/#personlogo","inLanguage":"fr-FR","url":"https:\/\/secure.gravatar.com\/avatar\/b49591d8c60f351185d7719fe6f34144?s=96&d=mm&r=g","contentUrl":"https:\/\/secure.gravatar.com\/avatar\/b49591d8c60f351185d7719fe6f34144?s=96&d=mm&r=g","caption":"Ren\u00e9 Fix"},"logo":{"@id":"https:\/\/cavecaenem.fr\/#personlogo"}}]}},"jetpack_featured_media_url":"https:\/\/cavecaenem.fr\/wp-content\/uploads\/2026\/08\/christine-scaled.jpg","_links":{"self":[{"href":"https:\/\/cavecaenem.fr\/index.php\/wp-json\/wp\/v2\/posts\/1240"}],"collection":[{"href":"https:\/\/cavecaenem.fr\/index.php\/wp-json\/wp\/v2\/posts"}],"about":[{"href":"https:\/\/cavecaenem.fr\/index.php\/wp-json\/wp\/v2\/types\/post"}],"author":[{"embeddable":true,"href":"https:\/\/cavecaenem.fr\/index.php\/wp-json\/wp\/v2\/users\/1"}],"replies":[{"embeddable":true,"href":"https:\/\/cavecaenem.fr\/index.php\/wp-json\/wp\/v2\/comments?post=1240"}],"version-history":[{"count":1,"href":"https:\/\/cavecaenem.fr\/index.php\/wp-json\/wp\/v2\/posts\/1240\/revisions"}],"predecessor-version":[{"id":1242,"href":"https:\/\/cavecaenem.fr\/index.php\/wp-json\/wp\/v2\/posts\/1240\/revisions\/1242"}],"wp:featuredmedia":[{"embeddable":true,"href":"https:\/\/cavecaenem.fr\/index.php\/wp-json\/wp\/v2\/media\/1241"}],"wp:attachment":[{"href":"https:\/\/cavecaenem.fr\/index.php\/wp-json\/wp\/v2\/media?parent=1240"}],"wp:term":[{"taxonomy":"category","embeddable":true,"href":"https:\/\/cavecaenem.fr\/index.php\/wp-json\/wp\/v2\/categories?post=1240"},{"taxonomy":"post_tag","embeddable":true,"href":"https:\/\/cavecaenem.fr\/index.php\/wp-json\/wp\/v2\/tags?post=1240"}],"curies":[{"name":"wp","href":"https:\/\/api.w.org\/{rel}","templated":true}]}}