{"id":1243,"date":"2026-09-06T11:21:57","date_gmt":"2026-09-06T09:21:57","guid":{"rendered":"https:\/\/cavecaenem.fr\/?p=1243"},"modified":"2026-09-06T11:21:58","modified_gmt":"2026-09-06T09:21:58","slug":"guinguette-electro-5-mon-universite-dete","status":"publish","type":"post","link":"https:\/\/cavecaenem.fr\/index.php\/2026\/09\/06\/guinguette-electro-5-mon-universite-dete\/","title":{"rendered":"Guinguette \u00e9lectro #5 : mon universit\u00e9 d\u2019\u00e9t\u00e9 !"},"content":{"rendered":"\n<p>Guinguette \u00e9lectro #5 : mon universit\u00e9 d\u2019\u00e9t\u00e9 !<\/p>\n\n\n\n<p>\u00c0 la fin de l\u2019\u00e9t\u00e9, les partis politiques se donnent rendez-vous pour parler \u00ab&nbsp;boutique&nbsp;\u00bb et surtout ranimer la flamme des sympathisants. Sous l\u2019appellation, parfois trompeuse, d\u2019universit\u00e9s d\u2019\u00e9t\u00e9, ces rassemblements, surtout en p\u00e9riode \u00e9lectorale, donnent aussi un premier aper\u00e7u des programmes en organisant une sorte de tour de chauffe avant la grande bataille ( pr\u00e9sidentielle).<\/p>\n\n\n\n<p>Depuis cinq ans, le collectif Senary, avec sa guinguette \u00e9lectro, nous propose un peu le m\u00eame principe : r\u00e9unir de mani\u00e8re festive les \u00absympathisants&nbsp;\u00bb de la cause \u00e9lectro tout en veillant \u00e0 s\u2019ouvrir \u00e0 un public plus large, pas n\u00e9cessairement acquis.&nbsp;<\/p>\n\n\n\n<p>La recette, s\u2019affinant d\u2019ann\u00e9e en ann\u00e9e, est en passe de devenir un succ\u00e8s \u00e9clatant et si le temps est de la partie, ce mini-festival en plein air, gratuit, coche toutes les cases d\u2019une excellente animation culturelle.<\/p>\n\n\n\n<p>On peut imaginer les sueurs froides des organisateurs vendredi soir, face \u00e0 la m\u00e9t\u00e9o plus que morose mais le soleil est l\u00e0 et vers 16h, \u00e0 mon premier passage, Laohu fait vrombir sa machinerie dance devant un parterre familial plus ou moins complice ou circonspect. Laohu a bien compris qu\u2019il faut ratisser large, musicalement, tout en veillant \u00e0 ne pas se renier et cela donne un set dynamique qui, sans heurter les oreilles profanes, glisse \u00e7a et l\u00e0 quelques p\u00e9pites \u00abcentristes&nbsp;\u00bb s\u2019il fallait poursuivre la m\u00e9taphore politique. On est, quelque part entre Bodrum et Ibiza, et c\u2019est \u00ab&nbsp;quali&nbsp;\u00bb sans \u00eatre vulgaire ce qui, avec l\u2019EDM, reste un d\u00e9fi !&nbsp;<\/p>\n\n\n\n<p>Sur place, on retrouve les stands habituels et fort heureusement une (petite) am\u00e9lioration dans la gestion des bars m\u00eame si, au fil de la soir\u00e9e on fait la queue non sans papoter avec les autres, c\u2019est \u00e7a aussi ( et surtout) la magie de la guinguette, ce plaisir de la rentr\u00e9e des classes, cette assurance de retrouver mes complices de la nuit electro caennaise. Au-del\u00e0 du rendez-vous festif, la guinguette est parvenue, en quelques ann\u00e9es, \u00e0 devenir ce moment strat\u00e9gique qui ouvre la saison musicale. Quelques agencements in\u00e9dits renforcent l\u2019identit\u00e9 de l\u2019\u00e9v\u00e9nement comme cette immense portique jaune, \u00e0 l\u2019entr\u00e9e du site qui semble nous dire, \u00e0 l\u2019inverse de l\u2019Enfer de Dante : \u00ab&nbsp;Vous qui entrez ici, laissez tous vos soucis !&nbsp;\u00bb.&nbsp;<\/p>\n\n\n\n<p>De retour vers 19h, soigneusement pr\u00e9par\u00e9 par des basses audibles de tr\u00e8s loin, Vertu\u00f8ze, en B2B avec HCo, d\u00e9placent un peu le curseur \u00e9lectoral vers une gauche un plus progressiste. Inutile de dire que mes m\u00e9taphores politiques n\u2019engagent que moi et qu\u2019elles ne sont en rien des accusations. Avec les deux DJs, on passe du short de plage Vilebrequin au tatouage tribal ( \u00e0 noter que chez les \u00ab&nbsp;bobos&nbsp;\u00bb ce n\u2019est pas contradictoire). Le dialogue complice entre les deux DJs fait plaisir \u00e0 entendre et confirme l\u2019impression d\u2019un line up ma\u00eetris\u00e9 aux petits oignons qui va, subtilement, nous faire glisser dans des zones esth\u00e9tiques de plus en plus \u2026extr\u00eames. Contrairement \u00e0 l\u2019apr\u00e8s-midi o\u00f9 le public h\u00e9sitait \u00e0 danser, la piste est pleine \u00e0 craquer et d\u00e9guste avec une ivresse (raisonnable) la mont\u00e9e en tension des bpm(s) et des kicks. La foule est diverse, vari\u00e9e, des jeunes, des vieux, des \u00ab&nbsp;styl\u00e9s&nbsp;\u00bb c\u00f4toient des short-claquettes et ce brassage social, loin des communaut\u00e9s partisanes, fait plaisir \u00e0 voir.&nbsp;<\/p>\n\n\n\n<p>SPRNS, fid\u00e8le \u00e0 elle-m\u00eame, embarque le public, plus complice que jamais, dans son univers \u00ab&nbsp;remix\u00e9&nbsp;\u00bb ou l\u2019Insomnia l\u00e9gendaire de Faithless entre en collision frontale avec un remix de Deeper love. Comme \u00e0 la foire, c\u2019est parti pour un \u00e9norme tour de man\u00e8ge, sautillant \u00e0 souhait. La nuit est tomb\u00e9e depuis longtemps et la boule \u00e0 facettes fait miroiter les frondaisons du parc de Biez de Mondeville et&nbsp; des danseurs, dans le public, se l\u00e2chent sur des pistolets \u00e0 bulles qui s\u2019\u00e9clatent en montant dans le ciel sous les yeux \u00e9merveill\u00e9s des enfants encore pr\u00e9sents ( avec casque !). Ce n\u2019est peut-\u00eatre pas le paradis mais pour ma part une ambiance aussi cool, je veux bien en faire mon enfer !&nbsp;<\/p>\n\n\n\n<p>Avec Slipstream, on change encore de braquet : finies les voix soul \u00ab&nbsp;sur-pimp\u00e9es&nbsp;\u00bb en bpm, place \u00e0 l\u2019aust\u00e9rit\u00e9 radicale d\u2019une techno qui galope, galope, galope. Plus aucune voix pour enrober la musique mais l\u2019\u00e9vidence d\u2019une construction rythmique. Mine de rien, en suivant de bout en bout cette guinguette, on pouvait se faire un voyage dans la jungle \u00e9lectro \u2026<\/p>\n\n\n\n<p>Le closing de la soir\u00e9e nous invite \u00e0 d\u00e9couvrir le live de Greeds. Si j\u2019ai pu \u00e9mettre, parfois, quelques r\u00e9serves sur cet artiste, il nous aura livr\u00e9, hier soir, une prestation indiscutable. Les lignes m\u00e9lodiques, aussi rares que pr\u00e9cises, servent de trame \u00e0 une puissante mont\u00e9e en tension. L\u2019exercice du live ( le son&nbsp; est compos\u00e9 en direct) est p\u00e9rilleux avec un double risque : celui d\u2019un discours trop pr\u00e9par\u00e9 \u00e0 l\u2019avance et celui de l\u2019impro qui finit sur le bas-c\u00f4t\u00e9. Greeds tient fermement les r\u00eanes de son live tout en laissant respirer ses boucles musicales. Cela donne plus d\u2019une heure de haute voltige et confirme, s\u2019il en \u00e9tait besoin, la bonne sant\u00e9 du collectif Senary.&nbsp;<\/p>\n\n\n\n<p>Comment ne pas \u00eatre admiratif devant l\u2019\u00e9nergie de Senary qui, contre vents et mar\u00e9es, sans aucune aide institutionnelle p\u00e9renne, peut aussi insolemment, organiser un tel \u00e9v\u00e9nement. S\u2019il fallait une preuve ( politique !) pour justifier la vitalit\u00e9 et la n\u00e9cessit\u00e9 du tissu associatif en France, il suffit de se rendre \u00e0 la Guinguette. Quelle autre institution culturelle peut se targuer, sans jamais trahir l\u2019exigence artistique, de r\u00e9unir un public aussi divers socialement ? C\u2019est aussi et peut-\u00eatre surtout pour cela que je milite \u00e0 ma fa\u00e7on pour qu\u2019on reconnaisse \u00e0 juste titre cette culture \u00ab&nbsp;electro&nbsp;\u00bb.&nbsp;<\/p>\n\n\n\n<p><\/p>\n","protected":false},"excerpt":{"rendered":"<p>Guinguette \u00e9lectro #5 : mon universit\u00e9 d\u2019\u00e9t\u00e9 ! \u00c0 la fin de l\u2019\u00e9t\u00e9, les partis politiques se donnent rendez-vous pour parler \u00ab&nbsp;boutique&nbsp;\u00bb et surtout ranimer &#8230;<\/p>\n","protected":false},"author":1,"featured_media":1244,"comment_status":"open","ping_status":"open","sticky":false,"template":"","format":"standard","meta":{"spay_email":""},"categories":[1],"tags":[],"yoast_head":"<!-- This site is optimized with the Yoast SEO plugin v17.7.1 - https:\/\/yoast.com\/wordpress\/plugins\/seo\/ -->\n<title>Guinguette \u00e9lectro #5 : mon universit\u00e9 d\u2019\u00e9t\u00e9 ! - CaveCaenem<\/title>\n<meta name=\"robots\" content=\"index, follow, max-snippet:-1, max-image-preview:large, max-video-preview:-1\" \/>\n<link rel=\"canonical\" href=\"https:\/\/cavecaenem.fr\/index.php\/2026\/09\/06\/guinguette-electro-5-mon-universite-dete\/\" \/>\n<meta property=\"og:locale\" content=\"fr_FR\" \/>\n<meta property=\"og:type\" content=\"article\" \/>\n<meta property=\"og:title\" content=\"Guinguette \u00e9lectro #5 : mon universit\u00e9 d\u2019\u00e9t\u00e9 ! - CaveCaenem\" \/>\n<meta property=\"og:description\" content=\"Guinguette \u00e9lectro #5 : mon universit\u00e9 d\u2019\u00e9t\u00e9 ! \u00c0 la fin de l\u2019\u00e9t\u00e9, les partis politiques se donnent rendez-vous pour parler \u00ab&nbsp;boutique&nbsp;\u00bb et surtout ranimer ...\" \/>\n<meta property=\"og:url\" content=\"https:\/\/cavecaenem.fr\/index.php\/2026\/09\/06\/guinguette-electro-5-mon-universite-dete\/\" \/>\n<meta property=\"og:site_name\" content=\"CaveCaenem\" \/>\n<meta property=\"article:published_time\" content=\"2026-09-06T09:21:57+00:00\" \/>\n<meta property=\"article:modified_time\" content=\"2026-09-06T09:21:58+00:00\" \/>\n<meta property=\"og:image\" content=\"https:\/\/cavecaenem.fr\/wp-content\/uploads\/2026\/09\/guinguette-scaled.jpg\" \/>\n\t<meta property=\"og:image:width\" content=\"2560\" \/>\n\t<meta property=\"og:image:height\" content=\"1920\" \/>\n<meta name=\"twitter:card\" content=\"summary_large_image\" \/>\n<meta name=\"twitter:label1\" content=\"\u00c9crit par\" \/>\n\t<meta name=\"twitter:data1\" content=\"Ren\u00e9 Fix\" \/>\n\t<meta name=\"twitter:label2\" content=\"Dur\u00e9e de lecture estim\u00e9e\" \/>\n\t<meta name=\"twitter:data2\" content=\"4 minutes\" \/>\n<script type=\"application\/ld+json\" class=\"yoast-schema-graph\">{\"@context\":\"https:\/\/schema.org\",\"@graph\":[{\"@type\":\"WebSite\",\"@id\":\"https:\/\/cavecaenem.fr\/#website\",\"url\":\"https:\/\/cavecaenem.fr\/\",\"name\":\"CaveCaenem\",\"description\":\"L\\u2019actualit\\u00e9 caennaise en toute subjectivit\\u00e9.\",\"publisher\":{\"@id\":\"https:\/\/cavecaenem.fr\/#\/schema\/person\/8adecaca43e137acf11e776d28d1e734\"},\"potentialAction\":[{\"@type\":\"SearchAction\",\"target\":{\"@type\":\"EntryPoint\",\"urlTemplate\":\"https:\/\/cavecaenem.fr\/?s={search_term_string}\"},\"query-input\":\"required name=search_term_string\"}],\"inLanguage\":\"fr-FR\"},{\"@type\":\"ImageObject\",\"@id\":\"https:\/\/cavecaenem.fr\/index.php\/2026\/09\/06\/guinguette-electro-5-mon-universite-dete\/#primaryimage\",\"inLanguage\":\"fr-FR\",\"url\":\"https:\/\/cavecaenem.fr\/wp-content\/uploads\/2026\/09\/guinguette-scaled.jpg\",\"contentUrl\":\"https:\/\/cavecaenem.fr\/wp-content\/uploads\/2026\/09\/guinguette-scaled.jpg\",\"width\":2560,\"height\":1920},{\"@type\":\"WebPage\",\"@id\":\"https:\/\/cavecaenem.fr\/index.php\/2026\/09\/06\/guinguette-electro-5-mon-universite-dete\/#webpage\",\"url\":\"https:\/\/cavecaenem.fr\/index.php\/2026\/09\/06\/guinguette-electro-5-mon-universite-dete\/\",\"name\":\"Guinguette \\u00e9lectro #5 : mon universit\\u00e9 d\\u2019\\u00e9t\\u00e9 ! - CaveCaenem\",\"isPartOf\":{\"@id\":\"https:\/\/cavecaenem.fr\/#website\"},\"primaryImageOfPage\":{\"@id\":\"https:\/\/cavecaenem.fr\/index.php\/2026\/09\/06\/guinguette-electro-5-mon-universite-dete\/#primaryimage\"},\"datePublished\":\"2026-09-06T09:21:57+00:00\",\"dateModified\":\"2026-09-06T09:21:58+00:00\",\"breadcrumb\":{\"@id\":\"https:\/\/cavecaenem.fr\/index.php\/2026\/09\/06\/guinguette-electro-5-mon-universite-dete\/#breadcrumb\"},\"inLanguage\":\"fr-FR\",\"potentialAction\":[{\"@type\":\"ReadAction\",\"target\":[\"https:\/\/cavecaenem.fr\/index.php\/2026\/09\/06\/guinguette-electro-5-mon-universite-dete\/\"]}]},{\"@type\":\"BreadcrumbList\",\"@id\":\"https:\/\/cavecaenem.fr\/index.php\/2026\/09\/06\/guinguette-electro-5-mon-universite-dete\/#breadcrumb\",\"itemListElement\":[{\"@type\":\"ListItem\",\"position\":1,\"name\":\"Accueil\",\"item\":\"https:\/\/cavecaenem.fr\/\"},{\"@type\":\"ListItem\",\"position\":2,\"name\":\"Guinguette \\u00e9lectro #5 : mon universit\\u00e9 d\\u2019\\u00e9t\\u00e9 !\"}]},{\"@type\":\"Article\",\"@id\":\"https:\/\/cavecaenem.fr\/index.php\/2026\/09\/06\/guinguette-electro-5-mon-universite-dete\/#article\",\"isPartOf\":{\"@id\":\"https:\/\/cavecaenem.fr\/index.php\/2026\/09\/06\/guinguette-electro-5-mon-universite-dete\/#webpage\"},\"author\":{\"@id\":\"https:\/\/cavecaenem.fr\/#\/schema\/person\/8adecaca43e137acf11e776d28d1e734\"},\"headline\":\"Guinguette \\u00e9lectro #5 : mon universit\\u00e9 d\\u2019\\u00e9t\\u00e9 !\",\"datePublished\":\"2026-09-06T09:21:57+00:00\",\"dateModified\":\"2026-09-06T09:21:58+00:00\",\"mainEntityOfPage\":{\"@id\":\"https:\/\/cavecaenem.fr\/index.php\/2026\/09\/06\/guinguette-electro-5-mon-universite-dete\/#webpage\"},\"wordCount\":1026,\"commentCount\":0,\"publisher\":{\"@id\":\"https:\/\/cavecaenem.fr\/#\/schema\/person\/8adecaca43e137acf11e776d28d1e734\"},\"image\":{\"@id\":\"https:\/\/cavecaenem.fr\/index.php\/2026\/09\/06\/guinguette-electro-5-mon-universite-dete\/#primaryimage\"},\"thumbnailUrl\":\"https:\/\/cavecaenem.fr\/wp-content\/uploads\/2026\/09\/guinguette-scaled.jpg\",\"articleSection\":[\"La Nuit\"],\"inLanguage\":\"fr-FR\",\"potentialAction\":[{\"@type\":\"CommentAction\",\"name\":\"Comment\",\"target\":[\"https:\/\/cavecaenem.fr\/index.php\/2026\/09\/06\/guinguette-electro-5-mon-universite-dete\/#respond\"]}]},{\"@type\":[\"Person\",\"Organization\"],\"@id\":\"https:\/\/cavecaenem.fr\/#\/schema\/person\/8adecaca43e137acf11e776d28d1e734\",\"name\":\"Ren\\u00e9 Fix\",\"image\":{\"@type\":\"ImageObject\",\"@id\":\"https:\/\/cavecaenem.fr\/#personlogo\",\"inLanguage\":\"fr-FR\",\"url\":\"https:\/\/secure.gravatar.com\/avatar\/b49591d8c60f351185d7719fe6f34144?s=96&d=mm&r=g\",\"contentUrl\":\"https:\/\/secure.gravatar.com\/avatar\/b49591d8c60f351185d7719fe6f34144?s=96&d=mm&r=g\",\"caption\":\"Ren\\u00e9 Fix\"},\"logo\":{\"@id\":\"https:\/\/cavecaenem.fr\/#personlogo\"}}]}<\/script>\n<!-- \/ Yoast SEO plugin. -->","yoast_head_json":{"title":"Guinguette \u00e9lectro #5 : mon universit\u00e9 d\u2019\u00e9t\u00e9 ! - CaveCaenem","robots":{"index":"index","follow":"follow","max-snippet":"max-snippet:-1","max-image-preview":"max-image-preview:large","max-video-preview":"max-video-preview:-1"},"canonical":"https:\/\/cavecaenem.fr\/index.php\/2026\/09\/06\/guinguette-electro-5-mon-universite-dete\/","og_locale":"fr_FR","og_type":"article","og_title":"Guinguette \u00e9lectro #5 : mon universit\u00e9 d\u2019\u00e9t\u00e9 ! - CaveCaenem","og_description":"Guinguette \u00e9lectro #5 : mon universit\u00e9 d\u2019\u00e9t\u00e9 ! \u00c0 la fin de l\u2019\u00e9t\u00e9, les partis politiques se donnent rendez-vous pour parler \u00ab&nbsp;boutique&nbsp;\u00bb et surtout ranimer ...","og_url":"https:\/\/cavecaenem.fr\/index.php\/2026\/09\/06\/guinguette-electro-5-mon-universite-dete\/","og_site_name":"CaveCaenem","article_published_time":"2026-09-06T09:21:57+00:00","article_modified_time":"2026-09-06T09:21:58+00:00","og_image":[{"width":2560,"height":1920,"url":"https:\/\/cavecaenem.fr\/wp-content\/uploads\/2026\/09\/guinguette-scaled.jpg","type":"image\/jpeg"}],"twitter_card":"summary_large_image","twitter_misc":{"\u00c9crit par":"Ren\u00e9 Fix","Dur\u00e9e de lecture estim\u00e9e":"4 minutes"},"schema":{"@context":"https:\/\/schema.org","@graph":[{"@type":"WebSite","@id":"https:\/\/cavecaenem.fr\/#website","url":"https:\/\/cavecaenem.fr\/","name":"CaveCaenem","description":"L\u2019actualit\u00e9 caennaise en toute subjectivit\u00e9.","publisher":{"@id":"https:\/\/cavecaenem.fr\/#\/schema\/person\/8adecaca43e137acf11e776d28d1e734"},"potentialAction":[{"@type":"SearchAction","target":{"@type":"EntryPoint","urlTemplate":"https:\/\/cavecaenem.fr\/?s={search_term_string}"},"query-input":"required name=search_term_string"}],"inLanguage":"fr-FR"},{"@type":"ImageObject","@id":"https:\/\/cavecaenem.fr\/index.php\/2026\/09\/06\/guinguette-electro-5-mon-universite-dete\/#primaryimage","inLanguage":"fr-FR","url":"https:\/\/cavecaenem.fr\/wp-content\/uploads\/2026\/09\/guinguette-scaled.jpg","contentUrl":"https:\/\/cavecaenem.fr\/wp-content\/uploads\/2026\/09\/guinguette-scaled.jpg","width":2560,"height":1920},{"@type":"WebPage","@id":"https:\/\/cavecaenem.fr\/index.php\/2026\/09\/06\/guinguette-electro-5-mon-universite-dete\/#webpage","url":"https:\/\/cavecaenem.fr\/index.php\/2026\/09\/06\/guinguette-electro-5-mon-universite-dete\/","name":"Guinguette \u00e9lectro #5 : mon universit\u00e9 d\u2019\u00e9t\u00e9 ! - CaveCaenem","isPartOf":{"@id":"https:\/\/cavecaenem.fr\/#website"},"primaryImageOfPage":{"@id":"https:\/\/cavecaenem.fr\/index.php\/2026\/09\/06\/guinguette-electro-5-mon-universite-dete\/#primaryimage"},"datePublished":"2026-09-06T09:21:57+00:00","dateModified":"2026-09-06T09:21:58+00:00","breadcrumb":{"@id":"https:\/\/cavecaenem.fr\/index.php\/2026\/09\/06\/guinguette-electro-5-mon-universite-dete\/#breadcrumb"},"inLanguage":"fr-FR","potentialAction":[{"@type":"ReadAction","target":["https:\/\/cavecaenem.fr\/index.php\/2026\/09\/06\/guinguette-electro-5-mon-universite-dete\/"]}]},{"@type":"BreadcrumbList","@id":"https:\/\/cavecaenem.fr\/index.php\/2026\/09\/06\/guinguette-electro-5-mon-universite-dete\/#breadcrumb","itemListElement":[{"@type":"ListItem","position":1,"name":"Accueil","item":"https:\/\/cavecaenem.fr\/"},{"@type":"ListItem","position":2,"name":"Guinguette \u00e9lectro #5 : mon universit\u00e9 d\u2019\u00e9t\u00e9 !"}]},{"@type":"Article","@id":"https:\/\/cavecaenem.fr\/index.php\/2026\/09\/06\/guinguette-electro-5-mon-universite-dete\/#article","isPartOf":{"@id":"https:\/\/cavecaenem.fr\/index.php\/2026\/09\/06\/guinguette-electro-5-mon-universite-dete\/#webpage"},"author":{"@id":"https:\/\/cavecaenem.fr\/#\/schema\/person\/8adecaca43e137acf11e776d28d1e734"},"headline":"Guinguette \u00e9lectro #5 : mon universit\u00e9 d\u2019\u00e9t\u00e9 !","datePublished":"2026-09-06T09:21:57+00:00","dateModified":"2026-09-06T09:21:58+00:00","mainEntityOfPage":{"@id":"https:\/\/cavecaenem.fr\/index.php\/2026\/09\/06\/guinguette-electro-5-mon-universite-dete\/#webpage"},"wordCount":1026,"commentCount":0,"publisher":{"@id":"https:\/\/cavecaenem.fr\/#\/schema\/person\/8adecaca43e137acf11e776d28d1e734"},"image":{"@id":"https:\/\/cavecaenem.fr\/index.php\/2026\/09\/06\/guinguette-electro-5-mon-universite-dete\/#primaryimage"},"thumbnailUrl":"https:\/\/cavecaenem.fr\/wp-content\/uploads\/2026\/09\/guinguette-scaled.jpg","articleSection":["La Nuit"],"inLanguage":"fr-FR","potentialAction":[{"@type":"CommentAction","name":"Comment","target":["https:\/\/cavecaenem.fr\/index.php\/2026\/09\/06\/guinguette-electro-5-mon-universite-dete\/#respond"]}]},{"@type":["Person","Organization"],"@id":"https:\/\/cavecaenem.fr\/#\/schema\/person\/8adecaca43e137acf11e776d28d1e734","name":"Ren\u00e9 Fix","image":{"@type":"ImageObject","@id":"https:\/\/cavecaenem.fr\/#personlogo","inLanguage":"fr-FR","url":"https:\/\/secure.gravatar.com\/avatar\/b49591d8c60f351185d7719fe6f34144?s=96&d=mm&r=g","contentUrl":"https:\/\/secure.gravatar.com\/avatar\/b49591d8c60f351185d7719fe6f34144?s=96&d=mm&r=g","caption":"Ren\u00e9 Fix"},"logo":{"@id":"https:\/\/cavecaenem.fr\/#personlogo"}}]}},"jetpack_featured_media_url":"https:\/\/cavecaenem.fr\/wp-content\/uploads\/2026\/09\/guinguette-scaled.jpg","_links":{"self":[{"href":"https:\/\/cavecaenem.fr\/index.php\/wp-json\/wp\/v2\/posts\/1243"}],"collection":[{"href":"https:\/\/cavecaenem.fr\/index.php\/wp-json\/wp\/v2\/posts"}],"about":[{"href":"https:\/\/cavecaenem.fr\/index.php\/wp-json\/wp\/v2\/types\/post"}],"author":[{"embeddable":true,"href":"https:\/\/cavecaenem.fr\/index.php\/wp-json\/wp\/v2\/users\/1"}],"replies":[{"embeddable":true,"href":"https:\/\/cavecaenem.fr\/index.php\/wp-json\/wp\/v2\/comments?post=1243"}],"version-history":[{"count":1,"href":"https:\/\/cavecaenem.fr\/index.php\/wp-json\/wp\/v2\/posts\/1243\/revisions"}],"predecessor-version":[{"id":1245,"href":"https:\/\/cavecaenem.fr\/index.php\/wp-json\/wp\/v2\/posts\/1243\/revisions\/1245"}],"wp:featuredmedia":[{"embeddable":true,"href":"https:\/\/cavecaenem.fr\/index.php\/wp-json\/wp\/v2\/media\/1244"}],"wp:attachment":[{"href":"https:\/\/cavecaenem.fr\/index.php\/wp-json\/wp\/v2\/media?parent=1243"}],"wp:term":[{"taxonomy":"category","embeddable":true,"href":"https:\/\/cavecaenem.fr\/index.php\/wp-json\/wp\/v2\/categories?post=1243"},{"taxonomy":"post_tag","embeddable":true,"href":"https:\/\/cavecaenem.fr\/index.php\/wp-json\/wp\/v2\/tags?post=1243"}],"curies":[{"name":"wp","href":"https:\/\/api.w.org\/{rel}","templated":true}]}}