{"id":220,"date":"2019-11-23T19:09:03","date_gmt":"2019-11-23T18:09:03","guid":{"rendered":"https:\/\/cavecaenem.fr\/?p=220"},"modified":"2019-11-23T19:09:04","modified_gmt":"2019-11-23T18:09:04","slug":"les-ombres-la-nuit-8","status":"publish","type":"post","link":"https:\/\/cavecaenem.fr\/index.php\/2019\/11\/23\/les-ombres-la-nuit-8\/","title":{"rendered":"Les Ombres, la nuit&#8230;#8"},"content":{"rendered":"\n<p>Les Ombres, la nuit\u2026 #8<br><\/p>\n\n\n\n<p>Et si on parlait finances\u2026<br><\/p>\n\n\n\n<p>Une premi\u00e8re visite, en plein jour, de la salle \u201ccommunale\u201d avait un peu douch\u00e9 l\u2019enthousiasme des cinq. M\u00eame avec la meilleure des volont\u00e9s, il \u00e9tait tout de m\u00eame tr\u00e8s difficile de se projeter artistiquement dans un espace aussi m\u00e9diocrement&#8230;neutre. Un carrelage blanc, des murs&#8230;blancs, un plafond &#8230;blanc avec son in\u00e9vitable \u00e9clairage n\u00e9on. On \u00e9tait bien dans une salle municipale, avec ses relents de frites-saucisses et sa cruelle tristesse.&nbsp;<\/p>\n\n\n\n<p>Lisbeth, la premi\u00e8re \u00e0 prendre la parole apr\u00e8s le choc de la d\u00e9couverte du lieu s\u2019\u00e9cria : va falloir qu\u2019on fasse preuve de beaucoup d\u2019intelligence pour la d\u00e9co ! Ce \u00e0 quoi C\u00e9lian r\u00e9pondit : C\u2019est un truc de bonne femme, la d\u00e9co, moi, ce que je dis, c\u2019est qu\u2019on mise tout sur la musique et on s\u2019en fout de la d\u00e9co !<\/p>\n\n\n\n<p>S\u2019en suivirent dix minutes de discussion. Une table, communale comme il se doit et qui avait servi la veille pour le \u201cbingo\u201d des petits vieux, fut r\u00e9quisitionn\u00e9e par les cinq et Victor en profita pour sortir son petit carnet tout en demandant : on peut raisonnablement tabler sur combien d\u2019entr\u00e9es payantes ?&nbsp;<\/p>\n\n\n\n<p>Romuald, g\u00e9rant plus ou moins la \u201ccom\u201d de la soir\u00e9e, apporta une pierre suppl\u00e9mentaire au mur des lamentations qui se construisait sous leurs yeux en rappelant quelques donn\u00e9es brutes et cruelles. Sur Facebook, on en est \u00e0 plus de 800 \u201cint\u00e9ress\u00e9s\u201d mais \u00e7a fait trois jours que les pr\u00e9ventes plafonnent&#8230;Combien, demanda Lisbeth. Histoire de gagner du temps, Romuald sortit son t\u00e9l\u00e9phone, et apr\u00e8s des dizaines et des dizaines de glissements sur la vitre ( bris\u00e9e !) de son Iphone annon\u00e7a : 127 !<\/p>\n\n\n\n<p>Putain, les gars, c\u2019est pas g\u00e9nial ! Jonas n\u2019avait pas pu se retenir et il finit par rougir en voyant les yeux de ses quatre amis se tourner vers lui avec une lueur d\u2019indignation qu\u2019il ne comprit que trop tard.&nbsp;<\/p>\n\n\n\n<p>Pour tenter de d\u00e9sactiver le spectre de la d\u00e9mobilisation, Victor ne manqua pas de redire qu\u2019ils \u00e9taient \u00e0 deux semaines de la soir\u00e9e, que cela ne voulait rien dire, que c\u2019\u00e9tait toujours comme \u00e7a, mais le mal \u00e9tait fait. On en est o\u00f9 sur le matos demanda-t-il ensuite \u00e0 Jonas, qui apr\u00e8s d\u2019obscures tractations \u00e9tait devenu le responsable du \u201cparc\u201d technique, un \u201cparc\u201d qui se r\u00e9duisait \u00e0 deux consoles vieillissantes et capricieuses.&nbsp;<\/p>\n\n\n\n<p>Je m\u2019en occupe, et je suis en n\u00e9go avec une bo\u00eete de Vire qui peut nous pr\u00eater les enceintes et un \u00e9clairage de base ! Qui peut ou qui va ? s\u2019empressa d\u2019ajouter Lisbeth. C\u2019\u00e9tait reparti pour d\u2019interminables palabres\u2026. Le seul point positif qui finit par les ragaillardir fut quand ils prirent conscience que la nuit tombant vers 18h, il \u00e9tait parfaitement inutile de pr\u00e9voir de quoi occulter la salle. Lisbeth tenta bien une remarque dans laquelle elle soulevait le c\u00f4t\u00e9 ringard d\u2019une lumi\u00e8re qui bavait vers l\u2019ext\u00e9rieur \u00e0 travers les fen\u00eatres, mais les quatre gars lui clou\u00e8rent le bec en lui disant que si \u00e7a la faisait chier, elle n\u2019avait qu\u2019\u00e0 s\u2019en occuper mais qu\u2019eux n\u2019allaient pas perdre leur temps \u00e0 occulter les fen\u00eatre, dont acte ! Se posa ensuite la question de l\u2019ambiance g\u00e9n\u00e9rale, chacun rappelant aux autres que c\u2019\u00e9tait l\u00e0 leur premi\u00e8re soir\u00e9e et qu\u2019elle \u00e9tait en quelque sorte une \u201ccarte de visite\u201d du Kleub. Romuald, sans vraiment en parler aux autres, avait lanc\u00e9 la com de la soir\u00e9e en privil\u00e9giant des visuels autour de l\u2019univers du jeu et plus pr\u00e9cis\u00e9ment des cartes \u00e0 jouer. Quand Victor avait os\u00e9 demander les raisons qui l\u2019avaient conduit \u00e0 un tel choix, Romuald s\u2019\u00e9tait content\u00e9 de dire que pour lui, le Kleub sonnait tout de m\u00eame un peu comme le club de bridge !!! Les autres, penauds et honteux de l\u2019avoir un peu laiss\u00e9 seul sur la question de la com avaient valid\u00e9, apr\u00e8s coup, ce choix et voil\u00e0 qu\u2019ils se retrouvaient \u00e0 d\u00e9lirer autour de la reine de pique, du valet de coeur&#8230;Ils pouss\u00e8rent un grand \u201couf\u201d de soulagement quand Jonas parla des deux lasers hypoth\u00e9tiquement compris dans le \u201cdeal\u201d qu\u2019il n\u00e9gociait avec la bo\u00eete de Vire. Selon lui, c\u2019\u00e9tait tout \u00e0 fait possible de programmer les rayons des lasers, ainsi on&nbsp; aurait des coeurs, des tr\u00e8fles, des piques, des carreaux en veux-tu, en voil\u00e0, en rouge, en vert, en bleu. Aussit\u00f4t Romuald, assez vers\u00e9 dans les questions pratiques, examina une nouvelle fois la salle du regard pour tenter de rep\u00e9rer des points d\u2019accroche possibles pour les deux lasers, et de points d\u2019accroche, il n\u2019y en avait &#8230;point ! C\u2019\u00e9tait un peu comme si la salle se plaisait \u00e0 les provoquer dans son aust\u00e8re nudit\u00e9. Rien qu\u2019en pieds, portiques et c\u00e2blages il y  en aurait pour une fortune ! Il \u00e9tait temps d\u2019aborder la d\u00e9licate question du nerf de la guerre, d\u2019aborder la question du budget. Sur ses fonds propres, la nouvellement cr\u00e9\u00e9e association Le Kleub disposait de la rondelette somme de 867 euros sur un compte  (ouvert aupr\u00e8s de la banque du p\u00e8re de Jonas). Pas de quoi faire des folies, d\u2019autant qu\u2019une partie non n\u00e9gligeable de ce \u201ccash\u201d disponible devait servir ( ou justifier) quelques achats dont l\u2019indispensable platine Pioneer (valeur 1800 euros). En ce qui concerne la billetterie, ils avaient fait comme les autres associations, un prestataire ext\u00e9rieur se chargerait des ventes avec les d\u00e9sormais trois phases, prime absolue pour les \u201cearly birds\u201d, ces premiers acheteurs qui auraient l\u00e2ch\u00e9 les dix euros ! Mais, au d\u00e9but de l\u2019aventure, les cinq avaient un peu surestim\u00e9 leur notori\u00e9t\u00e9 et dans leur projection financi\u00e8re initiale ils avaient tabl\u00e9 sur un chiffre plus proche de 300 pour les premi\u00e8res pr\u00e9-ventes. Ils avaient tous en t\u00eate le crash financier d\u2019une \u201casso\u201d qui, l\u2019an dernier, s\u2019\u00e9tait pris un \u201cbouillon\u201d de 3000 euros \u00e0 la suite d\u2019une soir\u00e9e malheureusement positionn\u00e9e en m\u00eame temps qu\u2019une rave dont elle n\u2019avait pas entendu parler. On peut \u00eatre bons musiciens et mauvais gestionnaires \u2026.Le p\u00e8re de Jonas, bon prince et m\u00e9c\u00e8ne aux petits pieds, leur avait royalement accord\u00e9 un d\u00e9ficit de 3000 euros, \u00e0 combler dans les deux mois apr\u00e8s la soir\u00e9e, mais en&nbsp; fils de bourgeois, les cinq tremblaient rien qu\u2019\u00e0 l\u2019id\u00e9e d\u2019un trou de 30 euros dans la caisse. S\u2019ils vivaient tous plus ou moins sur un mode \u201ccigale\u201d avec leur propre budget, ils pla\u00e7aient assez \u00e9trangement la question du professionnalisme de leur aventure dans la sant\u00e9 financi\u00e8re de leur premier projet.&nbsp;<\/p>\n\n\n\n<p>L\u2019ivresse des chiffres finit par les atteindre. Ainsi, s\u2019ils esp\u00e9raient se r\u00e9cup\u00e9rer sur les chiffres du bar, ils en venaient \u00e0 se dire que le nombre de f\u00fbts de bi\u00e8re \u00e9coul\u00e9e d\u00e9pendait de la fr\u00e9quentation, laquelle conditionnait le reste. Pour rompre ce cercle infernal, Lisbeth trouva judicieux de revenir \u00e0 des pr\u00e9occupations plus l\u00e9g\u00e8res. Je ne vous l\u2019ai pas dit, mais je peux avoir des rouleaux de tulle !<\/p>\n\n\n\n<p>Victor, peu en phase avec le vocabulaire de la mercerie et l\u2019univers du textile demanda ce que c\u2019\u00e9tait et pour une fois c\u2019est l\u2019ancien \u201cmetal\u201d de la bande, Romuald qui apporta un \u00e9clairage technique tout en suscitant le respect de tous. Si on parvenait \u00e0 placer des pans de tulle \u00e0 divers endroits de la salle, juste en les faisant descendre du plafond, on obtenait des \u00e9crans sur lesquels les rayons des lasers pourraient dessiner, en lumi\u00e8re, ce que l\u2019on voulait. Je peux avoir deux rouleaux de trente m\u00e8tres, gratos, en plus, il faut juste les r\u00e9cup\u00e9rer dans la Manche. Lisbeth, toute heureuse de sa diversion, jugea pr\u00e9matur\u00e9 de parler de la longueur des rouleaux (cinq m\u00e8tres), elle \u00e9tait si contente de voir une petite flamme dans les yeux de ses quatre amis. De toute fa\u00e7on, d\u00e9clara Jonas, on ne peut plus reculer, non ? Y\u2019a plus qu\u2019\u00e0&#8230;r\u00e9pondit Victor, mais tous sentaient que derri\u00e8re ce nouvel enthousiasme, tapi dans l\u2019ombre de l\u2019action, on pouvait clairement distinguer le rictus de l\u2019\u00e9chec.&nbsp;<\/p>\n\n\n\n<p>Il \u00e9tait temps de remettre les cl\u00e9s au gardien et de quitter cette salle qui devait c\u00e9l\u00e9brer leur triomphe ou signer la fin du Kleub. Ils ne pouvaient pas envisager une position plus nuanc\u00e9e, un succ\u00e8s m\u00e9diocre ou un \u00e9chec excusable. Mais on ne se lance pas \u00e0 l\u2019assaut de la nuit avec des frayeurs de jeunes pucelles. Apr\u00e8s avoir referm\u00e9&nbsp; la porte et remis les cl\u00e9s, sur le parking de la salle municipale, ils crois\u00e8rent une petite vieille qui visiblement sortait de l\u2019ehpad. Sur une impulsion subite, Lisbeth se pr\u00e9cipita vers elle. La petite vieille, effray\u00e9e, en stoppa son d\u00e9ambulateur. Sans lui laisser le temps de reprendre sa respiration, Lisbeth lui fourra dans la main une dizaine de tracts. H\u00e9sitante, la vieille femme finit par l\u00e2cher un l\u00e9ger sourire et, tout en ajustant ses lunettes, se mit \u00e0 scruter m\u00e9ticuleusement les tracts. Vous organisez une soir\u00e9e bridge ? fut sa premi\u00e8re remarque. Lisbeth, d\u00e9sorient\u00e9e un moment finit par lui dire qu\u2019ils allaient proposer une soir\u00e9e electro, tout en rajoutant qu\u2019ils seraient ravis si des pensionnaires de l\u2019Ehpad voulaient venir y faire un tour. Stupeur chez les autres membres du Kleub et sourire attendri de la vieille femme. Vous pensez bien, avec mon petit fils gay, je sais tout de m\u00eame ce que c\u2019est qu\u2019une soir\u00e9e electro. Elle se mit \u00e0 pouffer de rire, avec cette innocence ultime d\u2019un vieillard qui sait qu\u2019il vient peut-\u00eatre de commettre sa derni\u00e8re audace coquine. Enhardie par cette \u00e9trange confession, Lisbeth insista et lui dit que ce serait trop cool de commencer un peu plus t\u00f4t et de proposer un th\u00e9-dansant electro. Victor, \u00e0 ce moment-l\u00e0, se sentit oblig\u00e9 d\u2019intervenir, mais Lisbeth lui fit clairement comprendre de la laisser finir ! Comme vous \u00eates mignonne, ma petite ! vous savez que je suis l\u2019animatrice du club de loisir ? Ils en feraient une dr\u00f4le de t\u00eate, vos amis, si je vous prenais aux mots. Mais c\u2019est tr\u00e8s s\u00e9rieux, madame, tenez, je vous laisse mon num\u00e9ro de t\u00e9l\u00e9phone et on peut en parler quand vous le souhaitez. Notre offre est ferme, foi de Madame Boucan ! J\u2019attends votre coup de fil, vous venez, les gars, on file. Lisbeth se pencha sur la vieille femme, lui claqua une grosse bise et s\u2019engouffra dans la voiture, suivie, tels des automates, par les quatre djs.<\/p>\n\n\n\n<p>Mais t\u2019es folle, tu nous vois avec les vieux ? pronon\u00e7a \u00e0 voix basse Victor. Ta gueule, Victor, fut la seule r\u00e9ponse de Lisbeth. C\u2019est notre plus beau coup de \u201ccom\u201d si on y arrive ! Et puis, t\u2019inqui\u00e8te, je vais leur mettre de l\u2019electro-swing, et je vais te les faire swinguer, les d\u00e9ambulateurs !<br><\/p>\n","protected":false},"excerpt":{"rendered":"<p>Les Ombres, la nuit\u2026 #8 Et si on parlait finances\u2026 Une premi\u00e8re visite, en plein jour, de la salle \u201ccommunale\u201d avait un peu douch\u00e9 l\u2019enthousiasme &#8230;<\/p>\n","protected":false},"author":1,"featured_media":129,"comment_status":"open","ping_status":"open","sticky":false,"template":"","format":"standard","meta":{"spay_email":""},"categories":[15],"tags":[],"yoast_head":"<!-- This site is optimized with the Yoast SEO plugin v17.7.1 - https:\/\/yoast.com\/wordpress\/plugins\/seo\/ -->\n<title>Les Ombres, la nuit...#8 - CaveCaenem<\/title>\n<meta name=\"robots\" content=\"index, follow, max-snippet:-1, max-image-preview:large, max-video-preview:-1\" \/>\n<link rel=\"canonical\" href=\"https:\/\/cavecaenem.fr\/index.php\/2019\/11\/23\/les-ombres-la-nuit-8\/\" \/>\n<meta property=\"og:locale\" content=\"fr_FR\" \/>\n<meta property=\"og:type\" content=\"article\" \/>\n<meta property=\"og:title\" content=\"Les Ombres, la nuit...#8 - CaveCaenem\" \/>\n<meta property=\"og:description\" content=\"Les Ombres, la nuit\u2026 #8 Et si on parlait finances\u2026 Une premi\u00e8re visite, en plein jour, de la salle \u201ccommunale\u201d avait un peu douch\u00e9 l\u2019enthousiasme ...\" \/>\n<meta property=\"og:url\" content=\"https:\/\/cavecaenem.fr\/index.php\/2019\/11\/23\/les-ombres-la-nuit-8\/\" \/>\n<meta property=\"og:site_name\" content=\"CaveCaenem\" \/>\n<meta property=\"article:published_time\" content=\"2019-11-23T18:09:03+00:00\" \/>\n<meta property=\"article:modified_time\" content=\"2019-11-23T18:09:04+00:00\" \/>\n<meta property=\"og:image\" content=\"https:\/\/cavecaenem.fr\/wp-content\/uploads\/2019\/09\/IMG_0982-768x1024.jpeg\" \/>\n\t<meta property=\"og:image:width\" content=\"768\" \/>\n\t<meta property=\"og:image:height\" content=\"1024\" \/>\n<meta name=\"twitter:card\" content=\"summary_large_image\" \/>\n<meta name=\"twitter:label1\" content=\"\u00c9crit par\" \/>\n\t<meta name=\"twitter:data1\" content=\"Ren\u00e9 Fix\" \/>\n\t<meta name=\"twitter:label2\" content=\"Dur\u00e9e de lecture estim\u00e9e\" \/>\n\t<meta name=\"twitter:data2\" content=\"10 minutes\" \/>\n<script type=\"application\/ld+json\" class=\"yoast-schema-graph\">{\"@context\":\"https:\/\/schema.org\",\"@graph\":[{\"@type\":\"WebSite\",\"@id\":\"https:\/\/cavecaenem.fr\/#website\",\"url\":\"https:\/\/cavecaenem.fr\/\",\"name\":\"CaveCaenem\",\"description\":\"L\\u2019actualit\\u00e9 caennaise en toute subjectivit\\u00e9.\",\"publisher\":{\"@id\":\"https:\/\/cavecaenem.fr\/#\/schema\/person\/8adecaca43e137acf11e776d28d1e734\"},\"potentialAction\":[{\"@type\":\"SearchAction\",\"target\":{\"@type\":\"EntryPoint\",\"urlTemplate\":\"https:\/\/cavecaenem.fr\/?s={search_term_string}\"},\"query-input\":\"required name=search_term_string\"}],\"inLanguage\":\"fr-FR\"},{\"@type\":\"ImageObject\",\"@id\":\"https:\/\/cavecaenem.fr\/index.php\/2019\/11\/23\/les-ombres-la-nuit-8\/#primaryimage\",\"inLanguage\":\"fr-FR\",\"url\":\"https:\/\/cavecaenem.fr\/wp-content\/uploads\/2019\/09\/IMG_0982.jpeg\",\"contentUrl\":\"https:\/\/cavecaenem.fr\/wp-content\/uploads\/2019\/09\/IMG_0982.jpeg\",\"width\":2448,\"height\":3264},{\"@type\":\"WebPage\",\"@id\":\"https:\/\/cavecaenem.fr\/index.php\/2019\/11\/23\/les-ombres-la-nuit-8\/#webpage\",\"url\":\"https:\/\/cavecaenem.fr\/index.php\/2019\/11\/23\/les-ombres-la-nuit-8\/\",\"name\":\"Les Ombres, la nuit...#8 - CaveCaenem\",\"isPartOf\":{\"@id\":\"https:\/\/cavecaenem.fr\/#website\"},\"primaryImageOfPage\":{\"@id\":\"https:\/\/cavecaenem.fr\/index.php\/2019\/11\/23\/les-ombres-la-nuit-8\/#primaryimage\"},\"datePublished\":\"2019-11-23T18:09:03+00:00\",\"dateModified\":\"2019-11-23T18:09:04+00:00\",\"breadcrumb\":{\"@id\":\"https:\/\/cavecaenem.fr\/index.php\/2019\/11\/23\/les-ombres-la-nuit-8\/#breadcrumb\"},\"inLanguage\":\"fr-FR\",\"potentialAction\":[{\"@type\":\"ReadAction\",\"target\":[\"https:\/\/cavecaenem.fr\/index.php\/2019\/11\/23\/les-ombres-la-nuit-8\/\"]}]},{\"@type\":\"BreadcrumbList\",\"@id\":\"https:\/\/cavecaenem.fr\/index.php\/2019\/11\/23\/les-ombres-la-nuit-8\/#breadcrumb\",\"itemListElement\":[{\"@type\":\"ListItem\",\"position\":1,\"name\":\"Accueil\",\"item\":\"https:\/\/cavecaenem.fr\/\"},{\"@type\":\"ListItem\",\"position\":2,\"name\":\"Les Ombres, la nuit&#8230;#8\"}]},{\"@type\":\"Article\",\"@id\":\"https:\/\/cavecaenem.fr\/index.php\/2019\/11\/23\/les-ombres-la-nuit-8\/#article\",\"isPartOf\":{\"@id\":\"https:\/\/cavecaenem.fr\/index.php\/2019\/11\/23\/les-ombres-la-nuit-8\/#webpage\"},\"author\":{\"@id\":\"https:\/\/cavecaenem.fr\/#\/schema\/person\/8adecaca43e137acf11e776d28d1e734\"},\"headline\":\"Les Ombres, la nuit&#8230;#8\",\"datePublished\":\"2019-11-23T18:09:03+00:00\",\"dateModified\":\"2019-11-23T18:09:04+00:00\",\"mainEntityOfPage\":{\"@id\":\"https:\/\/cavecaenem.fr\/index.php\/2019\/11\/23\/les-ombres-la-nuit-8\/#webpage\"},\"wordCount\":1932,\"commentCount\":0,\"publisher\":{\"@id\":\"https:\/\/cavecaenem.fr\/#\/schema\/person\/8adecaca43e137acf11e776d28d1e734\"},\"image\":{\"@id\":\"https:\/\/cavecaenem.fr\/index.php\/2019\/11\/23\/les-ombres-la-nuit-8\/#primaryimage\"},\"thumbnailUrl\":\"https:\/\/cavecaenem.fr\/wp-content\/uploads\/2019\/09\/IMG_0982.jpeg\",\"articleSection\":[\"Le Feuilleton\"],\"inLanguage\":\"fr-FR\",\"potentialAction\":[{\"@type\":\"CommentAction\",\"name\":\"Comment\",\"target\":[\"https:\/\/cavecaenem.fr\/index.php\/2019\/11\/23\/les-ombres-la-nuit-8\/#respond\"]}]},{\"@type\":[\"Person\",\"Organization\"],\"@id\":\"https:\/\/cavecaenem.fr\/#\/schema\/person\/8adecaca43e137acf11e776d28d1e734\",\"name\":\"Ren\\u00e9 Fix\",\"image\":{\"@type\":\"ImageObject\",\"@id\":\"https:\/\/cavecaenem.fr\/#personlogo\",\"inLanguage\":\"fr-FR\",\"url\":\"https:\/\/secure.gravatar.com\/avatar\/b49591d8c60f351185d7719fe6f34144?s=96&d=mm&r=g\",\"contentUrl\":\"https:\/\/secure.gravatar.com\/avatar\/b49591d8c60f351185d7719fe6f34144?s=96&d=mm&r=g\",\"caption\":\"Ren\\u00e9 Fix\"},\"logo\":{\"@id\":\"https:\/\/cavecaenem.fr\/#personlogo\"}}]}<\/script>\n<!-- \/ Yoast SEO plugin. -->","yoast_head_json":{"title":"Les Ombres, la nuit...#8 - CaveCaenem","robots":{"index":"index","follow":"follow","max-snippet":"max-snippet:-1","max-image-preview":"max-image-preview:large","max-video-preview":"max-video-preview:-1"},"canonical":"https:\/\/cavecaenem.fr\/index.php\/2019\/11\/23\/les-ombres-la-nuit-8\/","og_locale":"fr_FR","og_type":"article","og_title":"Les Ombres, la nuit...#8 - CaveCaenem","og_description":"Les Ombres, la nuit\u2026 #8 Et si on parlait finances\u2026 Une premi\u00e8re visite, en plein jour, de la salle \u201ccommunale\u201d avait un peu douch\u00e9 l\u2019enthousiasme ...","og_url":"https:\/\/cavecaenem.fr\/index.php\/2019\/11\/23\/les-ombres-la-nuit-8\/","og_site_name":"CaveCaenem","article_published_time":"2019-11-23T18:09:03+00:00","article_modified_time":"2019-11-23T18:09:04+00:00","og_image":[{"width":768,"height":1024,"url":"https:\/\/cavecaenem.fr\/wp-content\/uploads\/2019\/09\/IMG_0982-768x1024.jpeg","type":"image\/jpeg"}],"twitter_card":"summary_large_image","twitter_misc":{"\u00c9crit par":"Ren\u00e9 Fix","Dur\u00e9e de lecture estim\u00e9e":"10 minutes"},"schema":{"@context":"https:\/\/schema.org","@graph":[{"@type":"WebSite","@id":"https:\/\/cavecaenem.fr\/#website","url":"https:\/\/cavecaenem.fr\/","name":"CaveCaenem","description":"L\u2019actualit\u00e9 caennaise en toute subjectivit\u00e9.","publisher":{"@id":"https:\/\/cavecaenem.fr\/#\/schema\/person\/8adecaca43e137acf11e776d28d1e734"},"potentialAction":[{"@type":"SearchAction","target":{"@type":"EntryPoint","urlTemplate":"https:\/\/cavecaenem.fr\/?s={search_term_string}"},"query-input":"required name=search_term_string"}],"inLanguage":"fr-FR"},{"@type":"ImageObject","@id":"https:\/\/cavecaenem.fr\/index.php\/2019\/11\/23\/les-ombres-la-nuit-8\/#primaryimage","inLanguage":"fr-FR","url":"https:\/\/cavecaenem.fr\/wp-content\/uploads\/2019\/09\/IMG_0982.jpeg","contentUrl":"https:\/\/cavecaenem.fr\/wp-content\/uploads\/2019\/09\/IMG_0982.jpeg","width":2448,"height":3264},{"@type":"WebPage","@id":"https:\/\/cavecaenem.fr\/index.php\/2019\/11\/23\/les-ombres-la-nuit-8\/#webpage","url":"https:\/\/cavecaenem.fr\/index.php\/2019\/11\/23\/les-ombres-la-nuit-8\/","name":"Les Ombres, la nuit...#8 - CaveCaenem","isPartOf":{"@id":"https:\/\/cavecaenem.fr\/#website"},"primaryImageOfPage":{"@id":"https:\/\/cavecaenem.fr\/index.php\/2019\/11\/23\/les-ombres-la-nuit-8\/#primaryimage"},"datePublished":"2019-11-23T18:09:03+00:00","dateModified":"2019-11-23T18:09:04+00:00","breadcrumb":{"@id":"https:\/\/cavecaenem.fr\/index.php\/2019\/11\/23\/les-ombres-la-nuit-8\/#breadcrumb"},"inLanguage":"fr-FR","potentialAction":[{"@type":"ReadAction","target":["https:\/\/cavecaenem.fr\/index.php\/2019\/11\/23\/les-ombres-la-nuit-8\/"]}]},{"@type":"BreadcrumbList","@id":"https:\/\/cavecaenem.fr\/index.php\/2019\/11\/23\/les-ombres-la-nuit-8\/#breadcrumb","itemListElement":[{"@type":"ListItem","position":1,"name":"Accueil","item":"https:\/\/cavecaenem.fr\/"},{"@type":"ListItem","position":2,"name":"Les Ombres, la nuit&#8230;#8"}]},{"@type":"Article","@id":"https:\/\/cavecaenem.fr\/index.php\/2019\/11\/23\/les-ombres-la-nuit-8\/#article","isPartOf":{"@id":"https:\/\/cavecaenem.fr\/index.php\/2019\/11\/23\/les-ombres-la-nuit-8\/#webpage"},"author":{"@id":"https:\/\/cavecaenem.fr\/#\/schema\/person\/8adecaca43e137acf11e776d28d1e734"},"headline":"Les Ombres, la nuit&#8230;#8","datePublished":"2019-11-23T18:09:03+00:00","dateModified":"2019-11-23T18:09:04+00:00","mainEntityOfPage":{"@id":"https:\/\/cavecaenem.fr\/index.php\/2019\/11\/23\/les-ombres-la-nuit-8\/#webpage"},"wordCount":1932,"commentCount":0,"publisher":{"@id":"https:\/\/cavecaenem.fr\/#\/schema\/person\/8adecaca43e137acf11e776d28d1e734"},"image":{"@id":"https:\/\/cavecaenem.fr\/index.php\/2019\/11\/23\/les-ombres-la-nuit-8\/#primaryimage"},"thumbnailUrl":"https:\/\/cavecaenem.fr\/wp-content\/uploads\/2019\/09\/IMG_0982.jpeg","articleSection":["Le Feuilleton"],"inLanguage":"fr-FR","potentialAction":[{"@type":"CommentAction","name":"Comment","target":["https:\/\/cavecaenem.fr\/index.php\/2019\/11\/23\/les-ombres-la-nuit-8\/#respond"]}]},{"@type":["Person","Organization"],"@id":"https:\/\/cavecaenem.fr\/#\/schema\/person\/8adecaca43e137acf11e776d28d1e734","name":"Ren\u00e9 Fix","image":{"@type":"ImageObject","@id":"https:\/\/cavecaenem.fr\/#personlogo","inLanguage":"fr-FR","url":"https:\/\/secure.gravatar.com\/avatar\/b49591d8c60f351185d7719fe6f34144?s=96&d=mm&r=g","contentUrl":"https:\/\/secure.gravatar.com\/avatar\/b49591d8c60f351185d7719fe6f34144?s=96&d=mm&r=g","caption":"Ren\u00e9 Fix"},"logo":{"@id":"https:\/\/cavecaenem.fr\/#personlogo"}}]}},"jetpack_featured_media_url":"https:\/\/cavecaenem.fr\/wp-content\/uploads\/2019\/09\/IMG_0982.jpeg","_links":{"self":[{"href":"https:\/\/cavecaenem.fr\/index.php\/wp-json\/wp\/v2\/posts\/220"}],"collection":[{"href":"https:\/\/cavecaenem.fr\/index.php\/wp-json\/wp\/v2\/posts"}],"about":[{"href":"https:\/\/cavecaenem.fr\/index.php\/wp-json\/wp\/v2\/types\/post"}],"author":[{"embeddable":true,"href":"https:\/\/cavecaenem.fr\/index.php\/wp-json\/wp\/v2\/users\/1"}],"replies":[{"embeddable":true,"href":"https:\/\/cavecaenem.fr\/index.php\/wp-json\/wp\/v2\/comments?post=220"}],"version-history":[{"count":1,"href":"https:\/\/cavecaenem.fr\/index.php\/wp-json\/wp\/v2\/posts\/220\/revisions"}],"predecessor-version":[{"id":221,"href":"https:\/\/cavecaenem.fr\/index.php\/wp-json\/wp\/v2\/posts\/220\/revisions\/221"}],"wp:featuredmedia":[{"embeddable":true,"href":"https:\/\/cavecaenem.fr\/index.php\/wp-json\/wp\/v2\/media\/129"}],"wp:attachment":[{"href":"https:\/\/cavecaenem.fr\/index.php\/wp-json\/wp\/v2\/media?parent=220"}],"wp:term":[{"taxonomy":"category","embeddable":true,"href":"https:\/\/cavecaenem.fr\/index.php\/wp-json\/wp\/v2\/categories?post=220"},{"taxonomy":"post_tag","embeddable":true,"href":"https:\/\/cavecaenem.fr\/index.php\/wp-json\/wp\/v2\/tags?post=220"}],"curies":[{"name":"wp","href":"https:\/\/api.w.org\/{rel}","templated":true}]}}