{"id":303,"date":"2020-06-23T22:23:58","date_gmt":"2020-06-23T20:23:58","guid":{"rendered":"https:\/\/cavecaenem.fr\/?p=303"},"modified":"2020-06-23T22:23:59","modified_gmt":"2020-06-23T20:23:59","slug":"fete-de-la-musique-mea-culpa","status":"publish","type":"post","link":"https:\/\/cavecaenem.fr\/index.php\/2020\/06\/23\/fete-de-la-musique-mea-culpa\/","title":{"rendered":"F\u00eate de la Musique&#8230;mea culpa !"},"content":{"rendered":"\n<p>Dans un silence mortel\u2026 Une mise au point apr\u00e8s la F\u00eate de la Musique.<br><\/p>\n\n\n\n<p>Les grandes douleurs sont muettes, c\u2019est du moins par cette formule maladroite qu\u2019on justifie le silence qui suit la sid\u00e9ration, et parfois l\u2019effroi devant la catastrophe. Si je d\u00e9cide de revenir sur mon dernier billet consacr\u00e9 \u00e0 la f\u00eate de la musique c\u2019est parce qu\u2019il me semble essentiel de ne pas laisser s\u2019installer un quiproquo, douloureux pour moi.<\/p>\n\n\n\n<p>Je sais, par des retours \u00e9crits ou par cette rumeur propre \u00e0 tous les milieux, que mon engouement&nbsp; pour la \u201cprise de saint-Pierre\u201d ( on a les Bastille qu\u2019on peut) organis\u00e9e par Senary a suscit\u00e9 des commentaires, ce qui est normal, mais plus encore de l\u2019incompr\u00e9hension, ce qui l\u2019est moins.&nbsp;<\/p>\n\n\n\n<p>Je m\u2019autorise donc ici une petite mise au point pour clarifier ma pi\u00e8tre pens\u00e9e et expliquer, s\u2019il en est besoin, les raisons de mon billet de lundi.<\/p>\n\n\n\n<p>Le monde de la nuit, et son \u00e9conomie, traverse une crise sans pr\u00e9c\u00e9dent, et plus que toute autre \u00e9conomie, l\u2019industrie du \u201cspectacle\u201d est durablement touch\u00e9e. Un d\u00e9put\u00e9, C. Blanchet a suscit\u00e9 l\u2019ironie moqueuse de ses coll\u00e8gues quand il a commenc\u00e9 \u00e0 mettre en lumi\u00e8re la situation dramatique que traverse les discoth\u00e8ques, et il sait, plus que d\u2019autres de quoi il parle. Si on ajoute \u00e0 cela toute la production musicale qui est suspendue on comprend vite que le monde de la nuit (et non les bars) payera le plus lourd tribut \u00e9conomique, ne serait-ce qu\u2019\u00e0 cause d\u2019un d\u00e9confinement renvoy\u00e9 \u00e0 l\u2019automne.<\/p>\n\n\n\n<p>En \u201cglorifiant\u201d la Rave de Sen\tary dimanche soir, et donc en lui&nbsp; accordant ainsi une sorte de publicit\u00e9 \u00e9logieuse, j\u2019ai, involontairement, laiss\u00e9 croire que cette action \u00e9tait incons\u00e9quente. Mais je me dois de rappeler ici, dans \u201cmon\u201d media, un media dont je suis le seul r\u00e9dacteur, et le seul responsable, que je ne me suis jamais donn\u00e9 aucune autre mission que celle de r\u00e9diger le\u201d journal intime\u201d de mes plaisirs musicaux. Ce serait me renier que de taire le plaisir r\u00e9el que j\u2019ai ressenti dimanche, un plaisir coupable, peut-\u00eatre, mais en existe-t-il d\u2019autres ? Je ne suis pas journaliste, et encore moins moraliste ou donneur de le\u00e7on, et si je devais en donner je serai le premier \u00e0 les pi\u00e9tiner, et \u00e0 danser dessus ! J\u2019ai dit \u00e0 quel point je pouvais comprendre l\u2019indignation voire l\u2019\u00e9coeurement de certains devant ce qu\u2019on est en droit de consid\u00e9rer comme une l\u00e9g\u00e8ret\u00e9 scandaleuse mais je ne me suis pas senti le droit de passer sous silence, dans mon \u201cjournal intime\u201d ce moment de ravissement total.&nbsp;<\/p>\n\n\n\n<p>Dans une indiff\u00e9rence \u00e9go\u00efste qui ne regarde que ma conscience, j\u2019ai \u201cp\u00e9ch\u00e9\u201d et j\u2019ai pu laisser croire que cet \u00e9go\u00efsme sensuel et musical \u00e9tait en soi une valeur. Pour \u00eatre encore plus clair, j\u2019ai pu laisser croire que j\u2019\u00e9tais indiff\u00e9rent envers toutes celles et ceux qui, pour des raisons sanitaires, avaient d\u00e9cid\u00e9 de respecter ce silence musical douloureux que le Covid, dans son implacable violence, nous impose. De grands noms de la petite sc\u00e8ne locale electro ne se sont pas exprim\u00e9s dimanche et ce silence est non seulement \u00e0 respecter mais il t\u00e9moigne plus encore d\u2019une prise de conscience remarquable, que cela soit dit ici clairement.<\/p>\n\n\n\n<p>Je ne veux pas, en revanche, laisser croire un instant que je reviendrais&nbsp; ce&nbsp; soir sur des paroles soigneusement pes\u00e9es lundi, en r\u00e9digeant mes remerciements sinc\u00e8res \u00e0 Senary.&nbsp;<\/p>\n\n\n\n<p>A travers Cave Caenem, je tiens le journal plus ou moins m\u00e9ticuleux de mes passions, de mes enthousiasmes, et parfois de mes l\u00e9gers d\u00e9plaisirs musicaux. Il est vrai, que faute de concurrent(s), mes billets remplissent involontairement le silence m\u00e9diatique de la presse locale et qu\u2019ils concentrent alors les tensions compr\u00e9hensibles d\u2019un petit monde, un petit monde plus que jamais menac\u00e9 dans son \u00e9nergie vitale. Une seconde vague redout\u00e9e et c\u2019est le dernier trimestre 2020 \u201celectro\u201d qui sombre corps et \u00e2me, et je ne prends pas cela du tout \u00e0 la l\u00e9g\u00e8re.&nbsp;<\/p>\n\n\n\n<p>Mais si on me reconna\u00eet (parfois) la capacit\u00e9 \u00e0 bien parler des artistes locaux, je me sens plus l\u00e9gitime encore \u00e0 parler au nom des \u201cpauvres\u201d consommateurs de cette musique, et c\u2019est en v\u00e9ritable \u201cdrogu\u00e9\u201d (en grave crise de manque) que j\u2019ai v\u00e9cu ces quelques instants sulfureux, qui plus est derri\u00e8re une \u00e9glise ! Mea culpa, mea maxima culpa donc d\u2019avoir laiss\u00e9 parler la fin (pr\u00e9cipit\u00e9e) de mon sevrage, plut\u00f4t que ma raison. Mille pardons donc envers tous mes ami(e)s artistes qui se sont tu(e)s dimanche, je ne voulais pas ridiculiser ce silence, encore plus douloureux pour eux que pour moi, puisque la musique est leur expression prioritaire l\u00e0 o\u00f9 moi je peux \u00e9crire \u00e0 plus soif !<br><\/p>\n","protected":false},"excerpt":{"rendered":"<p>Dans un silence mortel\u2026 Une mise au point apr\u00e8s la F\u00eate de la Musique. Les grandes douleurs sont muettes, c\u2019est du moins par cette formule &#8230;<\/p>\n","protected":false},"author":1,"featured_media":0,"comment_status":"open","ping_status":"open","sticky":false,"template":"","format":"standard","meta":{"spay_email":""},"categories":[1],"tags":[],"yoast_head":"<!-- This site is optimized with the Yoast SEO plugin v17.7.1 - https:\/\/yoast.com\/wordpress\/plugins\/seo\/ -->\n<title>F\u00eate de la Musique...mea culpa ! - CaveCaenem<\/title>\n<meta name=\"robots\" content=\"index, follow, max-snippet:-1, max-image-preview:large, max-video-preview:-1\" \/>\n<link rel=\"canonical\" href=\"https:\/\/cavecaenem.fr\/index.php\/2020\/06\/23\/fete-de-la-musique-mea-culpa\/\" \/>\n<meta property=\"og:locale\" content=\"fr_FR\" \/>\n<meta property=\"og:type\" content=\"article\" \/>\n<meta property=\"og:title\" content=\"F\u00eate de la Musique...mea culpa ! - CaveCaenem\" \/>\n<meta property=\"og:description\" content=\"Dans un silence mortel\u2026 Une mise au point apr\u00e8s la F\u00eate de la Musique. Les grandes douleurs sont muettes, c\u2019est du moins par cette formule ...\" \/>\n<meta property=\"og:url\" content=\"https:\/\/cavecaenem.fr\/index.php\/2020\/06\/23\/fete-de-la-musique-mea-culpa\/\" \/>\n<meta property=\"og:site_name\" content=\"CaveCaenem\" \/>\n<meta property=\"article:published_time\" content=\"2020-06-23T20:23:58+00:00\" \/>\n<meta property=\"article:modified_time\" content=\"2020-06-23T20:23:59+00:00\" \/>\n<meta name=\"twitter:card\" content=\"summary_large_image\" \/>\n<meta name=\"twitter:label1\" content=\"\u00c9crit par\" \/>\n\t<meta name=\"twitter:data1\" content=\"Ren\u00e9 Fix\" \/>\n\t<meta name=\"twitter:label2\" content=\"Dur\u00e9e de lecture estim\u00e9e\" \/>\n\t<meta name=\"twitter:data2\" content=\"4 minutes\" \/>\n<script type=\"application\/ld+json\" class=\"yoast-schema-graph\">{\"@context\":\"https:\/\/schema.org\",\"@graph\":[{\"@type\":\"WebSite\",\"@id\":\"https:\/\/cavecaenem.fr\/#website\",\"url\":\"https:\/\/cavecaenem.fr\/\",\"name\":\"CaveCaenem\",\"description\":\"L\\u2019actualit\\u00e9 caennaise en toute subjectivit\\u00e9.\",\"publisher\":{\"@id\":\"https:\/\/cavecaenem.fr\/#\/schema\/person\/8adecaca43e137acf11e776d28d1e734\"},\"potentialAction\":[{\"@type\":\"SearchAction\",\"target\":{\"@type\":\"EntryPoint\",\"urlTemplate\":\"https:\/\/cavecaenem.fr\/?s={search_term_string}\"},\"query-input\":\"required name=search_term_string\"}],\"inLanguage\":\"fr-FR\"},{\"@type\":\"WebPage\",\"@id\":\"https:\/\/cavecaenem.fr\/index.php\/2020\/06\/23\/fete-de-la-musique-mea-culpa\/#webpage\",\"url\":\"https:\/\/cavecaenem.fr\/index.php\/2020\/06\/23\/fete-de-la-musique-mea-culpa\/\",\"name\":\"F\\u00eate de la Musique...mea culpa ! - CaveCaenem\",\"isPartOf\":{\"@id\":\"https:\/\/cavecaenem.fr\/#website\"},\"datePublished\":\"2020-06-23T20:23:58+00:00\",\"dateModified\":\"2020-06-23T20:23:59+00:00\",\"breadcrumb\":{\"@id\":\"https:\/\/cavecaenem.fr\/index.php\/2020\/06\/23\/fete-de-la-musique-mea-culpa\/#breadcrumb\"},\"inLanguage\":\"fr-FR\",\"potentialAction\":[{\"@type\":\"ReadAction\",\"target\":[\"https:\/\/cavecaenem.fr\/index.php\/2020\/06\/23\/fete-de-la-musique-mea-culpa\/\"]}]},{\"@type\":\"BreadcrumbList\",\"@id\":\"https:\/\/cavecaenem.fr\/index.php\/2020\/06\/23\/fete-de-la-musique-mea-culpa\/#breadcrumb\",\"itemListElement\":[{\"@type\":\"ListItem\",\"position\":1,\"name\":\"Accueil\",\"item\":\"https:\/\/cavecaenem.fr\/\"},{\"@type\":\"ListItem\",\"position\":2,\"name\":\"F\\u00eate de la Musique&#8230;mea culpa !\"}]},{\"@type\":\"Article\",\"@id\":\"https:\/\/cavecaenem.fr\/index.php\/2020\/06\/23\/fete-de-la-musique-mea-culpa\/#article\",\"isPartOf\":{\"@id\":\"https:\/\/cavecaenem.fr\/index.php\/2020\/06\/23\/fete-de-la-musique-mea-culpa\/#webpage\"},\"author\":{\"@id\":\"https:\/\/cavecaenem.fr\/#\/schema\/person\/8adecaca43e137acf11e776d28d1e734\"},\"headline\":\"F\\u00eate de la Musique&#8230;mea culpa !\",\"datePublished\":\"2020-06-23T20:23:58+00:00\",\"dateModified\":\"2020-06-23T20:23:59+00:00\",\"mainEntityOfPage\":{\"@id\":\"https:\/\/cavecaenem.fr\/index.php\/2020\/06\/23\/fete-de-la-musique-mea-culpa\/#webpage\"},\"wordCount\":855,\"commentCount\":0,\"publisher\":{\"@id\":\"https:\/\/cavecaenem.fr\/#\/schema\/person\/8adecaca43e137acf11e776d28d1e734\"},\"articleSection\":[\"La Nuit\"],\"inLanguage\":\"fr-FR\",\"potentialAction\":[{\"@type\":\"CommentAction\",\"name\":\"Comment\",\"target\":[\"https:\/\/cavecaenem.fr\/index.php\/2020\/06\/23\/fete-de-la-musique-mea-culpa\/#respond\"]}]},{\"@type\":[\"Person\",\"Organization\"],\"@id\":\"https:\/\/cavecaenem.fr\/#\/schema\/person\/8adecaca43e137acf11e776d28d1e734\",\"name\":\"Ren\\u00e9 Fix\",\"image\":{\"@type\":\"ImageObject\",\"@id\":\"https:\/\/cavecaenem.fr\/#personlogo\",\"inLanguage\":\"fr-FR\",\"url\":\"https:\/\/secure.gravatar.com\/avatar\/b49591d8c60f351185d7719fe6f34144?s=96&d=mm&r=g\",\"contentUrl\":\"https:\/\/secure.gravatar.com\/avatar\/b49591d8c60f351185d7719fe6f34144?s=96&d=mm&r=g\",\"caption\":\"Ren\\u00e9 Fix\"},\"logo\":{\"@id\":\"https:\/\/cavecaenem.fr\/#personlogo\"}}]}<\/script>\n<!-- \/ Yoast SEO plugin. -->","yoast_head_json":{"title":"F\u00eate de la Musique...mea culpa ! - CaveCaenem","robots":{"index":"index","follow":"follow","max-snippet":"max-snippet:-1","max-image-preview":"max-image-preview:large","max-video-preview":"max-video-preview:-1"},"canonical":"https:\/\/cavecaenem.fr\/index.php\/2020\/06\/23\/fete-de-la-musique-mea-culpa\/","og_locale":"fr_FR","og_type":"article","og_title":"F\u00eate de la Musique...mea culpa ! - CaveCaenem","og_description":"Dans un silence mortel\u2026 Une mise au point apr\u00e8s la F\u00eate de la Musique. Les grandes douleurs sont muettes, c\u2019est du moins par cette formule ...","og_url":"https:\/\/cavecaenem.fr\/index.php\/2020\/06\/23\/fete-de-la-musique-mea-culpa\/","og_site_name":"CaveCaenem","article_published_time":"2020-06-23T20:23:58+00:00","article_modified_time":"2020-06-23T20:23:59+00:00","twitter_card":"summary_large_image","twitter_misc":{"\u00c9crit par":"Ren\u00e9 Fix","Dur\u00e9e de lecture estim\u00e9e":"4 minutes"},"schema":{"@context":"https:\/\/schema.org","@graph":[{"@type":"WebSite","@id":"https:\/\/cavecaenem.fr\/#website","url":"https:\/\/cavecaenem.fr\/","name":"CaveCaenem","description":"L\u2019actualit\u00e9 caennaise en toute subjectivit\u00e9.","publisher":{"@id":"https:\/\/cavecaenem.fr\/#\/schema\/person\/8adecaca43e137acf11e776d28d1e734"},"potentialAction":[{"@type":"SearchAction","target":{"@type":"EntryPoint","urlTemplate":"https:\/\/cavecaenem.fr\/?s={search_term_string}"},"query-input":"required name=search_term_string"}],"inLanguage":"fr-FR"},{"@type":"WebPage","@id":"https:\/\/cavecaenem.fr\/index.php\/2020\/06\/23\/fete-de-la-musique-mea-culpa\/#webpage","url":"https:\/\/cavecaenem.fr\/index.php\/2020\/06\/23\/fete-de-la-musique-mea-culpa\/","name":"F\u00eate de la Musique...mea culpa ! - CaveCaenem","isPartOf":{"@id":"https:\/\/cavecaenem.fr\/#website"},"datePublished":"2020-06-23T20:23:58+00:00","dateModified":"2020-06-23T20:23:59+00:00","breadcrumb":{"@id":"https:\/\/cavecaenem.fr\/index.php\/2020\/06\/23\/fete-de-la-musique-mea-culpa\/#breadcrumb"},"inLanguage":"fr-FR","potentialAction":[{"@type":"ReadAction","target":["https:\/\/cavecaenem.fr\/index.php\/2020\/06\/23\/fete-de-la-musique-mea-culpa\/"]}]},{"@type":"BreadcrumbList","@id":"https:\/\/cavecaenem.fr\/index.php\/2020\/06\/23\/fete-de-la-musique-mea-culpa\/#breadcrumb","itemListElement":[{"@type":"ListItem","position":1,"name":"Accueil","item":"https:\/\/cavecaenem.fr\/"},{"@type":"ListItem","position":2,"name":"F\u00eate de la Musique&#8230;mea culpa !"}]},{"@type":"Article","@id":"https:\/\/cavecaenem.fr\/index.php\/2020\/06\/23\/fete-de-la-musique-mea-culpa\/#article","isPartOf":{"@id":"https:\/\/cavecaenem.fr\/index.php\/2020\/06\/23\/fete-de-la-musique-mea-culpa\/#webpage"},"author":{"@id":"https:\/\/cavecaenem.fr\/#\/schema\/person\/8adecaca43e137acf11e776d28d1e734"},"headline":"F\u00eate de la Musique&#8230;mea culpa !","datePublished":"2020-06-23T20:23:58+00:00","dateModified":"2020-06-23T20:23:59+00:00","mainEntityOfPage":{"@id":"https:\/\/cavecaenem.fr\/index.php\/2020\/06\/23\/fete-de-la-musique-mea-culpa\/#webpage"},"wordCount":855,"commentCount":0,"publisher":{"@id":"https:\/\/cavecaenem.fr\/#\/schema\/person\/8adecaca43e137acf11e776d28d1e734"},"articleSection":["La Nuit"],"inLanguage":"fr-FR","potentialAction":[{"@type":"CommentAction","name":"Comment","target":["https:\/\/cavecaenem.fr\/index.php\/2020\/06\/23\/fete-de-la-musique-mea-culpa\/#respond"]}]},{"@type":["Person","Organization"],"@id":"https:\/\/cavecaenem.fr\/#\/schema\/person\/8adecaca43e137acf11e776d28d1e734","name":"Ren\u00e9 Fix","image":{"@type":"ImageObject","@id":"https:\/\/cavecaenem.fr\/#personlogo","inLanguage":"fr-FR","url":"https:\/\/secure.gravatar.com\/avatar\/b49591d8c60f351185d7719fe6f34144?s=96&d=mm&r=g","contentUrl":"https:\/\/secure.gravatar.com\/avatar\/b49591d8c60f351185d7719fe6f34144?s=96&d=mm&r=g","caption":"Ren\u00e9 Fix"},"logo":{"@id":"https:\/\/cavecaenem.fr\/#personlogo"}}]}},"jetpack_featured_media_url":"","_links":{"self":[{"href":"https:\/\/cavecaenem.fr\/index.php\/wp-json\/wp\/v2\/posts\/303"}],"collection":[{"href":"https:\/\/cavecaenem.fr\/index.php\/wp-json\/wp\/v2\/posts"}],"about":[{"href":"https:\/\/cavecaenem.fr\/index.php\/wp-json\/wp\/v2\/types\/post"}],"author":[{"embeddable":true,"href":"https:\/\/cavecaenem.fr\/index.php\/wp-json\/wp\/v2\/users\/1"}],"replies":[{"embeddable":true,"href":"https:\/\/cavecaenem.fr\/index.php\/wp-json\/wp\/v2\/comments?post=303"}],"version-history":[{"count":1,"href":"https:\/\/cavecaenem.fr\/index.php\/wp-json\/wp\/v2\/posts\/303\/revisions"}],"predecessor-version":[{"id":304,"href":"https:\/\/cavecaenem.fr\/index.php\/wp-json\/wp\/v2\/posts\/303\/revisions\/304"}],"wp:attachment":[{"href":"https:\/\/cavecaenem.fr\/index.php\/wp-json\/wp\/v2\/media?parent=303"}],"wp:term":[{"taxonomy":"category","embeddable":true,"href":"https:\/\/cavecaenem.fr\/index.php\/wp-json\/wp\/v2\/categories?post=303"},{"taxonomy":"post_tag","embeddable":true,"href":"https:\/\/cavecaenem.fr\/index.php\/wp-json\/wp\/v2\/tags?post=303"}],"curies":[{"name":"wp","href":"https:\/\/api.w.org\/{rel}","templated":true}]}}