{"id":310,"date":"2020-08-16T15:32:57","date_gmt":"2020-08-16T13:32:57","guid":{"rendered":"https:\/\/cavecaenem.fr\/?p=310"},"modified":"2020-08-16T15:32:57","modified_gmt":"2020-08-16T13:32:57","slug":"le-puy-de-la-folie","status":"publish","type":"post","link":"https:\/\/cavecaenem.fr\/index.php\/2020\/08\/16\/le-puy-de-la-folie\/","title":{"rendered":"Le Puy &#8230;de la folie."},"content":{"rendered":"\n<p>Le Puy du fou VS le fond du trou \u2026.<br><\/p>\n\n\n\n<p>Cinq mois que toute activit\u00e9 musicale ( electro ou pas ) est interdite, et on ne peut pas le dire plus pos\u00e9ment. Cinq mois que les clubs, les bo\u00eetes de nuit, les caf\u00e9-musique, les discoth\u00e8ques sont ferm\u00e9s. Cinq mois que l\u2019on se tait devant ce qui appara\u00eet de plus en plus clairement comme une mise \u00e0 l\u2019index de toute une culture \u201cjeune\u201d. Cinq mois que, derri\u00e8re un discours \u201cadulte\u201d, on impose, de fait, \u00e0 toute une g\u00e9n\u00e9ration un&nbsp; silence total quand cela ne passe par une diabolisation de qui oserait juste crier sa frustration.&nbsp;<\/p>\n\n\n\n<p>Et puis cette nouvelle qui tombe : les Cin\u00e9sc\u00e9nies du Puy du fou b\u00e9n\u00e9ficient d\u2019une d\u00e9rogation pr\u00e9fectorale pour accueillir 9000 personnes \u2026. Apr\u00e8s la phase de sid\u00e9ration ( mais n\u2019oublions pas l\u2019\u00e9pisode des 12000 personnes \u00e0 ces m\u00eames&nbsp; Cin\u00e9sc\u00e9nies le 24 juillet dernier ), vient n\u00e9cessairement le temps (m\u00e9diocre certes) de la jalousie. On se sermonne en se disant que le bonheur des uns ne doit pas nourrir la rancoeur des autres, on en vient m\u00eame \u00e0 int\u00e9grer une partie du discours d\u00e9mago-populiste du parc vend\u00e9en, avec son lot de charmantes anecdotes sur l\u2019engagement de tous ces gentil (l) es b\u00e9n\u00e9voles. Bref on se dit que la col\u00e8re est mauvaise conseill\u00e8re. Mais cette annonce r\u00e9cente du Pr\u00e9fet&nbsp; vend\u00e9en vient apr\u00e8s une semaine de d\u00e9lires assassins autour d\u2019une free party en Loz\u00e8re. Des dizaines et des dizaines de papiers indign\u00e9s devant l\u2019incons\u00e9quence dramatiques des teufeurs, des chiffres, aussi inv\u00e9rifiables que divergents, nous annon\u00e7ant 5, 7, 10, 12 ou 13 000 fous et folles qui osent ainsi braver l\u2019autorit\u00e9 toute puissante du discours hygi\u00e9niste ambiant. Tout juste s\u2019ils n\u2019\u00e9taient pas accus\u00e9s d\u2019\u00eatre les supp\u00f4ts d\u2019un Satan aussi bien musical que social. Et je vous passe toute la rh\u00e9torique sur l\u2019incons\u00e9quence, l&#8217;\u00e9go\u00efsme et l\u2019h\u00e9donisme ravageur des jeunes \u2026.<\/p>\n\n\n\n<p>Pendant ce temps l\u00e0, une ville, Caen, apr\u00e8s quelques timides et salutaires initiatives ( merci L\u2019Abreuvoir et sa grande \u201cpetite\u201d sc\u00e8ne electro), plonge \u00e0 nouveau dans l\u2019insupportable silence d\u2019un \u201cpost\u201d confinement qui n\u2019a presque plus rien \u00e0 envier \u00e0 son grand fr\u00e8re , le confinement, l\u2019officiel ! Certes la p\u00e9riode est habituellement calme, la Pr\u00e9fecture, me dit-on, est plus, sourcilleuse que jamais et cadenasse, de fait, toute tentative de \u201clive\u201d m\u00eame \u00e0 l\u2019\u00e9chelle d\u2019un bar. La frilosit\u00e9, compr\u00e9hensible, installe pour de longues semaines son aust\u00e9rit\u00e9 et pendant ce temps les artistes de la sc\u00e8ne electo (tous les artistes musicaux d\u2019ailleurs) en sont r\u00e9duits \u00e0 commenter les volte-face d\u2019un Minist\u00e8re de la Culture&nbsp; qui se fait rappeler \u00e0 l\u2019ordre sur la jauge des 5000 spectateurs !&nbsp;<\/p>\n\n\n\n<p>Comment se projeter, comment esp\u00e9rer, tout simplement, devant ces incoh\u00e9rences, ces arbitraires pr\u00e9fectoraux, ces demi-poids, ces demi-mesures ? Et si le masque devient la norme incontournable pour toute vie sociale, comment justifier alors que son port ne puisse pas aussi \u00eatre le s\u00e9same pour des \u00e9v\u00e9nements musicaux entre adultes consentants, avertis, inform\u00e9s et bien \u00e9videmment contr\u00f4l\u00e9s ?&nbsp; Il n\u2019est tout simplement pas envisageable de penser que nous allons continuer \u00e0 vivre ainsi, en attendant, impuissants, les d\u00e9cisions de tel ou tel pr\u00e9fet, les opportunismes politiques d\u2019un maire qui brouillera habilement message prophylactique et communication populiste\u2026<\/p>\n\n\n\n<p>Certes, en p\u00e9riode de covid, on ne remplit pas un Z\u00e9nith comme le Caveau de la Huchette ou le Portobello, la question d\u2019un pourcentage acceptable doit donc \u00eatre pos\u00e9e. Mais l\u2019exemple f\u00e2cheux et consternant du Puy du fou ajoute de la confusion ( du d\u00e9go\u00fbt) &nbsp; \u00e0 une situation qui fait qu\u2019aujourd\u2019hui l\u2019activit\u00e9 du spectacle reste encore la plus touch\u00e9e. Est-il si suicidaire ou incons\u00e9quent de tenter, par tous les moyens, de renouer avec une dimension festive de la musique ? Est-ce aberrant de penser qu\u2019en donnant son nom et son contact ( une formalit\u00e9 de base en Allemagne m\u00eame pour prendre un caf\u00e9), on puisse ensuite, librement, avec son masque, \u00e9couter un concert amplifi\u00e9 et, folie ultime, esquisser quelques petits tours de piste ? Est-ce tout simplement raisonnable que de pousser une jeunesse ( et quelques \u201cvieux\u201d dans mon genre) \u00e0 une clandestinit\u00e9 sacrificielle qui flatterait en plus, pour de mauvaises raisons, un d\u00e9sastreux frisson de transgression ? Il va bien falloir que ces questions soient pos\u00e9es, en nous \u00e9loignant des hurlements d\u00e9clinistes ou moraux. Si l\u2019\u00e9pid\u00e9mie s\u2019installe, il nous faudra vivre avec. Mais pr\u00e9server la vie \u00e0 tout prix n\u2019a de sens que si la vie apporte son lot d\u2019\u00e9motions po\u00e9tiques. Il serait vraiment dommage de continuer \u00e0 croire qu\u2019au nom d\u2019un puritanisme culturel on persiste \u00e0 consid\u00e9rer les musiques amplifi\u00e9es ( electro en t\u00eate) comme des victimes collat\u00e9rales n\u00e9gligeables de notre bataille sanitaire.&nbsp;<br><\/p>\n","protected":false},"excerpt":{"rendered":"<p>Le Puy du fou VS le fond du trou \u2026. Cinq mois que toute activit\u00e9 musicale ( electro ou pas ) est interdite, et on &#8230;<\/p>\n","protected":false},"author":1,"featured_media":311,"comment_status":"open","ping_status":"open","sticky":false,"template":"","format":"standard","meta":{"spay_email":""},"categories":[1],"tags":[],"yoast_head":"<!-- This site is optimized with the Yoast SEO plugin v17.7.1 - https:\/\/yoast.com\/wordpress\/plugins\/seo\/ -->\n<title>Le Puy ...de la folie. - CaveCaenem<\/title>\n<meta name=\"robots\" content=\"index, follow, max-snippet:-1, max-image-preview:large, max-video-preview:-1\" \/>\n<link rel=\"canonical\" href=\"https:\/\/cavecaenem.fr\/index.php\/2020\/08\/16\/le-puy-de-la-folie\/\" \/>\n<meta property=\"og:locale\" content=\"fr_FR\" \/>\n<meta property=\"og:type\" content=\"article\" \/>\n<meta property=\"og:title\" content=\"Le Puy ...de la folie. - CaveCaenem\" \/>\n<meta property=\"og:description\" content=\"Le Puy du fou VS le fond du trou \u2026. Cinq mois que toute activit\u00e9 musicale ( electro ou pas ) est interdite, et on ...\" \/>\n<meta property=\"og:url\" content=\"https:\/\/cavecaenem.fr\/index.php\/2020\/08\/16\/le-puy-de-la-folie\/\" \/>\n<meta property=\"og:site_name\" content=\"CaveCaenem\" \/>\n<meta property=\"article:published_time\" content=\"2020-08-16T13:32:57+00:00\" \/>\n<meta property=\"og:image\" content=\"https:\/\/cavecaenem.fr\/wp-content\/uploads\/2020\/08\/on-ferme-club.jpg\" \/>\n\t<meta property=\"og:image:width\" content=\"1073\" \/>\n\t<meta property=\"og:image:height\" content=\"1087\" \/>\n<meta name=\"twitter:card\" content=\"summary_large_image\" \/>\n<meta name=\"twitter:label1\" content=\"\u00c9crit par\" \/>\n\t<meta name=\"twitter:data1\" content=\"Ren\u00e9 Fix\" \/>\n\t<meta name=\"twitter:label2\" content=\"Dur\u00e9e de lecture estim\u00e9e\" \/>\n\t<meta name=\"twitter:data2\" content=\"4 minutes\" \/>\n<script type=\"application\/ld+json\" class=\"yoast-schema-graph\">{\"@context\":\"https:\/\/schema.org\",\"@graph\":[{\"@type\":\"WebSite\",\"@id\":\"https:\/\/cavecaenem.fr\/#website\",\"url\":\"https:\/\/cavecaenem.fr\/\",\"name\":\"CaveCaenem\",\"description\":\"L\\u2019actualit\\u00e9 caennaise en toute subjectivit\\u00e9.\",\"publisher\":{\"@id\":\"https:\/\/cavecaenem.fr\/#\/schema\/person\/8adecaca43e137acf11e776d28d1e734\"},\"potentialAction\":[{\"@type\":\"SearchAction\",\"target\":{\"@type\":\"EntryPoint\",\"urlTemplate\":\"https:\/\/cavecaenem.fr\/?s={search_term_string}\"},\"query-input\":\"required name=search_term_string\"}],\"inLanguage\":\"fr-FR\"},{\"@type\":\"ImageObject\",\"@id\":\"https:\/\/cavecaenem.fr\/index.php\/2020\/08\/16\/le-puy-de-la-folie\/#primaryimage\",\"inLanguage\":\"fr-FR\",\"url\":\"https:\/\/cavecaenem.fr\/wp-content\/uploads\/2020\/08\/on-ferme-club.jpg\",\"contentUrl\":\"https:\/\/cavecaenem.fr\/wp-content\/uploads\/2020\/08\/on-ferme-club.jpg\",\"width\":1073,\"height\":1087},{\"@type\":\"WebPage\",\"@id\":\"https:\/\/cavecaenem.fr\/index.php\/2020\/08\/16\/le-puy-de-la-folie\/#webpage\",\"url\":\"https:\/\/cavecaenem.fr\/index.php\/2020\/08\/16\/le-puy-de-la-folie\/\",\"name\":\"Le Puy ...de la folie. - CaveCaenem\",\"isPartOf\":{\"@id\":\"https:\/\/cavecaenem.fr\/#website\"},\"primaryImageOfPage\":{\"@id\":\"https:\/\/cavecaenem.fr\/index.php\/2020\/08\/16\/le-puy-de-la-folie\/#primaryimage\"},\"datePublished\":\"2020-08-16T13:32:57+00:00\",\"dateModified\":\"2020-08-16T13:32:57+00:00\",\"breadcrumb\":{\"@id\":\"https:\/\/cavecaenem.fr\/index.php\/2020\/08\/16\/le-puy-de-la-folie\/#breadcrumb\"},\"inLanguage\":\"fr-FR\",\"potentialAction\":[{\"@type\":\"ReadAction\",\"target\":[\"https:\/\/cavecaenem.fr\/index.php\/2020\/08\/16\/le-puy-de-la-folie\/\"]}]},{\"@type\":\"BreadcrumbList\",\"@id\":\"https:\/\/cavecaenem.fr\/index.php\/2020\/08\/16\/le-puy-de-la-folie\/#breadcrumb\",\"itemListElement\":[{\"@type\":\"ListItem\",\"position\":1,\"name\":\"Accueil\",\"item\":\"https:\/\/cavecaenem.fr\/\"},{\"@type\":\"ListItem\",\"position\":2,\"name\":\"Le Puy &#8230;de la folie.\"}]},{\"@type\":\"Article\",\"@id\":\"https:\/\/cavecaenem.fr\/index.php\/2020\/08\/16\/le-puy-de-la-folie\/#article\",\"isPartOf\":{\"@id\":\"https:\/\/cavecaenem.fr\/index.php\/2020\/08\/16\/le-puy-de-la-folie\/#webpage\"},\"author\":{\"@id\":\"https:\/\/cavecaenem.fr\/#\/schema\/person\/8adecaca43e137acf11e776d28d1e734\"},\"headline\":\"Le Puy &#8230;de la folie.\",\"datePublished\":\"2020-08-16T13:32:57+00:00\",\"dateModified\":\"2020-08-16T13:32:57+00:00\",\"mainEntityOfPage\":{\"@id\":\"https:\/\/cavecaenem.fr\/index.php\/2020\/08\/16\/le-puy-de-la-folie\/#webpage\"},\"wordCount\":859,\"commentCount\":0,\"publisher\":{\"@id\":\"https:\/\/cavecaenem.fr\/#\/schema\/person\/8adecaca43e137acf11e776d28d1e734\"},\"image\":{\"@id\":\"https:\/\/cavecaenem.fr\/index.php\/2020\/08\/16\/le-puy-de-la-folie\/#primaryimage\"},\"thumbnailUrl\":\"https:\/\/cavecaenem.fr\/wp-content\/uploads\/2020\/08\/on-ferme-club.jpg\",\"articleSection\":[\"La Nuit\"],\"inLanguage\":\"fr-FR\",\"potentialAction\":[{\"@type\":\"CommentAction\",\"name\":\"Comment\",\"target\":[\"https:\/\/cavecaenem.fr\/index.php\/2020\/08\/16\/le-puy-de-la-folie\/#respond\"]}]},{\"@type\":[\"Person\",\"Organization\"],\"@id\":\"https:\/\/cavecaenem.fr\/#\/schema\/person\/8adecaca43e137acf11e776d28d1e734\",\"name\":\"Ren\\u00e9 Fix\",\"image\":{\"@type\":\"ImageObject\",\"@id\":\"https:\/\/cavecaenem.fr\/#personlogo\",\"inLanguage\":\"fr-FR\",\"url\":\"https:\/\/secure.gravatar.com\/avatar\/b49591d8c60f351185d7719fe6f34144?s=96&d=mm&r=g\",\"contentUrl\":\"https:\/\/secure.gravatar.com\/avatar\/b49591d8c60f351185d7719fe6f34144?s=96&d=mm&r=g\",\"caption\":\"Ren\\u00e9 Fix\"},\"logo\":{\"@id\":\"https:\/\/cavecaenem.fr\/#personlogo\"}}]}<\/script>\n<!-- \/ Yoast SEO plugin. -->","yoast_head_json":{"title":"Le Puy ...de la folie. - CaveCaenem","robots":{"index":"index","follow":"follow","max-snippet":"max-snippet:-1","max-image-preview":"max-image-preview:large","max-video-preview":"max-video-preview:-1"},"canonical":"https:\/\/cavecaenem.fr\/index.php\/2020\/08\/16\/le-puy-de-la-folie\/","og_locale":"fr_FR","og_type":"article","og_title":"Le Puy ...de la folie. - CaveCaenem","og_description":"Le Puy du fou VS le fond du trou \u2026. Cinq mois que toute activit\u00e9 musicale ( electro ou pas ) est interdite, et on ...","og_url":"https:\/\/cavecaenem.fr\/index.php\/2020\/08\/16\/le-puy-de-la-folie\/","og_site_name":"CaveCaenem","article_published_time":"2020-08-16T13:32:57+00:00","og_image":[{"width":1073,"height":1087,"url":"https:\/\/cavecaenem.fr\/wp-content\/uploads\/2020\/08\/on-ferme-club.jpg","type":"image\/jpeg"}],"twitter_card":"summary_large_image","twitter_misc":{"\u00c9crit par":"Ren\u00e9 Fix","Dur\u00e9e de lecture estim\u00e9e":"4 minutes"},"schema":{"@context":"https:\/\/schema.org","@graph":[{"@type":"WebSite","@id":"https:\/\/cavecaenem.fr\/#website","url":"https:\/\/cavecaenem.fr\/","name":"CaveCaenem","description":"L\u2019actualit\u00e9 caennaise en toute subjectivit\u00e9.","publisher":{"@id":"https:\/\/cavecaenem.fr\/#\/schema\/person\/8adecaca43e137acf11e776d28d1e734"},"potentialAction":[{"@type":"SearchAction","target":{"@type":"EntryPoint","urlTemplate":"https:\/\/cavecaenem.fr\/?s={search_term_string}"},"query-input":"required name=search_term_string"}],"inLanguage":"fr-FR"},{"@type":"ImageObject","@id":"https:\/\/cavecaenem.fr\/index.php\/2020\/08\/16\/le-puy-de-la-folie\/#primaryimage","inLanguage":"fr-FR","url":"https:\/\/cavecaenem.fr\/wp-content\/uploads\/2020\/08\/on-ferme-club.jpg","contentUrl":"https:\/\/cavecaenem.fr\/wp-content\/uploads\/2020\/08\/on-ferme-club.jpg","width":1073,"height":1087},{"@type":"WebPage","@id":"https:\/\/cavecaenem.fr\/index.php\/2020\/08\/16\/le-puy-de-la-folie\/#webpage","url":"https:\/\/cavecaenem.fr\/index.php\/2020\/08\/16\/le-puy-de-la-folie\/","name":"Le Puy ...de la folie. - CaveCaenem","isPartOf":{"@id":"https:\/\/cavecaenem.fr\/#website"},"primaryImageOfPage":{"@id":"https:\/\/cavecaenem.fr\/index.php\/2020\/08\/16\/le-puy-de-la-folie\/#primaryimage"},"datePublished":"2020-08-16T13:32:57+00:00","dateModified":"2020-08-16T13:32:57+00:00","breadcrumb":{"@id":"https:\/\/cavecaenem.fr\/index.php\/2020\/08\/16\/le-puy-de-la-folie\/#breadcrumb"},"inLanguage":"fr-FR","potentialAction":[{"@type":"ReadAction","target":["https:\/\/cavecaenem.fr\/index.php\/2020\/08\/16\/le-puy-de-la-folie\/"]}]},{"@type":"BreadcrumbList","@id":"https:\/\/cavecaenem.fr\/index.php\/2020\/08\/16\/le-puy-de-la-folie\/#breadcrumb","itemListElement":[{"@type":"ListItem","position":1,"name":"Accueil","item":"https:\/\/cavecaenem.fr\/"},{"@type":"ListItem","position":2,"name":"Le Puy &#8230;de la folie."}]},{"@type":"Article","@id":"https:\/\/cavecaenem.fr\/index.php\/2020\/08\/16\/le-puy-de-la-folie\/#article","isPartOf":{"@id":"https:\/\/cavecaenem.fr\/index.php\/2020\/08\/16\/le-puy-de-la-folie\/#webpage"},"author":{"@id":"https:\/\/cavecaenem.fr\/#\/schema\/person\/8adecaca43e137acf11e776d28d1e734"},"headline":"Le Puy &#8230;de la folie.","datePublished":"2020-08-16T13:32:57+00:00","dateModified":"2020-08-16T13:32:57+00:00","mainEntityOfPage":{"@id":"https:\/\/cavecaenem.fr\/index.php\/2020\/08\/16\/le-puy-de-la-folie\/#webpage"},"wordCount":859,"commentCount":0,"publisher":{"@id":"https:\/\/cavecaenem.fr\/#\/schema\/person\/8adecaca43e137acf11e776d28d1e734"},"image":{"@id":"https:\/\/cavecaenem.fr\/index.php\/2020\/08\/16\/le-puy-de-la-folie\/#primaryimage"},"thumbnailUrl":"https:\/\/cavecaenem.fr\/wp-content\/uploads\/2020\/08\/on-ferme-club.jpg","articleSection":["La Nuit"],"inLanguage":"fr-FR","potentialAction":[{"@type":"CommentAction","name":"Comment","target":["https:\/\/cavecaenem.fr\/index.php\/2020\/08\/16\/le-puy-de-la-folie\/#respond"]}]},{"@type":["Person","Organization"],"@id":"https:\/\/cavecaenem.fr\/#\/schema\/person\/8adecaca43e137acf11e776d28d1e734","name":"Ren\u00e9 Fix","image":{"@type":"ImageObject","@id":"https:\/\/cavecaenem.fr\/#personlogo","inLanguage":"fr-FR","url":"https:\/\/secure.gravatar.com\/avatar\/b49591d8c60f351185d7719fe6f34144?s=96&d=mm&r=g","contentUrl":"https:\/\/secure.gravatar.com\/avatar\/b49591d8c60f351185d7719fe6f34144?s=96&d=mm&r=g","caption":"Ren\u00e9 Fix"},"logo":{"@id":"https:\/\/cavecaenem.fr\/#personlogo"}}]}},"jetpack_featured_media_url":"https:\/\/cavecaenem.fr\/wp-content\/uploads\/2020\/08\/on-ferme-club.jpg","_links":{"self":[{"href":"https:\/\/cavecaenem.fr\/index.php\/wp-json\/wp\/v2\/posts\/310"}],"collection":[{"href":"https:\/\/cavecaenem.fr\/index.php\/wp-json\/wp\/v2\/posts"}],"about":[{"href":"https:\/\/cavecaenem.fr\/index.php\/wp-json\/wp\/v2\/types\/post"}],"author":[{"embeddable":true,"href":"https:\/\/cavecaenem.fr\/index.php\/wp-json\/wp\/v2\/users\/1"}],"replies":[{"embeddable":true,"href":"https:\/\/cavecaenem.fr\/index.php\/wp-json\/wp\/v2\/comments?post=310"}],"version-history":[{"count":1,"href":"https:\/\/cavecaenem.fr\/index.php\/wp-json\/wp\/v2\/posts\/310\/revisions"}],"predecessor-version":[{"id":312,"href":"https:\/\/cavecaenem.fr\/index.php\/wp-json\/wp\/v2\/posts\/310\/revisions\/312"}],"wp:featuredmedia":[{"embeddable":true,"href":"https:\/\/cavecaenem.fr\/index.php\/wp-json\/wp\/v2\/media\/311"}],"wp:attachment":[{"href":"https:\/\/cavecaenem.fr\/index.php\/wp-json\/wp\/v2\/media?parent=310"}],"wp:term":[{"taxonomy":"category","embeddable":true,"href":"https:\/\/cavecaenem.fr\/index.php\/wp-json\/wp\/v2\/categories?post=310"},{"taxonomy":"post_tag","embeddable":true,"href":"https:\/\/cavecaenem.fr\/index.php\/wp-json\/wp\/v2\/tags?post=310"}],"curies":[{"name":"wp","href":"https:\/\/api.w.org\/{rel}","templated":true}]}}