{"id":522,"date":"2021-12-11T12:55:44","date_gmt":"2021-12-11T11:55:44","guid":{"rendered":"https:\/\/cavecaenem.fr\/?p=522"},"modified":"2021-12-11T12:55:45","modified_gmt":"2021-12-11T11:55:45","slug":"clap-de-fin-electro-ou-espoir-dramatique","status":"publish","type":"post","link":"https:\/\/cavecaenem.fr\/index.php\/2021\/12\/11\/clap-de-fin-electro-ou-espoir-dramatique\/","title":{"rendered":"Clap de fin (electro) ou espoir &#8220;dramatique&#8221; ?"},"content":{"rendered":"\n<p><\/p>\n\n\n\n<p>Faute de grives musicales on mange des merles dramatiques \u2026..<\/p>\n\n\n\n<p>Grosse actualit\u00e9 th\u00e9\u00e2trale cette semaine avec des cr\u00e9ations \u00e0 gogo au CDN et aujourd\u2019hui m\u00eame un hommage \u00e0 Michel Dubois ( j\u2019y reviendrai peut-\u00eatre\u2026).<\/p>\n\n\n\n<p>Aux Cordes c\u2019est le duo&nbsp; Chiambretto-Thommerel qui ouvre la marche avec \u00celots, une proposition pour trois acteurs. Autour de la pr\u00e9sence toujours aussi lunaire de Jean-Fran\u00e7ois Perrier, deux jeunes acteurs, Julien Masson et S\u00e9phora Pondi nous d\u00e9voilent, nous \u00e9num\u00e8rent un questionnaire d\u2019o\u00f9 \u00e9merge parfois une question \u00e0 forte valeur ajout\u00e9e po\u00e9tique comme \u00ab&nbsp;Avez-vous d\u00e9j\u00e0 mang\u00e9 un fruit que vous avez cueilli ?&nbsp;\u00bb. Certaines sont autant d\u2019adresses directes au public et sont parfois illustr\u00e9es par un clip vid\u00e9o oupar&nbsp; des m\u00e9taphores dramatiques jou\u00e9es par les trois com\u00e9diens sans qu\u2019on ne sache jamais qui ils sont vraiment. Pas de place pour la fable, pour une intrigue quelconque mais un \u00ab&nbsp;num\u00e9ro&nbsp;\u00bb d\u2019acteurs-marionnettes au service d\u2019un texte qui fonctionne en creux, puisque les questions envoy\u00e9es \u00e0 la salle sont autant de \u00ab&nbsp;balles&nbsp;\u00bb politiques plus ou moins mortelles selon la sinc\u00e9rit\u00e9 des r\u00e9ponses qu\u2019on voudra bien y donner. \u00c7a et l\u00e0 quelques moments de vie , comme cet \u00e9trange interm\u00e8de dans\u00e9 sur une sc\u00e8ne devenue pour un temps dancefloor mental, donnent du mouvement et de l\u2019\u00e9nergie et si l\u2019on ajoute \u00e0 cela que la repr\u00e9sentation \u00e9tait traduite en langue des signes on obtient un spectacle qui coche&nbsp; toutes les cases d\u2019une certaine modernit\u00e9 acad\u00e9mique.&nbsp;<\/p>\n\n\n\n<p>Un dernier verre \u00ab&nbsp;en musique&nbsp;\u00bb aux Trois marches.&nbsp;<\/p>\n\n\n\n<p>C\u2019est donc sous une pluie battante que je quitte jeudi soir les \u2026.Cordes et que je file aux Trois marches pour ce qui s\u2019annonce comme la derni\u00e8re proposition musicale avant \u2026..quatre semaines. C\u2019\u00e9tait pour moi l\u2019occasion de profiter une derni\u00e8re fois du passage \u00e0 Caen d\u2019Angseth avant son retour \u00e0 \u00c9dimbourg. La veille, il avait profit\u00e9 de cette fen\u00eatre de tir pour mixer au No Limit et jeudi soir c\u2019est avec Vertu\u00f8ze et KTLNTS qu\u2019il se retrouve pour une soir\u00e9e aussi amicale que d\u00e9licieusement foutraque. Aux dires de Vertu\u00f8ze et d\u2019Angseth, ils se pourl\u00e8chent \u00e0 ressortir des pistes issues de leurs d\u00e9buts respectifs et m\u00eame si le dancefloor ( r\u00e9el celui-ci) est tout petit petit, \u00e7a gigote bien et le bar se laisse happer par cette ambiance tout en donnant une claque salvatrice \u00e0 la morosit\u00e9 ambiante qui nous attend, une claque qui finira par un uppercut bien balanc\u00e9 par KTLNTS qui, avec ses vinyls aura su trouver&nbsp; les kicks, les \u00ab&nbsp;munitions&nbsp;\u00bb n\u00e9cessaires pour affronter la disette annonc\u00e9e.<\/p>\n\n\n\n<p>Halloween together : le triomphe du th\u00e9\u00e2tre !<\/p>\n\n\n\n<p>Vendredi soir, toujours dans mon gymkhana th\u00e9\u00e2tral, je file \u00e0 H\u00e9rouville pour la derni\u00e8re d\u2019Halloween together, un spectacle chaudement recommand\u00e9 par Interstice.&nbsp;<\/p>\n\n\n\n<p>La lecture du programme ( la bible ) me fait un peu craindre le pire mais les premi\u00e8res minutes de ce spectacle balayent tout tant la magie du th\u00e9\u00e2tre op\u00e8re comme jamais. Aux manettes, C\u00e9line Ohrel dirige et \u00e9crit le spectacle, et c\u2019est d\u2019une main de fer. Le propos de la pi\u00e8ce repose tout entier sur la porosit\u00e9 grandissante de la r\u00e9alit\u00e9 et de son avatar virtuel et on suit donc, au sein d\u2019une famille les effets, forc\u00e9ment \u00ab&nbsp;dramatiques&nbsp;\u00bb des \u00e9crans. Dit comme cela on sent venir la r\u00e9f\u00e9rence Black Mirror \u00e0 plein nez mais toute la virtuosit\u00e9 du travail de C\u00e9line Ohrel consistera justement \u00e0 revendiquer pleinement cette contamination esth\u00e9tique pour mieux en r\u00e9v\u00e9ler la charge dramatique avec les moyens du th\u00e9\u00e2tre. Quatre \u00e9pisodes donc ( clin d\u2019\u0153il Netflix en sus) durant lesquels on passera d\u2019une situation r\u00e9aliste, presque v\u00e9riste ( une jeune veuve et son fils qui maintient artificiellement un dialogue virtuel avec le p\u00e8re-mari ) \u00e0 une discussion d\u2019apr\u00e8s spectacle qui brouillera totalement les pistes de la puissance cr\u00e9atrice \u00e0 l\u2019origine de toute cette soir\u00e9e Halloween. Si, au d\u00e9part, je suis un peu \u00e9nerv\u00e9 par des com\u00e9diens qui sont tous \u00ab&nbsp;amplifi\u00e9s&nbsp;\u00bb et dont la voix se perd dans une sorte d\u2019\u00e9cran sonore sans profondeur, je comprends tr\u00e8s vite que cela participe d\u2019un brouillage des pistes qui laisse le spectateur pantois devant la question de qui est vivant, qui est mort, qui est r\u00e9el, qui est virtuel ? Cette m\u00e9canique dramatique est toute enti\u00e8re tress\u00e9e dans un texte aussi efficace que po\u00e9tique et c\u2019est un vrai plaisir que de retrouver ( enfin) ce th\u00e9\u00e2tre de situation ( comme le disait Sartre) dans lequel, presque avec un plaisir sadique, le spectateur observe les cons\u00e9quences in\u00e9vitables, donc tragiques, d\u2019une situation de base. Quel plaisir que de renouer avec une vraie intrigue, \u00ab&nbsp;a good story&nbsp;\u00bb comme le disait Orson Welles, quel plaisir que de voir des acteurs investis et qui osent ( sacril\u00e8ge dans une certaine modernit\u00e9 th\u00e9\u00e2trale) l\u2019incarnation ! Certes, il y a peut \u00eatre quelques petites longueurs ( le spectacle dure 2h20 sans entracte) mais Halloween Together d\u00e9veloppe, \u00e0 tout instant, des images qu\u2019on croirait sorties directement de l\u2019objectif de Gregory Crewdson ( si vous ne connaissez pas filez imm\u00e9diatement sur internet ), il tisse si habilement, mais en toute accessibilit\u00e9, un tel r\u00e9seau de sens et de po\u00e9sie qu\u2019on en ressort \u00e9merveill\u00e9 et rassur\u00e9 quant \u00e0 l\u2019efficacit\u00e9 de cet art mill\u00e9naire qu\u2019est le th\u00e9\u00e2tre. Car si la pi\u00e8ce s\u2019attaque \u00e0 la r\u00e9alit\u00e9 virtuelle, si elle use ( sans abuser) de la vid\u00e9o, elle s\u2019appuie avant tout sur la dynamique ancestrale du th\u00e9\u00e2tre, c\u2019est \u00e0 dire sur la force non pas de l\u2019image mais du verbe, un verbe ici magnifi\u00e9 et glorifi\u00e9 par une langue aussi simple qu\u2019inspir\u00e9e. C\u2019est encore dans cette vieille casserole qu\u2019est le th\u00e9\u00e2tre qu\u2019on fait les plus belles fictions et C\u00e9line Ohrel le prouve dans son \u00e9clatante r\u00e9alisation !<\/p>\n","protected":false},"excerpt":{"rendered":"<p>Faute de grives musicales on mange des merles dramatiques \u2026.. Grosse actualit\u00e9 th\u00e9\u00e2trale cette semaine avec des cr\u00e9ations \u00e0 gogo au CDN et aujourd\u2019hui m\u00eame &#8230;<\/p>\n","protected":false},"author":1,"featured_media":519,"comment_status":"open","ping_status":"open","sticky":false,"template":"","format":"standard","meta":{"spay_email":""},"categories":[1],"tags":[],"yoast_head":"<!-- This site is optimized with the Yoast SEO plugin v17.7.1 - https:\/\/yoast.com\/wordpress\/plugins\/seo\/ -->\n<title>Clap de fin (electro) ou espoir &quot;dramatique&quot; ? - CaveCaenem<\/title>\n<meta name=\"robots\" content=\"index, follow, max-snippet:-1, max-image-preview:large, max-video-preview:-1\" \/>\n<link rel=\"canonical\" href=\"https:\/\/cavecaenem.fr\/index.php\/2021\/12\/11\/clap-de-fin-electro-ou-espoir-dramatique\/\" \/>\n<meta property=\"og:locale\" content=\"fr_FR\" \/>\n<meta property=\"og:type\" content=\"article\" \/>\n<meta property=\"og:title\" content=\"Clap de fin (electro) ou espoir &quot;dramatique&quot; ? - CaveCaenem\" \/>\n<meta property=\"og:description\" content=\"Faute de grives musicales on mange des merles dramatiques \u2026.. Grosse actualit\u00e9 th\u00e9\u00e2trale cette semaine avec des cr\u00e9ations \u00e0 gogo au CDN et aujourd\u2019hui m\u00eame ...\" \/>\n<meta property=\"og:url\" content=\"https:\/\/cavecaenem.fr\/index.php\/2021\/12\/11\/clap-de-fin-electro-ou-espoir-dramatique\/\" \/>\n<meta property=\"og:site_name\" content=\"CaveCaenem\" \/>\n<meta property=\"article:published_time\" content=\"2021-12-11T11:55:44+00:00\" \/>\n<meta property=\"article:modified_time\" content=\"2021-12-11T11:55:45+00:00\" \/>\n<meta property=\"og:image\" content=\"https:\/\/cavecaenem.fr\/wp-content\/uploads\/2021\/12\/23-HALLOWEEN-TOGETHER-3.jpeg\" \/>\n\t<meta property=\"og:image:width\" content=\"800\" \/>\n\t<meta property=\"og:image:height\" content=\"533\" \/>\n<meta name=\"twitter:card\" content=\"summary_large_image\" \/>\n<meta name=\"twitter:label1\" content=\"\u00c9crit par\" \/>\n\t<meta name=\"twitter:data1\" content=\"Ren\u00e9 Fix\" \/>\n\t<meta name=\"twitter:label2\" content=\"Dur\u00e9e de lecture estim\u00e9e\" \/>\n\t<meta name=\"twitter:data2\" content=\"4 minutes\" \/>\n<script type=\"application\/ld+json\" class=\"yoast-schema-graph\">{\"@context\":\"https:\/\/schema.org\",\"@graph\":[{\"@type\":\"WebSite\",\"@id\":\"https:\/\/cavecaenem.fr\/#website\",\"url\":\"https:\/\/cavecaenem.fr\/\",\"name\":\"CaveCaenem\",\"description\":\"L\\u2019actualit\\u00e9 caennaise en toute subjectivit\\u00e9.\",\"publisher\":{\"@id\":\"https:\/\/cavecaenem.fr\/#\/schema\/person\/8adecaca43e137acf11e776d28d1e734\"},\"potentialAction\":[{\"@type\":\"SearchAction\",\"target\":{\"@type\":\"EntryPoint\",\"urlTemplate\":\"https:\/\/cavecaenem.fr\/?s={search_term_string}\"},\"query-input\":\"required name=search_term_string\"}],\"inLanguage\":\"fr-FR\"},{\"@type\":\"ImageObject\",\"@id\":\"https:\/\/cavecaenem.fr\/index.php\/2021\/12\/11\/clap-de-fin-electro-ou-espoir-dramatique\/#primaryimage\",\"inLanguage\":\"fr-FR\",\"url\":\"https:\/\/cavecaenem.fr\/wp-content\/uploads\/2021\/12\/23-HALLOWEEN-TOGETHER-3.jpeg\",\"contentUrl\":\"https:\/\/cavecaenem.fr\/wp-content\/uploads\/2021\/12\/23-HALLOWEEN-TOGETHER-3.jpeg\",\"width\":800,\"height\":533},{\"@type\":\"WebPage\",\"@id\":\"https:\/\/cavecaenem.fr\/index.php\/2021\/12\/11\/clap-de-fin-electro-ou-espoir-dramatique\/#webpage\",\"url\":\"https:\/\/cavecaenem.fr\/index.php\/2021\/12\/11\/clap-de-fin-electro-ou-espoir-dramatique\/\",\"name\":\"Clap de fin (electro) ou espoir \\\"dramatique\\\" ? - CaveCaenem\",\"isPartOf\":{\"@id\":\"https:\/\/cavecaenem.fr\/#website\"},\"primaryImageOfPage\":{\"@id\":\"https:\/\/cavecaenem.fr\/index.php\/2021\/12\/11\/clap-de-fin-electro-ou-espoir-dramatique\/#primaryimage\"},\"datePublished\":\"2021-12-11T11:55:44+00:00\",\"dateModified\":\"2021-12-11T11:55:45+00:00\",\"breadcrumb\":{\"@id\":\"https:\/\/cavecaenem.fr\/index.php\/2021\/12\/11\/clap-de-fin-electro-ou-espoir-dramatique\/#breadcrumb\"},\"inLanguage\":\"fr-FR\",\"potentialAction\":[{\"@type\":\"ReadAction\",\"target\":[\"https:\/\/cavecaenem.fr\/index.php\/2021\/12\/11\/clap-de-fin-electro-ou-espoir-dramatique\/\"]}]},{\"@type\":\"BreadcrumbList\",\"@id\":\"https:\/\/cavecaenem.fr\/index.php\/2021\/12\/11\/clap-de-fin-electro-ou-espoir-dramatique\/#breadcrumb\",\"itemListElement\":[{\"@type\":\"ListItem\",\"position\":1,\"name\":\"Accueil\",\"item\":\"https:\/\/cavecaenem.fr\/\"},{\"@type\":\"ListItem\",\"position\":2,\"name\":\"Clap de fin (electro) ou espoir &#8220;dramatique&#8221; ?\"}]},{\"@type\":\"Article\",\"@id\":\"https:\/\/cavecaenem.fr\/index.php\/2021\/12\/11\/clap-de-fin-electro-ou-espoir-dramatique\/#article\",\"isPartOf\":{\"@id\":\"https:\/\/cavecaenem.fr\/index.php\/2021\/12\/11\/clap-de-fin-electro-ou-espoir-dramatique\/#webpage\"},\"author\":{\"@id\":\"https:\/\/cavecaenem.fr\/#\/schema\/person\/8adecaca43e137acf11e776d28d1e734\"},\"headline\":\"Clap de fin (electro) ou espoir &#8220;dramatique&#8221; ?\",\"datePublished\":\"2021-12-11T11:55:44+00:00\",\"dateModified\":\"2021-12-11T11:55:45+00:00\",\"mainEntityOfPage\":{\"@id\":\"https:\/\/cavecaenem.fr\/index.php\/2021\/12\/11\/clap-de-fin-electro-ou-espoir-dramatique\/#webpage\"},\"wordCount\":1049,\"commentCount\":0,\"publisher\":{\"@id\":\"https:\/\/cavecaenem.fr\/#\/schema\/person\/8adecaca43e137acf11e776d28d1e734\"},\"image\":{\"@id\":\"https:\/\/cavecaenem.fr\/index.php\/2021\/12\/11\/clap-de-fin-electro-ou-espoir-dramatique\/#primaryimage\"},\"thumbnailUrl\":\"https:\/\/cavecaenem.fr\/wp-content\/uploads\/2021\/12\/23-HALLOWEEN-TOGETHER-3.jpeg\",\"articleSection\":[\"La Nuit\"],\"inLanguage\":\"fr-FR\",\"potentialAction\":[{\"@type\":\"CommentAction\",\"name\":\"Comment\",\"target\":[\"https:\/\/cavecaenem.fr\/index.php\/2021\/12\/11\/clap-de-fin-electro-ou-espoir-dramatique\/#respond\"]}]},{\"@type\":[\"Person\",\"Organization\"],\"@id\":\"https:\/\/cavecaenem.fr\/#\/schema\/person\/8adecaca43e137acf11e776d28d1e734\",\"name\":\"Ren\\u00e9 Fix\",\"image\":{\"@type\":\"ImageObject\",\"@id\":\"https:\/\/cavecaenem.fr\/#personlogo\",\"inLanguage\":\"fr-FR\",\"url\":\"https:\/\/secure.gravatar.com\/avatar\/b49591d8c60f351185d7719fe6f34144?s=96&d=mm&r=g\",\"contentUrl\":\"https:\/\/secure.gravatar.com\/avatar\/b49591d8c60f351185d7719fe6f34144?s=96&d=mm&r=g\",\"caption\":\"Ren\\u00e9 Fix\"},\"logo\":{\"@id\":\"https:\/\/cavecaenem.fr\/#personlogo\"}}]}<\/script>\n<!-- \/ Yoast SEO plugin. -->","yoast_head_json":{"title":"Clap de fin (electro) ou espoir \"dramatique\" ? - CaveCaenem","robots":{"index":"index","follow":"follow","max-snippet":"max-snippet:-1","max-image-preview":"max-image-preview:large","max-video-preview":"max-video-preview:-1"},"canonical":"https:\/\/cavecaenem.fr\/index.php\/2021\/12\/11\/clap-de-fin-electro-ou-espoir-dramatique\/","og_locale":"fr_FR","og_type":"article","og_title":"Clap de fin (electro) ou espoir \"dramatique\" ? - CaveCaenem","og_description":"Faute de grives musicales on mange des merles dramatiques \u2026.. Grosse actualit\u00e9 th\u00e9\u00e2trale cette semaine avec des cr\u00e9ations \u00e0 gogo au CDN et aujourd\u2019hui m\u00eame ...","og_url":"https:\/\/cavecaenem.fr\/index.php\/2021\/12\/11\/clap-de-fin-electro-ou-espoir-dramatique\/","og_site_name":"CaveCaenem","article_published_time":"2021-12-11T11:55:44+00:00","article_modified_time":"2021-12-11T11:55:45+00:00","og_image":[{"width":800,"height":533,"url":"https:\/\/cavecaenem.fr\/wp-content\/uploads\/2021\/12\/23-HALLOWEEN-TOGETHER-3.jpeg","type":"image\/jpeg"}],"twitter_card":"summary_large_image","twitter_misc":{"\u00c9crit par":"Ren\u00e9 Fix","Dur\u00e9e de lecture estim\u00e9e":"4 minutes"},"schema":{"@context":"https:\/\/schema.org","@graph":[{"@type":"WebSite","@id":"https:\/\/cavecaenem.fr\/#website","url":"https:\/\/cavecaenem.fr\/","name":"CaveCaenem","description":"L\u2019actualit\u00e9 caennaise en toute subjectivit\u00e9.","publisher":{"@id":"https:\/\/cavecaenem.fr\/#\/schema\/person\/8adecaca43e137acf11e776d28d1e734"},"potentialAction":[{"@type":"SearchAction","target":{"@type":"EntryPoint","urlTemplate":"https:\/\/cavecaenem.fr\/?s={search_term_string}"},"query-input":"required name=search_term_string"}],"inLanguage":"fr-FR"},{"@type":"ImageObject","@id":"https:\/\/cavecaenem.fr\/index.php\/2021\/12\/11\/clap-de-fin-electro-ou-espoir-dramatique\/#primaryimage","inLanguage":"fr-FR","url":"https:\/\/cavecaenem.fr\/wp-content\/uploads\/2021\/12\/23-HALLOWEEN-TOGETHER-3.jpeg","contentUrl":"https:\/\/cavecaenem.fr\/wp-content\/uploads\/2021\/12\/23-HALLOWEEN-TOGETHER-3.jpeg","width":800,"height":533},{"@type":"WebPage","@id":"https:\/\/cavecaenem.fr\/index.php\/2021\/12\/11\/clap-de-fin-electro-ou-espoir-dramatique\/#webpage","url":"https:\/\/cavecaenem.fr\/index.php\/2021\/12\/11\/clap-de-fin-electro-ou-espoir-dramatique\/","name":"Clap de fin (electro) ou espoir \"dramatique\" ? - CaveCaenem","isPartOf":{"@id":"https:\/\/cavecaenem.fr\/#website"},"primaryImageOfPage":{"@id":"https:\/\/cavecaenem.fr\/index.php\/2021\/12\/11\/clap-de-fin-electro-ou-espoir-dramatique\/#primaryimage"},"datePublished":"2021-12-11T11:55:44+00:00","dateModified":"2021-12-11T11:55:45+00:00","breadcrumb":{"@id":"https:\/\/cavecaenem.fr\/index.php\/2021\/12\/11\/clap-de-fin-electro-ou-espoir-dramatique\/#breadcrumb"},"inLanguage":"fr-FR","potentialAction":[{"@type":"ReadAction","target":["https:\/\/cavecaenem.fr\/index.php\/2021\/12\/11\/clap-de-fin-electro-ou-espoir-dramatique\/"]}]},{"@type":"BreadcrumbList","@id":"https:\/\/cavecaenem.fr\/index.php\/2021\/12\/11\/clap-de-fin-electro-ou-espoir-dramatique\/#breadcrumb","itemListElement":[{"@type":"ListItem","position":1,"name":"Accueil","item":"https:\/\/cavecaenem.fr\/"},{"@type":"ListItem","position":2,"name":"Clap de fin (electro) ou espoir &#8220;dramatique&#8221; ?"}]},{"@type":"Article","@id":"https:\/\/cavecaenem.fr\/index.php\/2021\/12\/11\/clap-de-fin-electro-ou-espoir-dramatique\/#article","isPartOf":{"@id":"https:\/\/cavecaenem.fr\/index.php\/2021\/12\/11\/clap-de-fin-electro-ou-espoir-dramatique\/#webpage"},"author":{"@id":"https:\/\/cavecaenem.fr\/#\/schema\/person\/8adecaca43e137acf11e776d28d1e734"},"headline":"Clap de fin (electro) ou espoir &#8220;dramatique&#8221; ?","datePublished":"2021-12-11T11:55:44+00:00","dateModified":"2021-12-11T11:55:45+00:00","mainEntityOfPage":{"@id":"https:\/\/cavecaenem.fr\/index.php\/2021\/12\/11\/clap-de-fin-electro-ou-espoir-dramatique\/#webpage"},"wordCount":1049,"commentCount":0,"publisher":{"@id":"https:\/\/cavecaenem.fr\/#\/schema\/person\/8adecaca43e137acf11e776d28d1e734"},"image":{"@id":"https:\/\/cavecaenem.fr\/index.php\/2021\/12\/11\/clap-de-fin-electro-ou-espoir-dramatique\/#primaryimage"},"thumbnailUrl":"https:\/\/cavecaenem.fr\/wp-content\/uploads\/2021\/12\/23-HALLOWEEN-TOGETHER-3.jpeg","articleSection":["La Nuit"],"inLanguage":"fr-FR","potentialAction":[{"@type":"CommentAction","name":"Comment","target":["https:\/\/cavecaenem.fr\/index.php\/2021\/12\/11\/clap-de-fin-electro-ou-espoir-dramatique\/#respond"]}]},{"@type":["Person","Organization"],"@id":"https:\/\/cavecaenem.fr\/#\/schema\/person\/8adecaca43e137acf11e776d28d1e734","name":"Ren\u00e9 Fix","image":{"@type":"ImageObject","@id":"https:\/\/cavecaenem.fr\/#personlogo","inLanguage":"fr-FR","url":"https:\/\/secure.gravatar.com\/avatar\/b49591d8c60f351185d7719fe6f34144?s=96&d=mm&r=g","contentUrl":"https:\/\/secure.gravatar.com\/avatar\/b49591d8c60f351185d7719fe6f34144?s=96&d=mm&r=g","caption":"Ren\u00e9 Fix"},"logo":{"@id":"https:\/\/cavecaenem.fr\/#personlogo"}}]}},"jetpack_featured_media_url":"https:\/\/cavecaenem.fr\/wp-content\/uploads\/2021\/12\/23-HALLOWEEN-TOGETHER-3.jpeg","_links":{"self":[{"href":"https:\/\/cavecaenem.fr\/index.php\/wp-json\/wp\/v2\/posts\/522"}],"collection":[{"href":"https:\/\/cavecaenem.fr\/index.php\/wp-json\/wp\/v2\/posts"}],"about":[{"href":"https:\/\/cavecaenem.fr\/index.php\/wp-json\/wp\/v2\/types\/post"}],"author":[{"embeddable":true,"href":"https:\/\/cavecaenem.fr\/index.php\/wp-json\/wp\/v2\/users\/1"}],"replies":[{"embeddable":true,"href":"https:\/\/cavecaenem.fr\/index.php\/wp-json\/wp\/v2\/comments?post=522"}],"version-history":[{"count":1,"href":"https:\/\/cavecaenem.fr\/index.php\/wp-json\/wp\/v2\/posts\/522\/revisions"}],"predecessor-version":[{"id":523,"href":"https:\/\/cavecaenem.fr\/index.php\/wp-json\/wp\/v2\/posts\/522\/revisions\/523"}],"wp:featuredmedia":[{"embeddable":true,"href":"https:\/\/cavecaenem.fr\/index.php\/wp-json\/wp\/v2\/media\/519"}],"wp:attachment":[{"href":"https:\/\/cavecaenem.fr\/index.php\/wp-json\/wp\/v2\/media?parent=522"}],"wp:term":[{"taxonomy":"category","embeddable":true,"href":"https:\/\/cavecaenem.fr\/index.php\/wp-json\/wp\/v2\/categories?post=522"},{"taxonomy":"post_tag","embeddable":true,"href":"https:\/\/cavecaenem.fr\/index.php\/wp-json\/wp\/v2\/tags?post=522"}],"curies":[{"name":"wp","href":"https:\/\/api.w.org\/{rel}","templated":true}]}}