{"id":525,"date":"2021-12-19T13:06:16","date_gmt":"2021-12-19T12:06:16","guid":{"rendered":"https:\/\/cavecaenem.fr\/?p=525"},"modified":"2021-12-19T13:06:17","modified_gmt":"2021-12-19T12:06:17","slug":"un-plongeon-dans-la-beaute","status":"publish","type":"post","link":"https:\/\/cavecaenem.fr\/index.php\/2021\/12\/19\/un-plongeon-dans-la-beaute\/","title":{"rendered":"Un plongeon dans la beaut\u00e9 !"},"content":{"rendered":"\n<p>Un cadeau de No\u00ebl de la part d\u2019Interstice\u2026<\/p>\n\n\n\n<p>\u00c0 partir de demain, il faut, de toute urgence, se rendre \u00e0 la Mairie de Caen, de 18 heures \u00e0 21h. Pour finir en beaut\u00e9 cette \u00e9dition un peu \u00e9clat\u00e9e de 2022, Interstice y pr\u00e9sente une magnifique installation d\u2019Olivier Ratsi : Frame perspective. Pour cette occasion c\u2019est tout le clo\u00eetre de l\u2019abbaye aux hommes qui devient le lieu d\u2019une rencontre unique entre patrimoine et modernit\u00e9.<\/p>\n\n\n\n<p>Comme toujours avec les propositions d\u2019Interstice on peut se passer de toute connaissance intellectuelle ou artistique pour \u00eatre imm\u00e9diatement happ\u00e9 par l\u2019\u00e9vidence de Frame Perspective. D\u2019immenses cadres de n\u00e9ons rouges s\u2019ins\u00e8rent presque naturellement entre les piliers du clo\u00eetre et par un jeu de lumi\u00e8re ( et dans un environnement sonore cisel\u00e9 par Thomas Vaqui\u00e9) le spectateur-d\u00e9ambulateur \u00e9volue alors dans une sorte de tunnel qui le plonge dans une fuite infinie. Le caract\u00e8re monumental de Frame Perspective \u00e9chappe pourtant \u00e0 toute r\u00e9cup\u00e9ration \u00ab&nbsp;son et lumi\u00e8re&nbsp;\u00bb et si on ne sait plus tr\u00e8s bien qui, du clo\u00eetre ou de l\u2019installation elle-m\u00eame est ici sublim\u00e9, on laisse tr\u00e8s vite tomber ces interrogations futiles tant la magie po\u00e9tique de l\u2019ensemble saisit par la force et l\u2019\u00e9vidence du projet.&nbsp;<\/p>\n\n\n\n<p>Lors de l\u2019inauguration, hier, il y avait du monde, et cela pouvait (un peu) g\u00e2cher cette invitation au dialogue intime entre le lieu, l\u2019\u0153uvre et le regard. Nul doute que jusqu\u2019au 14 janvier, on pourra (gratuitement en plus ) trouver un cr\u00e9neau pour se plonger dans la beaut\u00e9 pure ( et simple) de ce clo\u00eetre qui, pour un temps, devient le lieu d\u2019un culte profane : celui de l\u2019art. Loin des tumultes de la place saint Sauveur qui nous fait revivre \u00ab&nbsp;les derniers jours du disco&nbsp;\u00bb avec son installation \u00e0 l\u2019efficacit\u00e9 un peu \u00ab&nbsp;pute \u00e0 clic&nbsp;\u00bb, le d\u00e9tour par la Mairie est une occasion incontournable de se sentir saisi par la gr\u00e2ce et par les temps qui courent, c\u2019est peut-\u00eatre le plus beau des cadeaux \u00e0 recevoir et \u00e0 offrir \u00e0 toutes celles et ceux qu\u2019on aime.&nbsp;<\/p>\n","protected":false},"excerpt":{"rendered":"<p>Un cadeau de No\u00ebl de la part d\u2019Interstice\u2026 \u00c0 partir de demain, il faut, de toute urgence, se rendre \u00e0 la Mairie de Caen, de &#8230;<\/p>\n","protected":false},"author":1,"featured_media":526,"comment_status":"open","ping_status":"open","sticky":false,"template":"","format":"standard","meta":{"spay_email":""},"categories":[1],"tags":[],"yoast_head":"<!-- This site is optimized with the Yoast SEO plugin v17.7.1 - https:\/\/yoast.com\/wordpress\/plugins\/seo\/ -->\n<title>Un plongeon dans la beaut\u00e9 ! - CaveCaenem<\/title>\n<meta name=\"robots\" content=\"index, follow, max-snippet:-1, max-image-preview:large, max-video-preview:-1\" \/>\n<link rel=\"canonical\" href=\"https:\/\/cavecaenem.fr\/index.php\/2021\/12\/19\/un-plongeon-dans-la-beaute\/\" \/>\n<meta property=\"og:locale\" content=\"fr_FR\" \/>\n<meta property=\"og:type\" content=\"article\" \/>\n<meta property=\"og:title\" content=\"Un plongeon dans la beaut\u00e9 ! - CaveCaenem\" \/>\n<meta property=\"og:description\" content=\"Un cadeau de No\u00ebl de la part d\u2019Interstice\u2026 \u00c0 partir de demain, il faut, de toute urgence, se rendre \u00e0 la Mairie de Caen, de ...\" \/>\n<meta property=\"og:url\" content=\"https:\/\/cavecaenem.fr\/index.php\/2021\/12\/19\/un-plongeon-dans-la-beaute\/\" \/>\n<meta property=\"og:site_name\" content=\"CaveCaenem\" \/>\n<meta property=\"article:published_time\" content=\"2021-12-19T12:06:16+00:00\" \/>\n<meta property=\"article:modified_time\" content=\"2021-12-19T12:06:17+00:00\" \/>\n<meta property=\"og:image\" content=\"https:\/\/cavecaenem.fr\/wp-content\/uploads\/2021\/12\/IMG_3801-rotated.jpg\" \/>\n\t<meta property=\"og:image:width\" content=\"480\" \/>\n\t<meta property=\"og:image:height\" content=\"640\" \/>\n<meta name=\"twitter:card\" content=\"summary_large_image\" \/>\n<meta name=\"twitter:label1\" content=\"\u00c9crit par\" \/>\n\t<meta name=\"twitter:data1\" content=\"Ren\u00e9 Fix\" \/>\n\t<meta name=\"twitter:label2\" content=\"Dur\u00e9e de lecture estim\u00e9e\" \/>\n\t<meta name=\"twitter:data2\" content=\"2 minutes\" \/>\n<script type=\"application\/ld+json\" class=\"yoast-schema-graph\">{\"@context\":\"https:\/\/schema.org\",\"@graph\":[{\"@type\":\"WebSite\",\"@id\":\"https:\/\/cavecaenem.fr\/#website\",\"url\":\"https:\/\/cavecaenem.fr\/\",\"name\":\"CaveCaenem\",\"description\":\"L\\u2019actualit\\u00e9 caennaise en toute subjectivit\\u00e9.\",\"publisher\":{\"@id\":\"https:\/\/cavecaenem.fr\/#\/schema\/person\/8adecaca43e137acf11e776d28d1e734\"},\"potentialAction\":[{\"@type\":\"SearchAction\",\"target\":{\"@type\":\"EntryPoint\",\"urlTemplate\":\"https:\/\/cavecaenem.fr\/?s={search_term_string}\"},\"query-input\":\"required name=search_term_string\"}],\"inLanguage\":\"fr-FR\"},{\"@type\":\"ImageObject\",\"@id\":\"https:\/\/cavecaenem.fr\/index.php\/2021\/12\/19\/un-plongeon-dans-la-beaute\/#primaryimage\",\"inLanguage\":\"fr-FR\",\"url\":\"https:\/\/cavecaenem.fr\/wp-content\/uploads\/2021\/12\/IMG_3801-rotated.jpg\",\"contentUrl\":\"https:\/\/cavecaenem.fr\/wp-content\/uploads\/2021\/12\/IMG_3801-rotated.jpg\",\"width\":480,\"height\":640},{\"@type\":\"WebPage\",\"@id\":\"https:\/\/cavecaenem.fr\/index.php\/2021\/12\/19\/un-plongeon-dans-la-beaute\/#webpage\",\"url\":\"https:\/\/cavecaenem.fr\/index.php\/2021\/12\/19\/un-plongeon-dans-la-beaute\/\",\"name\":\"Un plongeon dans la beaut\\u00e9 ! - CaveCaenem\",\"isPartOf\":{\"@id\":\"https:\/\/cavecaenem.fr\/#website\"},\"primaryImageOfPage\":{\"@id\":\"https:\/\/cavecaenem.fr\/index.php\/2021\/12\/19\/un-plongeon-dans-la-beaute\/#primaryimage\"},\"datePublished\":\"2021-12-19T12:06:16+00:00\",\"dateModified\":\"2021-12-19T12:06:17+00:00\",\"breadcrumb\":{\"@id\":\"https:\/\/cavecaenem.fr\/index.php\/2021\/12\/19\/un-plongeon-dans-la-beaute\/#breadcrumb\"},\"inLanguage\":\"fr-FR\",\"potentialAction\":[{\"@type\":\"ReadAction\",\"target\":[\"https:\/\/cavecaenem.fr\/index.php\/2021\/12\/19\/un-plongeon-dans-la-beaute\/\"]}]},{\"@type\":\"BreadcrumbList\",\"@id\":\"https:\/\/cavecaenem.fr\/index.php\/2021\/12\/19\/un-plongeon-dans-la-beaute\/#breadcrumb\",\"itemListElement\":[{\"@type\":\"ListItem\",\"position\":1,\"name\":\"Accueil\",\"item\":\"https:\/\/cavecaenem.fr\/\"},{\"@type\":\"ListItem\",\"position\":2,\"name\":\"Un plongeon dans la beaut\\u00e9 !\"}]},{\"@type\":\"Article\",\"@id\":\"https:\/\/cavecaenem.fr\/index.php\/2021\/12\/19\/un-plongeon-dans-la-beaute\/#article\",\"isPartOf\":{\"@id\":\"https:\/\/cavecaenem.fr\/index.php\/2021\/12\/19\/un-plongeon-dans-la-beaute\/#webpage\"},\"author\":{\"@id\":\"https:\/\/cavecaenem.fr\/#\/schema\/person\/8adecaca43e137acf11e776d28d1e734\"},\"headline\":\"Un plongeon dans la beaut\\u00e9 !\",\"datePublished\":\"2021-12-19T12:06:16+00:00\",\"dateModified\":\"2021-12-19T12:06:17+00:00\",\"mainEntityOfPage\":{\"@id\":\"https:\/\/cavecaenem.fr\/index.php\/2021\/12\/19\/un-plongeon-dans-la-beaute\/#webpage\"},\"wordCount\":375,\"commentCount\":0,\"publisher\":{\"@id\":\"https:\/\/cavecaenem.fr\/#\/schema\/person\/8adecaca43e137acf11e776d28d1e734\"},\"image\":{\"@id\":\"https:\/\/cavecaenem.fr\/index.php\/2021\/12\/19\/un-plongeon-dans-la-beaute\/#primaryimage\"},\"thumbnailUrl\":\"https:\/\/cavecaenem.fr\/wp-content\/uploads\/2021\/12\/IMG_3801-rotated.jpg\",\"articleSection\":[\"La Nuit\"],\"inLanguage\":\"fr-FR\",\"potentialAction\":[{\"@type\":\"CommentAction\",\"name\":\"Comment\",\"target\":[\"https:\/\/cavecaenem.fr\/index.php\/2021\/12\/19\/un-plongeon-dans-la-beaute\/#respond\"]}]},{\"@type\":[\"Person\",\"Organization\"],\"@id\":\"https:\/\/cavecaenem.fr\/#\/schema\/person\/8adecaca43e137acf11e776d28d1e734\",\"name\":\"Ren\\u00e9 Fix\",\"image\":{\"@type\":\"ImageObject\",\"@id\":\"https:\/\/cavecaenem.fr\/#personlogo\",\"inLanguage\":\"fr-FR\",\"url\":\"https:\/\/secure.gravatar.com\/avatar\/b49591d8c60f351185d7719fe6f34144?s=96&d=mm&r=g\",\"contentUrl\":\"https:\/\/secure.gravatar.com\/avatar\/b49591d8c60f351185d7719fe6f34144?s=96&d=mm&r=g\",\"caption\":\"Ren\\u00e9 Fix\"},\"logo\":{\"@id\":\"https:\/\/cavecaenem.fr\/#personlogo\"}}]}<\/script>\n<!-- \/ Yoast SEO plugin. -->","yoast_head_json":{"title":"Un plongeon dans la beaut\u00e9 ! - CaveCaenem","robots":{"index":"index","follow":"follow","max-snippet":"max-snippet:-1","max-image-preview":"max-image-preview:large","max-video-preview":"max-video-preview:-1"},"canonical":"https:\/\/cavecaenem.fr\/index.php\/2021\/12\/19\/un-plongeon-dans-la-beaute\/","og_locale":"fr_FR","og_type":"article","og_title":"Un plongeon dans la beaut\u00e9 ! - CaveCaenem","og_description":"Un cadeau de No\u00ebl de la part d\u2019Interstice\u2026 \u00c0 partir de demain, il faut, de toute urgence, se rendre \u00e0 la Mairie de Caen, de ...","og_url":"https:\/\/cavecaenem.fr\/index.php\/2021\/12\/19\/un-plongeon-dans-la-beaute\/","og_site_name":"CaveCaenem","article_published_time":"2021-12-19T12:06:16+00:00","article_modified_time":"2021-12-19T12:06:17+00:00","og_image":[{"width":480,"height":640,"url":"https:\/\/cavecaenem.fr\/wp-content\/uploads\/2021\/12\/IMG_3801-rotated.jpg","type":"image\/jpeg"}],"twitter_card":"summary_large_image","twitter_misc":{"\u00c9crit par":"Ren\u00e9 Fix","Dur\u00e9e de lecture estim\u00e9e":"2 minutes"},"schema":{"@context":"https:\/\/schema.org","@graph":[{"@type":"WebSite","@id":"https:\/\/cavecaenem.fr\/#website","url":"https:\/\/cavecaenem.fr\/","name":"CaveCaenem","description":"L\u2019actualit\u00e9 caennaise en toute subjectivit\u00e9.","publisher":{"@id":"https:\/\/cavecaenem.fr\/#\/schema\/person\/8adecaca43e137acf11e776d28d1e734"},"potentialAction":[{"@type":"SearchAction","target":{"@type":"EntryPoint","urlTemplate":"https:\/\/cavecaenem.fr\/?s={search_term_string}"},"query-input":"required name=search_term_string"}],"inLanguage":"fr-FR"},{"@type":"ImageObject","@id":"https:\/\/cavecaenem.fr\/index.php\/2021\/12\/19\/un-plongeon-dans-la-beaute\/#primaryimage","inLanguage":"fr-FR","url":"https:\/\/cavecaenem.fr\/wp-content\/uploads\/2021\/12\/IMG_3801-rotated.jpg","contentUrl":"https:\/\/cavecaenem.fr\/wp-content\/uploads\/2021\/12\/IMG_3801-rotated.jpg","width":480,"height":640},{"@type":"WebPage","@id":"https:\/\/cavecaenem.fr\/index.php\/2021\/12\/19\/un-plongeon-dans-la-beaute\/#webpage","url":"https:\/\/cavecaenem.fr\/index.php\/2021\/12\/19\/un-plongeon-dans-la-beaute\/","name":"Un plongeon dans la beaut\u00e9 ! - CaveCaenem","isPartOf":{"@id":"https:\/\/cavecaenem.fr\/#website"},"primaryImageOfPage":{"@id":"https:\/\/cavecaenem.fr\/index.php\/2021\/12\/19\/un-plongeon-dans-la-beaute\/#primaryimage"},"datePublished":"2021-12-19T12:06:16+00:00","dateModified":"2021-12-19T12:06:17+00:00","breadcrumb":{"@id":"https:\/\/cavecaenem.fr\/index.php\/2021\/12\/19\/un-plongeon-dans-la-beaute\/#breadcrumb"},"inLanguage":"fr-FR","potentialAction":[{"@type":"ReadAction","target":["https:\/\/cavecaenem.fr\/index.php\/2021\/12\/19\/un-plongeon-dans-la-beaute\/"]}]},{"@type":"BreadcrumbList","@id":"https:\/\/cavecaenem.fr\/index.php\/2021\/12\/19\/un-plongeon-dans-la-beaute\/#breadcrumb","itemListElement":[{"@type":"ListItem","position":1,"name":"Accueil","item":"https:\/\/cavecaenem.fr\/"},{"@type":"ListItem","position":2,"name":"Un plongeon dans la beaut\u00e9 !"}]},{"@type":"Article","@id":"https:\/\/cavecaenem.fr\/index.php\/2021\/12\/19\/un-plongeon-dans-la-beaute\/#article","isPartOf":{"@id":"https:\/\/cavecaenem.fr\/index.php\/2021\/12\/19\/un-plongeon-dans-la-beaute\/#webpage"},"author":{"@id":"https:\/\/cavecaenem.fr\/#\/schema\/person\/8adecaca43e137acf11e776d28d1e734"},"headline":"Un plongeon dans la beaut\u00e9 !","datePublished":"2021-12-19T12:06:16+00:00","dateModified":"2021-12-19T12:06:17+00:00","mainEntityOfPage":{"@id":"https:\/\/cavecaenem.fr\/index.php\/2021\/12\/19\/un-plongeon-dans-la-beaute\/#webpage"},"wordCount":375,"commentCount":0,"publisher":{"@id":"https:\/\/cavecaenem.fr\/#\/schema\/person\/8adecaca43e137acf11e776d28d1e734"},"image":{"@id":"https:\/\/cavecaenem.fr\/index.php\/2021\/12\/19\/un-plongeon-dans-la-beaute\/#primaryimage"},"thumbnailUrl":"https:\/\/cavecaenem.fr\/wp-content\/uploads\/2021\/12\/IMG_3801-rotated.jpg","articleSection":["La Nuit"],"inLanguage":"fr-FR","potentialAction":[{"@type":"CommentAction","name":"Comment","target":["https:\/\/cavecaenem.fr\/index.php\/2021\/12\/19\/un-plongeon-dans-la-beaute\/#respond"]}]},{"@type":["Person","Organization"],"@id":"https:\/\/cavecaenem.fr\/#\/schema\/person\/8adecaca43e137acf11e776d28d1e734","name":"Ren\u00e9 Fix","image":{"@type":"ImageObject","@id":"https:\/\/cavecaenem.fr\/#personlogo","inLanguage":"fr-FR","url":"https:\/\/secure.gravatar.com\/avatar\/b49591d8c60f351185d7719fe6f34144?s=96&d=mm&r=g","contentUrl":"https:\/\/secure.gravatar.com\/avatar\/b49591d8c60f351185d7719fe6f34144?s=96&d=mm&r=g","caption":"Ren\u00e9 Fix"},"logo":{"@id":"https:\/\/cavecaenem.fr\/#personlogo"}}]}},"jetpack_featured_media_url":"https:\/\/cavecaenem.fr\/wp-content\/uploads\/2021\/12\/IMG_3801-rotated.jpg","_links":{"self":[{"href":"https:\/\/cavecaenem.fr\/index.php\/wp-json\/wp\/v2\/posts\/525"}],"collection":[{"href":"https:\/\/cavecaenem.fr\/index.php\/wp-json\/wp\/v2\/posts"}],"about":[{"href":"https:\/\/cavecaenem.fr\/index.php\/wp-json\/wp\/v2\/types\/post"}],"author":[{"embeddable":true,"href":"https:\/\/cavecaenem.fr\/index.php\/wp-json\/wp\/v2\/users\/1"}],"replies":[{"embeddable":true,"href":"https:\/\/cavecaenem.fr\/index.php\/wp-json\/wp\/v2\/comments?post=525"}],"version-history":[{"count":1,"href":"https:\/\/cavecaenem.fr\/index.php\/wp-json\/wp\/v2\/posts\/525\/revisions"}],"predecessor-version":[{"id":527,"href":"https:\/\/cavecaenem.fr\/index.php\/wp-json\/wp\/v2\/posts\/525\/revisions\/527"}],"wp:featuredmedia":[{"embeddable":true,"href":"https:\/\/cavecaenem.fr\/index.php\/wp-json\/wp\/v2\/media\/526"}],"wp:attachment":[{"href":"https:\/\/cavecaenem.fr\/index.php\/wp-json\/wp\/v2\/media?parent=525"}],"wp:term":[{"taxonomy":"category","embeddable":true,"href":"https:\/\/cavecaenem.fr\/index.php\/wp-json\/wp\/v2\/categories?post=525"},{"taxonomy":"post_tag","embeddable":true,"href":"https:\/\/cavecaenem.fr\/index.php\/wp-json\/wp\/v2\/tags?post=525"}],"curies":[{"name":"wp","href":"https:\/\/api.w.org\/{rel}","templated":true}]}}