{"id":529,"date":"2022-01-02T16:51:45","date_gmt":"2022-01-02T15:51:45","guid":{"rendered":"https:\/\/cavecaenem.fr\/?p=529"},"modified":"2022-01-02T16:51:46","modified_gmt":"2022-01-02T15:51:46","slug":"ouest-france-et-son-image-de-caen","status":"publish","type":"post","link":"https:\/\/cavecaenem.fr\/index.php\/2022\/01\/02\/ouest-france-et-son-image-de-caen\/","title":{"rendered":"Ouest-France et &#8220;son&#8221; image de Caen &#8230;"},"content":{"rendered":"\n<p>Quiz de Ouest-France sur l\u2019actualit\u00e9 de Caen en 2021 \u2026.d\u2019\u00e9tranges oublis !<\/p>\n\n\n\n<p>Chaque jour je ne manque pas de me rendre sur le site du journal Ouest-France, chacun ses manies et quelle n\u2019est pas ma surprise d\u2019y trouver aujourd\u2019hui un quiz qui se propose de nous faire revivre les grands \u00e9v\u00e9nements caennais de cette ann\u00e9e 2021.&nbsp;<\/p>\n\n\n\n<p>Rien de tel qu\u2019un petit jeu pour ce dimanche d\u2019apr\u00e8s r\u00e9veillon et puis, qui sait, on a peut-\u00eatre oubli\u00e9 des choses \u2026.<\/p>\n\n\n\n<p>12 questions donc, une par mois, le compte est bon ! Avant de me pr\u00eater \u00e0 l\u2019exercice j\u2019en profite pour faire mon bilan personnel, histoire(s) intime(s) et officielle en quelque sorte et c\u2019est parti \u2026.<\/p>\n\n\n\n<p>Janvier 21, la vente d\u2019une toile de Soulages, pourquoi pas si elle appartenait \u00e0 S\u00e9dar Senghor, mais on est \u00e0 Verson, non ?<\/p>\n\n\n\n<p>F\u00e9vrier 21 : Sophie Marceau vient tourner un film au Z\u00e9nith, l\u2019info est de taille mais pour moi f\u00e9vrier c\u2019est d\u2019abord et avant tout mon anniversaire !&nbsp;<\/p>\n\n\n\n<p>Mars 21 : Une micro-brasserie de Mondeville liquide son stock\u2026Le quiz ressemble de plus en plus \u00e0 un inventaire \u00e0 la Pr\u00e9vert, et encore un Pr\u00e9vert perdu en plein bocage\u2026<\/p>\n\n\n\n<p>En Avril 21 un bouchon sur le viaduc semble m\u00e9riter toute notre attention et notre m\u00e9moire \u2026.<\/p>\n\n\n\n<p>On l\u2019aura compris, ce quiz me laisse \u2026pantois ! Ouest-France, zut ! Le grand quotidien, le journal local de r\u00e9f\u00e9rence ( certes en situation de monopole) qui dresse ainsi un bilan aussi curieusement anecdotique, et il n\u2019y aurait que moi pour en \u00eatre \u00e9tonn\u00e9 ?&nbsp;<\/p>\n\n\n\n<p>Je me pr\u00e9cipite donc sur le mois de juillet, persuad\u00e9 que le quiz saurait trouver les mots justes pour parler une derni\u00e8re fois  de la mort de Michel Dubois, que nenni ! Au lieu de saluer celui qui a anim\u00e9 la vie th\u00e9\u00e2trale de cette ville durant pr\u00e8s de vingt ans, il est plut\u00f4t question d\u2019un feu d\u2019artifice annul\u00e9, un peu comme une sous-sous-sous pr\u00e9fecture\u2026<\/p>\n\n\n\n<p>Direction octobre,&nbsp; certain d\u2019y trouver une r\u00e9f\u00e9rence \u00e0 NDK : Tout de m\u00eame un festival qui rena\u00eet de ses cendres, en pleine pand\u00e9mie, et qui est destin\u00e9 \u00e0 s\u2019installer dans le paysage culturel pour longtemps, il va bien avoir droit \u00e0 sa place dans le quiz ? Que nenni (bis) puisqu\u2019on a droit au\u2026chat !&nbsp;<\/p>\n\n\n\n<p>Il en va de ces rappels comme de nos souvenirs mais c\u2019est presque humiliant de penser que notre \u201chistoire\u201d se r\u00e9duit \u00e0 ces quelques anecdotes, jusqu\u2019\u00e0 ce \u201cbeau gosse\u201d de novembre et son d\u00e9sormais l\u00e9gendaire kebab. Que penser de cet \u00e9trange catalogue ? Certes, en pleine p\u00e9riode festive, et surtout en plein Covid, on go\u00fbte plus que jamais la l\u00e9g\u00e8ret\u00e9 mais ce \u201cr\u00e9sum\u00e9\u201d caennais laisse dans la bouche un arri\u00e8re-go\u00fbt de m\u00e9diocrit\u00e9 provinciale. Quoi, pas une seule entreprise \u00e0 s\u2019installer,&nbsp; ( et j\u2019accepterai m\u00eame le MoHo, en mai 21 si ma m\u00e9moire n\u2019est pas d\u00e9faillante), pas une seule start-up prometteuse \u00e0 mettre en avant, rien de mieux que Miss France ? Il para\u00eet que Paris vaut bien une messe, oserais-je ajouter que mon Caen vaut mieux que ce quiz.&nbsp;<\/p>\n\n\n\n<p>Puisque la p\u00e9riode m\u2019y invite, esp\u00e9rons que l\u2019ann\u00e9e prochaine, \u00e0 la m\u00eame date, et pourquoi pas sous la forme d\u2019un quiz, on puisse lire une toute autre histoire de cette ann\u00e9e caennaise 2022, parce que franchement, ce r\u00e9sum\u00e9, il ne \u201cvend pas du r\u00eave\u201d !<\/p>\n\n\n\n<p>P.S Bonne ann\u00e9e !<\/p>\n","protected":false},"excerpt":{"rendered":"<p>Quiz de Ouest-France sur l\u2019actualit\u00e9 de Caen en 2021 \u2026.d\u2019\u00e9tranges oublis ! Chaque jour je ne manque pas de me rendre sur le site du &#8230;<\/p>\n","protected":false},"author":1,"featured_media":530,"comment_status":"open","ping_status":"open","sticky":false,"template":"","format":"standard","meta":{"spay_email":""},"categories":[1],"tags":[],"yoast_head":"<!-- This site is optimized with the Yoast SEO plugin v17.7.1 - https:\/\/yoast.com\/wordpress\/plugins\/seo\/ -->\n<title>Ouest-France et &quot;son&quot; image de Caen ... - CaveCaenem<\/title>\n<meta name=\"robots\" content=\"index, follow, max-snippet:-1, max-image-preview:large, max-video-preview:-1\" \/>\n<link rel=\"canonical\" href=\"https:\/\/cavecaenem.fr\/index.php\/2022\/01\/02\/ouest-france-et-son-image-de-caen\/\" \/>\n<meta property=\"og:locale\" content=\"fr_FR\" \/>\n<meta property=\"og:type\" content=\"article\" \/>\n<meta property=\"og:title\" content=\"Ouest-France et &quot;son&quot; image de Caen ... - CaveCaenem\" \/>\n<meta property=\"og:description\" content=\"Quiz de Ouest-France sur l\u2019actualit\u00e9 de Caen en 2021 \u2026.d\u2019\u00e9tranges oublis ! Chaque jour je ne manque pas de me rendre sur le site du ...\" \/>\n<meta property=\"og:url\" content=\"https:\/\/cavecaenem.fr\/index.php\/2022\/01\/02\/ouest-france-et-son-image-de-caen\/\" \/>\n<meta property=\"og:site_name\" content=\"CaveCaenem\" \/>\n<meta property=\"article:published_time\" content=\"2022-01-02T15:51:45+00:00\" \/>\n<meta property=\"article:modified_time\" content=\"2022-01-02T15:51:46+00:00\" \/>\n<meta property=\"og:image\" content=\"https:\/\/cavecaenem.fr\/wp-content\/uploads\/2022\/01\/Capture-de\u0301cran-2022-01-02-a\u0300-16.43.30-1024x430.png\" \/>\n\t<meta property=\"og:image:width\" content=\"1024\" \/>\n\t<meta property=\"og:image:height\" content=\"430\" \/>\n<meta name=\"twitter:card\" content=\"summary_large_image\" \/>\n<meta name=\"twitter:label1\" content=\"\u00c9crit par\" \/>\n\t<meta name=\"twitter:data1\" content=\"Ren\u00e9 Fix\" \/>\n\t<meta name=\"twitter:label2\" content=\"Dur\u00e9e de lecture estim\u00e9e\" \/>\n\t<meta name=\"twitter:data2\" content=\"3 minutes\" \/>\n<script type=\"application\/ld+json\" class=\"yoast-schema-graph\">{\"@context\":\"https:\/\/schema.org\",\"@graph\":[{\"@type\":\"WebSite\",\"@id\":\"https:\/\/cavecaenem.fr\/#website\",\"url\":\"https:\/\/cavecaenem.fr\/\",\"name\":\"CaveCaenem\",\"description\":\"L\\u2019actualit\\u00e9 caennaise en toute subjectivit\\u00e9.\",\"publisher\":{\"@id\":\"https:\/\/cavecaenem.fr\/#\/schema\/person\/8adecaca43e137acf11e776d28d1e734\"},\"potentialAction\":[{\"@type\":\"SearchAction\",\"target\":{\"@type\":\"EntryPoint\",\"urlTemplate\":\"https:\/\/cavecaenem.fr\/?s={search_term_string}\"},\"query-input\":\"required name=search_term_string\"}],\"inLanguage\":\"fr-FR\"},{\"@type\":\"ImageObject\",\"@id\":\"https:\/\/cavecaenem.fr\/index.php\/2022\/01\/02\/ouest-france-et-son-image-de-caen\/#primaryimage\",\"inLanguage\":\"fr-FR\",\"url\":\"https:\/\/cavecaenem.fr\/wp-content\/uploads\/2022\/01\/Capture-de\\u0301cran-2022-01-02-a\\u0300-16.43.30.png\",\"contentUrl\":\"https:\/\/cavecaenem.fr\/wp-content\/uploads\/2022\/01\/Capture-de\\u0301cran-2022-01-02-a\\u0300-16.43.30.png\",\"width\":2598,\"height\":1090},{\"@type\":\"WebPage\",\"@id\":\"https:\/\/cavecaenem.fr\/index.php\/2022\/01\/02\/ouest-france-et-son-image-de-caen\/#webpage\",\"url\":\"https:\/\/cavecaenem.fr\/index.php\/2022\/01\/02\/ouest-france-et-son-image-de-caen\/\",\"name\":\"Ouest-France et \\\"son\\\" image de Caen ... - CaveCaenem\",\"isPartOf\":{\"@id\":\"https:\/\/cavecaenem.fr\/#website\"},\"primaryImageOfPage\":{\"@id\":\"https:\/\/cavecaenem.fr\/index.php\/2022\/01\/02\/ouest-france-et-son-image-de-caen\/#primaryimage\"},\"datePublished\":\"2022-01-02T15:51:45+00:00\",\"dateModified\":\"2022-01-02T15:51:46+00:00\",\"breadcrumb\":{\"@id\":\"https:\/\/cavecaenem.fr\/index.php\/2022\/01\/02\/ouest-france-et-son-image-de-caen\/#breadcrumb\"},\"inLanguage\":\"fr-FR\",\"potentialAction\":[{\"@type\":\"ReadAction\",\"target\":[\"https:\/\/cavecaenem.fr\/index.php\/2022\/01\/02\/ouest-france-et-son-image-de-caen\/\"]}]},{\"@type\":\"BreadcrumbList\",\"@id\":\"https:\/\/cavecaenem.fr\/index.php\/2022\/01\/02\/ouest-france-et-son-image-de-caen\/#breadcrumb\",\"itemListElement\":[{\"@type\":\"ListItem\",\"position\":1,\"name\":\"Accueil\",\"item\":\"https:\/\/cavecaenem.fr\/\"},{\"@type\":\"ListItem\",\"position\":2,\"name\":\"Ouest-France et &#8220;son&#8221; image de Caen &#8230;\"}]},{\"@type\":\"Article\",\"@id\":\"https:\/\/cavecaenem.fr\/index.php\/2022\/01\/02\/ouest-france-et-son-image-de-caen\/#article\",\"isPartOf\":{\"@id\":\"https:\/\/cavecaenem.fr\/index.php\/2022\/01\/02\/ouest-france-et-son-image-de-caen\/#webpage\"},\"author\":{\"@id\":\"https:\/\/cavecaenem.fr\/#\/schema\/person\/8adecaca43e137acf11e776d28d1e734\"},\"headline\":\"Ouest-France et &#8220;son&#8221; image de Caen &#8230;\",\"datePublished\":\"2022-01-02T15:51:45+00:00\",\"dateModified\":\"2022-01-02T15:51:46+00:00\",\"mainEntityOfPage\":{\"@id\":\"https:\/\/cavecaenem.fr\/index.php\/2022\/01\/02\/ouest-france-et-son-image-de-caen\/#webpage\"},\"wordCount\":606,\"commentCount\":1,\"publisher\":{\"@id\":\"https:\/\/cavecaenem.fr\/#\/schema\/person\/8adecaca43e137acf11e776d28d1e734\"},\"image\":{\"@id\":\"https:\/\/cavecaenem.fr\/index.php\/2022\/01\/02\/ouest-france-et-son-image-de-caen\/#primaryimage\"},\"thumbnailUrl\":\"https:\/\/cavecaenem.fr\/wp-content\/uploads\/2022\/01\/Capture-de\\u0301cran-2022-01-02-a\\u0300-16.43.30.png\",\"articleSection\":[\"La Nuit\"],\"inLanguage\":\"fr-FR\",\"potentialAction\":[{\"@type\":\"CommentAction\",\"name\":\"Comment\",\"target\":[\"https:\/\/cavecaenem.fr\/index.php\/2022\/01\/02\/ouest-france-et-son-image-de-caen\/#respond\"]}]},{\"@type\":[\"Person\",\"Organization\"],\"@id\":\"https:\/\/cavecaenem.fr\/#\/schema\/person\/8adecaca43e137acf11e776d28d1e734\",\"name\":\"Ren\\u00e9 Fix\",\"image\":{\"@type\":\"ImageObject\",\"@id\":\"https:\/\/cavecaenem.fr\/#personlogo\",\"inLanguage\":\"fr-FR\",\"url\":\"https:\/\/secure.gravatar.com\/avatar\/b49591d8c60f351185d7719fe6f34144?s=96&d=mm&r=g\",\"contentUrl\":\"https:\/\/secure.gravatar.com\/avatar\/b49591d8c60f351185d7719fe6f34144?s=96&d=mm&r=g\",\"caption\":\"Ren\\u00e9 Fix\"},\"logo\":{\"@id\":\"https:\/\/cavecaenem.fr\/#personlogo\"}}]}<\/script>\n<!-- \/ Yoast SEO plugin. -->","yoast_head_json":{"title":"Ouest-France et \"son\" image de Caen ... - CaveCaenem","robots":{"index":"index","follow":"follow","max-snippet":"max-snippet:-1","max-image-preview":"max-image-preview:large","max-video-preview":"max-video-preview:-1"},"canonical":"https:\/\/cavecaenem.fr\/index.php\/2022\/01\/02\/ouest-france-et-son-image-de-caen\/","og_locale":"fr_FR","og_type":"article","og_title":"Ouest-France et \"son\" image de Caen ... - CaveCaenem","og_description":"Quiz de Ouest-France sur l\u2019actualit\u00e9 de Caen en 2021 \u2026.d\u2019\u00e9tranges oublis ! Chaque jour je ne manque pas de me rendre sur le site du ...","og_url":"https:\/\/cavecaenem.fr\/index.php\/2022\/01\/02\/ouest-france-et-son-image-de-caen\/","og_site_name":"CaveCaenem","article_published_time":"2022-01-02T15:51:45+00:00","article_modified_time":"2022-01-02T15:51:46+00:00","og_image":[{"width":1024,"height":430,"url":"https:\/\/cavecaenem.fr\/wp-content\/uploads\/2022\/01\/Capture-de\u0301cran-2022-01-02-a\u0300-16.43.30-1024x430.png","type":"image\/png"}],"twitter_card":"summary_large_image","twitter_misc":{"\u00c9crit par":"Ren\u00e9 Fix","Dur\u00e9e de lecture estim\u00e9e":"3 minutes"},"schema":{"@context":"https:\/\/schema.org","@graph":[{"@type":"WebSite","@id":"https:\/\/cavecaenem.fr\/#website","url":"https:\/\/cavecaenem.fr\/","name":"CaveCaenem","description":"L\u2019actualit\u00e9 caennaise en toute subjectivit\u00e9.","publisher":{"@id":"https:\/\/cavecaenem.fr\/#\/schema\/person\/8adecaca43e137acf11e776d28d1e734"},"potentialAction":[{"@type":"SearchAction","target":{"@type":"EntryPoint","urlTemplate":"https:\/\/cavecaenem.fr\/?s={search_term_string}"},"query-input":"required name=search_term_string"}],"inLanguage":"fr-FR"},{"@type":"ImageObject","@id":"https:\/\/cavecaenem.fr\/index.php\/2022\/01\/02\/ouest-france-et-son-image-de-caen\/#primaryimage","inLanguage":"fr-FR","url":"https:\/\/cavecaenem.fr\/wp-content\/uploads\/2022\/01\/Capture-de\u0301cran-2022-01-02-a\u0300-16.43.30.png","contentUrl":"https:\/\/cavecaenem.fr\/wp-content\/uploads\/2022\/01\/Capture-de\u0301cran-2022-01-02-a\u0300-16.43.30.png","width":2598,"height":1090},{"@type":"WebPage","@id":"https:\/\/cavecaenem.fr\/index.php\/2022\/01\/02\/ouest-france-et-son-image-de-caen\/#webpage","url":"https:\/\/cavecaenem.fr\/index.php\/2022\/01\/02\/ouest-france-et-son-image-de-caen\/","name":"Ouest-France et \"son\" image de Caen ... - CaveCaenem","isPartOf":{"@id":"https:\/\/cavecaenem.fr\/#website"},"primaryImageOfPage":{"@id":"https:\/\/cavecaenem.fr\/index.php\/2022\/01\/02\/ouest-france-et-son-image-de-caen\/#primaryimage"},"datePublished":"2022-01-02T15:51:45+00:00","dateModified":"2022-01-02T15:51:46+00:00","breadcrumb":{"@id":"https:\/\/cavecaenem.fr\/index.php\/2022\/01\/02\/ouest-france-et-son-image-de-caen\/#breadcrumb"},"inLanguage":"fr-FR","potentialAction":[{"@type":"ReadAction","target":["https:\/\/cavecaenem.fr\/index.php\/2022\/01\/02\/ouest-france-et-son-image-de-caen\/"]}]},{"@type":"BreadcrumbList","@id":"https:\/\/cavecaenem.fr\/index.php\/2022\/01\/02\/ouest-france-et-son-image-de-caen\/#breadcrumb","itemListElement":[{"@type":"ListItem","position":1,"name":"Accueil","item":"https:\/\/cavecaenem.fr\/"},{"@type":"ListItem","position":2,"name":"Ouest-France et &#8220;son&#8221; image de Caen &#8230;"}]},{"@type":"Article","@id":"https:\/\/cavecaenem.fr\/index.php\/2022\/01\/02\/ouest-france-et-son-image-de-caen\/#article","isPartOf":{"@id":"https:\/\/cavecaenem.fr\/index.php\/2022\/01\/02\/ouest-france-et-son-image-de-caen\/#webpage"},"author":{"@id":"https:\/\/cavecaenem.fr\/#\/schema\/person\/8adecaca43e137acf11e776d28d1e734"},"headline":"Ouest-France et &#8220;son&#8221; image de Caen &#8230;","datePublished":"2022-01-02T15:51:45+00:00","dateModified":"2022-01-02T15:51:46+00:00","mainEntityOfPage":{"@id":"https:\/\/cavecaenem.fr\/index.php\/2022\/01\/02\/ouest-france-et-son-image-de-caen\/#webpage"},"wordCount":606,"commentCount":1,"publisher":{"@id":"https:\/\/cavecaenem.fr\/#\/schema\/person\/8adecaca43e137acf11e776d28d1e734"},"image":{"@id":"https:\/\/cavecaenem.fr\/index.php\/2022\/01\/02\/ouest-france-et-son-image-de-caen\/#primaryimage"},"thumbnailUrl":"https:\/\/cavecaenem.fr\/wp-content\/uploads\/2022\/01\/Capture-de\u0301cran-2022-01-02-a\u0300-16.43.30.png","articleSection":["La Nuit"],"inLanguage":"fr-FR","potentialAction":[{"@type":"CommentAction","name":"Comment","target":["https:\/\/cavecaenem.fr\/index.php\/2022\/01\/02\/ouest-france-et-son-image-de-caen\/#respond"]}]},{"@type":["Person","Organization"],"@id":"https:\/\/cavecaenem.fr\/#\/schema\/person\/8adecaca43e137acf11e776d28d1e734","name":"Ren\u00e9 Fix","image":{"@type":"ImageObject","@id":"https:\/\/cavecaenem.fr\/#personlogo","inLanguage":"fr-FR","url":"https:\/\/secure.gravatar.com\/avatar\/b49591d8c60f351185d7719fe6f34144?s=96&d=mm&r=g","contentUrl":"https:\/\/secure.gravatar.com\/avatar\/b49591d8c60f351185d7719fe6f34144?s=96&d=mm&r=g","caption":"Ren\u00e9 Fix"},"logo":{"@id":"https:\/\/cavecaenem.fr\/#personlogo"}}]}},"jetpack_featured_media_url":"https:\/\/cavecaenem.fr\/wp-content\/uploads\/2022\/01\/Capture-de\u0301cran-2022-01-02-a\u0300-16.43.30.png","_links":{"self":[{"href":"https:\/\/cavecaenem.fr\/index.php\/wp-json\/wp\/v2\/posts\/529"}],"collection":[{"href":"https:\/\/cavecaenem.fr\/index.php\/wp-json\/wp\/v2\/posts"}],"about":[{"href":"https:\/\/cavecaenem.fr\/index.php\/wp-json\/wp\/v2\/types\/post"}],"author":[{"embeddable":true,"href":"https:\/\/cavecaenem.fr\/index.php\/wp-json\/wp\/v2\/users\/1"}],"replies":[{"embeddable":true,"href":"https:\/\/cavecaenem.fr\/index.php\/wp-json\/wp\/v2\/comments?post=529"}],"version-history":[{"count":1,"href":"https:\/\/cavecaenem.fr\/index.php\/wp-json\/wp\/v2\/posts\/529\/revisions"}],"predecessor-version":[{"id":531,"href":"https:\/\/cavecaenem.fr\/index.php\/wp-json\/wp\/v2\/posts\/529\/revisions\/531"}],"wp:featuredmedia":[{"embeddable":true,"href":"https:\/\/cavecaenem.fr\/index.php\/wp-json\/wp\/v2\/media\/530"}],"wp:attachment":[{"href":"https:\/\/cavecaenem.fr\/index.php\/wp-json\/wp\/v2\/media?parent=529"}],"wp:term":[{"taxonomy":"category","embeddable":true,"href":"https:\/\/cavecaenem.fr\/index.php\/wp-json\/wp\/v2\/categories?post=529"},{"taxonomy":"post_tag","embeddable":true,"href":"https:\/\/cavecaenem.fr\/index.php\/wp-json\/wp\/v2\/tags?post=529"}],"curies":[{"name":"wp","href":"https:\/\/api.w.org\/{rel}","templated":true}]}}