{"id":532,"date":"2022-01-05T23:01:58","date_gmt":"2022-01-05T22:01:58","guid":{"rendered":"https:\/\/cavecaenem.fr\/?p=532"},"modified":"2022-01-05T23:02:00","modified_gmt":"2022-01-05T22:02:00","slug":"alban-richard-le-choregraphe-melomane","status":"publish","type":"post","link":"https:\/\/cavecaenem.fr\/index.php\/2022\/01\/05\/alban-richard-le-choregraphe-melomane\/","title":{"rendered":"Alban Richard : le chor\u00e9graphe m\u00e9lomane."},"content":{"rendered":"\n<p>3 works for 13 au Th\u00e9\u00e2tre de Caen.\u00a0<\/p>\n\n\n\n<p>A peine rentr\u00e9 du th\u00e9\u00e2tre je ne r\u00e9siste pas \u00e0 l\u2019urgence de mettre en mots ces belles impressions surgies du spectacle propos\u00e9 par Alban Richard. Apr\u00e8s tout, si je parviens \u00e0 persuader quelques personnes de profiter de la derni\u00e8re repr\u00e9sentation de demain, j\u2019aurai peut-\u00eatre donn\u00e9 une vertu suppl\u00e9mentaire \u00e0 mon enthousiasme\u2026.<\/p>\n\n\n\n<p>Tout est dans le titre : 3 works for 12, \u00e0 savoir trois pi\u00e8ces musicales qui seront autant de pr\u00e9textes \u00e0 des illustrations chor\u00e9graphiques aussi \u00e9videntes que pr\u00e9cises.<\/p>\n\n\n\n<p>Sur un plateau nu mais o\u00f9 domine une sorte de lustre moderne avec ses 24 projecteurs, surgissent, dans une chorus line parfaite, 12 danseurs. On entend alors Hoketus, une pi\u00e8ce musicale de Louis Andriessen datant de 1976. Durant pr\u00e8s de trente minutes les douze danseurs, quatre hommes et huit femmes, se livrent \u00e0 une lente d\u00e9construction de cette ligne frontale, et c\u2019est une g\u00e9om\u00e9trie parfaite, toute en sym\u00e9trie qui se d\u00e9veloppe sous nos yeux, envahissant le plateau dans une rigoureuse et haletante d\u00e9ambulation. Loin d\u2019illustrer la musique, mais en assumant pleinement les attaques et la structure r\u00e9p\u00e9titive de l\u2019oeuvre, les danseurs parviennent, sans aucun discours autre que celui du corps, \u00e0 nous faire comprendre la construction musicale, sans que l\u2019on ne sache plus vraiment qui, de la musique ou de la danse est ici sublim\u00e9e. Toute l\u2019intelligence du travail d\u2019Alban Richard sera de se mettre enti\u00e8rement au service d\u2019une compr\u00e9hension sensuelle de cette musique, si repr\u00e9sentative de cette vague minimaliste am\u00e9ricaine des ann\u00e9es 70. Le groupe des 12 danseurs se soude et se d\u00e9sorganise pour rendre encore plus sensible les variations d\u2019un th\u00e8me r\u00e9p\u00e9t\u00e9 jusqu\u2019\u00e0 plus soif. Le chor\u00e9graphe, humblement mais avec tact, fait de ce premier mouvement une introduction \u00e0 sa grammaire sans que le propos soit ostentatoire ou grandiloquent, il ne magnifie pas une musique ou des corps mais utilise son langage chor\u00e9graphique pour nous livrer sa passion pour cette musique.<\/p>\n\n\n\n<p>Le deuxi\u00e8me mouvement est construit autour de la pi\u00e8ce de Brian Eno: Fulness of wind, une variation \u201cairport friendly\u201d du c\u00e9l\u00e8bre canon de Pachelbel. La danse se fait plus sensuelle, les corps se cherchent, se respirent dans une sarabande m\u00e9lancolique. Entre temps, les danseurs, au d\u00e9but habill\u00e9s dans des costumes o\u00f9 dominent le noir et le blanc, se sont chang\u00e9s \u00e0 vue et la couleur entre en sc\u00e8ne, et avec elle, la note acidul\u00e9e et subtilement vulgaire qui caract\u00e9rise pour moi la musique de Brian Eno. D\u2019abord diffus\u00e9e par une modeste enceinte miraculeusement tomb\u00e9e des cintres, le son se \u201cspacialise\u201d ensuite et permet aux danseurs d\u2019offrir une nouvelle \u201clecture\u201d de cette r\u00e9p\u00e9tition o\u00f9 courbes et fuites viennent contredire la froide rigueur didactique de la premi\u00e8re partie.&nbsp;<\/p>\n\n\n\n<p>En d\u00e9gageant de la sc\u00e8ne un synth\u00e9 juke-box qui joue les entractes, un danseur est saisi, \u00e0 vif, par la derni\u00e8re pi\u00e8ce : Pulsers de David Tudor. on entre alors dans une sorte de version \u00e9pileptique de la Nuit des morts vivants, avec ces corps qui semblent frapp\u00e9s par une sorte de stroboscopie musculaire qui les poussent \u00e0 se mouvoir dans des postures disgracieuses ou entrav\u00e9es, illustrant magnifiquement la nature presque transversale de cette musique aux tonalit\u00e9s tribales mill\u00e9naires mais aussi math\u00e9matiques. L\u00e0 encore, on \u00e9chappe \u00e0 toute volont\u00e9 platement illustrative pour nous inviter, avec douceur, \u00e0 entrer intimement et simplement dans&nbsp; l\u2019architecture de la pi\u00e8ce musicale, sans que jamais le discours p\u00e8se ou s\u2019impose.&nbsp;<\/p>\n\n\n\n<p>Quel plus beau cadeau esp\u00e9rer en&nbsp; ce d\u00e9but d\u2019ann\u00e9e si morose que cette heure o\u00f9 toute l\u2019intelligence cr\u00e9ative d\u2019une \u00e9quipe est enti\u00e8rement consacr\u00e9e au partage d\u2019une passion et de nous permettre ainsi de nous abandonner, au sens presque premier du terme. De nous abandonner \u00e0 la beaut\u00e9 froide de la musique et de la danse.&nbsp;&nbsp;<\/p>\n","protected":false},"excerpt":{"rendered":"<p>3 works for 13 au Th\u00e9\u00e2tre de Caen.\u00a0 A peine rentr\u00e9 du th\u00e9\u00e2tre je ne r\u00e9siste pas \u00e0 l\u2019urgence de mettre en mots ces belles &#8230;<\/p>\n","protected":false},"author":1,"featured_media":533,"comment_status":"open","ping_status":"open","sticky":false,"template":"","format":"standard","meta":{"spay_email":""},"categories":[1],"tags":[],"yoast_head":"<!-- This site is optimized with the Yoast SEO plugin v17.7.1 - https:\/\/yoast.com\/wordpress\/plugins\/seo\/ -->\n<title>Alban Richard : le chor\u00e9graphe m\u00e9lomane. - CaveCaenem<\/title>\n<meta name=\"robots\" content=\"index, follow, max-snippet:-1, max-image-preview:large, max-video-preview:-1\" \/>\n<link rel=\"canonical\" href=\"https:\/\/cavecaenem.fr\/index.php\/2022\/01\/05\/alban-richard-le-choregraphe-melomane\/\" \/>\n<meta property=\"og:locale\" content=\"fr_FR\" \/>\n<meta property=\"og:type\" content=\"article\" \/>\n<meta property=\"og:title\" content=\"Alban Richard : le chor\u00e9graphe m\u00e9lomane. - CaveCaenem\" \/>\n<meta property=\"og:description\" content=\"3 works for 13 au Th\u00e9\u00e2tre de Caen.\u00a0 A peine rentr\u00e9 du th\u00e9\u00e2tre je ne r\u00e9siste pas \u00e0 l\u2019urgence de mettre en mots ces belles ...\" \/>\n<meta property=\"og:url\" content=\"https:\/\/cavecaenem.fr\/index.php\/2022\/01\/05\/alban-richard-le-choregraphe-melomane\/\" \/>\n<meta property=\"og:site_name\" content=\"CaveCaenem\" \/>\n<meta property=\"article:published_time\" content=\"2022-01-05T22:01:58+00:00\" \/>\n<meta property=\"article:modified_time\" content=\"2022-01-05T22:02:00+00:00\" \/>\n<meta property=\"og:image\" content=\"https:\/\/cavecaenem.fr\/wp-content\/uploads\/2022\/01\/alban-richard.jpeg\" \/>\n\t<meta property=\"og:image:width\" content=\"304\" \/>\n\t<meta property=\"og:image:height\" content=\"166\" \/>\n<meta name=\"twitter:card\" content=\"summary_large_image\" \/>\n<meta name=\"twitter:label1\" content=\"\u00c9crit par\" \/>\n\t<meta name=\"twitter:data1\" content=\"Ren\u00e9 Fix\" \/>\n\t<meta name=\"twitter:label2\" content=\"Dur\u00e9e de lecture estim\u00e9e\" \/>\n\t<meta name=\"twitter:data2\" content=\"3 minutes\" \/>\n<script type=\"application\/ld+json\" class=\"yoast-schema-graph\">{\"@context\":\"https:\/\/schema.org\",\"@graph\":[{\"@type\":\"WebSite\",\"@id\":\"https:\/\/cavecaenem.fr\/#website\",\"url\":\"https:\/\/cavecaenem.fr\/\",\"name\":\"CaveCaenem\",\"description\":\"L\\u2019actualit\\u00e9 caennaise en toute subjectivit\\u00e9.\",\"publisher\":{\"@id\":\"https:\/\/cavecaenem.fr\/#\/schema\/person\/8adecaca43e137acf11e776d28d1e734\"},\"potentialAction\":[{\"@type\":\"SearchAction\",\"target\":{\"@type\":\"EntryPoint\",\"urlTemplate\":\"https:\/\/cavecaenem.fr\/?s={search_term_string}\"},\"query-input\":\"required name=search_term_string\"}],\"inLanguage\":\"fr-FR\"},{\"@type\":\"ImageObject\",\"@id\":\"https:\/\/cavecaenem.fr\/index.php\/2022\/01\/05\/alban-richard-le-choregraphe-melomane\/#primaryimage\",\"inLanguage\":\"fr-FR\",\"url\":\"https:\/\/cavecaenem.fr\/wp-content\/uploads\/2022\/01\/alban-richard.jpeg\",\"contentUrl\":\"https:\/\/cavecaenem.fr\/wp-content\/uploads\/2022\/01\/alban-richard.jpeg\",\"width\":304,\"height\":166},{\"@type\":\"WebPage\",\"@id\":\"https:\/\/cavecaenem.fr\/index.php\/2022\/01\/05\/alban-richard-le-choregraphe-melomane\/#webpage\",\"url\":\"https:\/\/cavecaenem.fr\/index.php\/2022\/01\/05\/alban-richard-le-choregraphe-melomane\/\",\"name\":\"Alban Richard : le chor\\u00e9graphe m\\u00e9lomane. - CaveCaenem\",\"isPartOf\":{\"@id\":\"https:\/\/cavecaenem.fr\/#website\"},\"primaryImageOfPage\":{\"@id\":\"https:\/\/cavecaenem.fr\/index.php\/2022\/01\/05\/alban-richard-le-choregraphe-melomane\/#primaryimage\"},\"datePublished\":\"2022-01-05T22:01:58+00:00\",\"dateModified\":\"2022-01-05T22:02:00+00:00\",\"breadcrumb\":{\"@id\":\"https:\/\/cavecaenem.fr\/index.php\/2022\/01\/05\/alban-richard-le-choregraphe-melomane\/#breadcrumb\"},\"inLanguage\":\"fr-FR\",\"potentialAction\":[{\"@type\":\"ReadAction\",\"target\":[\"https:\/\/cavecaenem.fr\/index.php\/2022\/01\/05\/alban-richard-le-choregraphe-melomane\/\"]}]},{\"@type\":\"BreadcrumbList\",\"@id\":\"https:\/\/cavecaenem.fr\/index.php\/2022\/01\/05\/alban-richard-le-choregraphe-melomane\/#breadcrumb\",\"itemListElement\":[{\"@type\":\"ListItem\",\"position\":1,\"name\":\"Accueil\",\"item\":\"https:\/\/cavecaenem.fr\/\"},{\"@type\":\"ListItem\",\"position\":2,\"name\":\"Alban Richard : le chor\\u00e9graphe m\\u00e9lomane.\"}]},{\"@type\":\"Article\",\"@id\":\"https:\/\/cavecaenem.fr\/index.php\/2022\/01\/05\/alban-richard-le-choregraphe-melomane\/#article\",\"isPartOf\":{\"@id\":\"https:\/\/cavecaenem.fr\/index.php\/2022\/01\/05\/alban-richard-le-choregraphe-melomane\/#webpage\"},\"author\":{\"@id\":\"https:\/\/cavecaenem.fr\/#\/schema\/person\/8adecaca43e137acf11e776d28d1e734\"},\"headline\":\"Alban Richard : le chor\\u00e9graphe m\\u00e9lomane.\",\"datePublished\":\"2022-01-05T22:01:58+00:00\",\"dateModified\":\"2022-01-05T22:02:00+00:00\",\"mainEntityOfPage\":{\"@id\":\"https:\/\/cavecaenem.fr\/index.php\/2022\/01\/05\/alban-richard-le-choregraphe-melomane\/#webpage\"},\"wordCount\":689,\"commentCount\":0,\"publisher\":{\"@id\":\"https:\/\/cavecaenem.fr\/#\/schema\/person\/8adecaca43e137acf11e776d28d1e734\"},\"image\":{\"@id\":\"https:\/\/cavecaenem.fr\/index.php\/2022\/01\/05\/alban-richard-le-choregraphe-melomane\/#primaryimage\"},\"thumbnailUrl\":\"https:\/\/cavecaenem.fr\/wp-content\/uploads\/2022\/01\/alban-richard.jpeg\",\"articleSection\":[\"La Nuit\"],\"inLanguage\":\"fr-FR\",\"potentialAction\":[{\"@type\":\"CommentAction\",\"name\":\"Comment\",\"target\":[\"https:\/\/cavecaenem.fr\/index.php\/2022\/01\/05\/alban-richard-le-choregraphe-melomane\/#respond\"]}]},{\"@type\":[\"Person\",\"Organization\"],\"@id\":\"https:\/\/cavecaenem.fr\/#\/schema\/person\/8adecaca43e137acf11e776d28d1e734\",\"name\":\"Ren\\u00e9 Fix\",\"image\":{\"@type\":\"ImageObject\",\"@id\":\"https:\/\/cavecaenem.fr\/#personlogo\",\"inLanguage\":\"fr-FR\",\"url\":\"https:\/\/secure.gravatar.com\/avatar\/b49591d8c60f351185d7719fe6f34144?s=96&d=mm&r=g\",\"contentUrl\":\"https:\/\/secure.gravatar.com\/avatar\/b49591d8c60f351185d7719fe6f34144?s=96&d=mm&r=g\",\"caption\":\"Ren\\u00e9 Fix\"},\"logo\":{\"@id\":\"https:\/\/cavecaenem.fr\/#personlogo\"}}]}<\/script>\n<!-- \/ Yoast SEO plugin. -->","yoast_head_json":{"title":"Alban Richard : le chor\u00e9graphe m\u00e9lomane. - CaveCaenem","robots":{"index":"index","follow":"follow","max-snippet":"max-snippet:-1","max-image-preview":"max-image-preview:large","max-video-preview":"max-video-preview:-1"},"canonical":"https:\/\/cavecaenem.fr\/index.php\/2022\/01\/05\/alban-richard-le-choregraphe-melomane\/","og_locale":"fr_FR","og_type":"article","og_title":"Alban Richard : le chor\u00e9graphe m\u00e9lomane. - CaveCaenem","og_description":"3 works for 13 au Th\u00e9\u00e2tre de Caen.\u00a0 A peine rentr\u00e9 du th\u00e9\u00e2tre je ne r\u00e9siste pas \u00e0 l\u2019urgence de mettre en mots ces belles ...","og_url":"https:\/\/cavecaenem.fr\/index.php\/2022\/01\/05\/alban-richard-le-choregraphe-melomane\/","og_site_name":"CaveCaenem","article_published_time":"2022-01-05T22:01:58+00:00","article_modified_time":"2022-01-05T22:02:00+00:00","og_image":[{"width":304,"height":166,"url":"https:\/\/cavecaenem.fr\/wp-content\/uploads\/2022\/01\/alban-richard.jpeg","type":"image\/jpeg"}],"twitter_card":"summary_large_image","twitter_misc":{"\u00c9crit par":"Ren\u00e9 Fix","Dur\u00e9e de lecture estim\u00e9e":"3 minutes"},"schema":{"@context":"https:\/\/schema.org","@graph":[{"@type":"WebSite","@id":"https:\/\/cavecaenem.fr\/#website","url":"https:\/\/cavecaenem.fr\/","name":"CaveCaenem","description":"L\u2019actualit\u00e9 caennaise en toute subjectivit\u00e9.","publisher":{"@id":"https:\/\/cavecaenem.fr\/#\/schema\/person\/8adecaca43e137acf11e776d28d1e734"},"potentialAction":[{"@type":"SearchAction","target":{"@type":"EntryPoint","urlTemplate":"https:\/\/cavecaenem.fr\/?s={search_term_string}"},"query-input":"required name=search_term_string"}],"inLanguage":"fr-FR"},{"@type":"ImageObject","@id":"https:\/\/cavecaenem.fr\/index.php\/2022\/01\/05\/alban-richard-le-choregraphe-melomane\/#primaryimage","inLanguage":"fr-FR","url":"https:\/\/cavecaenem.fr\/wp-content\/uploads\/2022\/01\/alban-richard.jpeg","contentUrl":"https:\/\/cavecaenem.fr\/wp-content\/uploads\/2022\/01\/alban-richard.jpeg","width":304,"height":166},{"@type":"WebPage","@id":"https:\/\/cavecaenem.fr\/index.php\/2022\/01\/05\/alban-richard-le-choregraphe-melomane\/#webpage","url":"https:\/\/cavecaenem.fr\/index.php\/2022\/01\/05\/alban-richard-le-choregraphe-melomane\/","name":"Alban Richard : le chor\u00e9graphe m\u00e9lomane. - CaveCaenem","isPartOf":{"@id":"https:\/\/cavecaenem.fr\/#website"},"primaryImageOfPage":{"@id":"https:\/\/cavecaenem.fr\/index.php\/2022\/01\/05\/alban-richard-le-choregraphe-melomane\/#primaryimage"},"datePublished":"2022-01-05T22:01:58+00:00","dateModified":"2022-01-05T22:02:00+00:00","breadcrumb":{"@id":"https:\/\/cavecaenem.fr\/index.php\/2022\/01\/05\/alban-richard-le-choregraphe-melomane\/#breadcrumb"},"inLanguage":"fr-FR","potentialAction":[{"@type":"ReadAction","target":["https:\/\/cavecaenem.fr\/index.php\/2022\/01\/05\/alban-richard-le-choregraphe-melomane\/"]}]},{"@type":"BreadcrumbList","@id":"https:\/\/cavecaenem.fr\/index.php\/2022\/01\/05\/alban-richard-le-choregraphe-melomane\/#breadcrumb","itemListElement":[{"@type":"ListItem","position":1,"name":"Accueil","item":"https:\/\/cavecaenem.fr\/"},{"@type":"ListItem","position":2,"name":"Alban Richard : le chor\u00e9graphe m\u00e9lomane."}]},{"@type":"Article","@id":"https:\/\/cavecaenem.fr\/index.php\/2022\/01\/05\/alban-richard-le-choregraphe-melomane\/#article","isPartOf":{"@id":"https:\/\/cavecaenem.fr\/index.php\/2022\/01\/05\/alban-richard-le-choregraphe-melomane\/#webpage"},"author":{"@id":"https:\/\/cavecaenem.fr\/#\/schema\/person\/8adecaca43e137acf11e776d28d1e734"},"headline":"Alban Richard : le chor\u00e9graphe m\u00e9lomane.","datePublished":"2022-01-05T22:01:58+00:00","dateModified":"2022-01-05T22:02:00+00:00","mainEntityOfPage":{"@id":"https:\/\/cavecaenem.fr\/index.php\/2022\/01\/05\/alban-richard-le-choregraphe-melomane\/#webpage"},"wordCount":689,"commentCount":0,"publisher":{"@id":"https:\/\/cavecaenem.fr\/#\/schema\/person\/8adecaca43e137acf11e776d28d1e734"},"image":{"@id":"https:\/\/cavecaenem.fr\/index.php\/2022\/01\/05\/alban-richard-le-choregraphe-melomane\/#primaryimage"},"thumbnailUrl":"https:\/\/cavecaenem.fr\/wp-content\/uploads\/2022\/01\/alban-richard.jpeg","articleSection":["La Nuit"],"inLanguage":"fr-FR","potentialAction":[{"@type":"CommentAction","name":"Comment","target":["https:\/\/cavecaenem.fr\/index.php\/2022\/01\/05\/alban-richard-le-choregraphe-melomane\/#respond"]}]},{"@type":["Person","Organization"],"@id":"https:\/\/cavecaenem.fr\/#\/schema\/person\/8adecaca43e137acf11e776d28d1e734","name":"Ren\u00e9 Fix","image":{"@type":"ImageObject","@id":"https:\/\/cavecaenem.fr\/#personlogo","inLanguage":"fr-FR","url":"https:\/\/secure.gravatar.com\/avatar\/b49591d8c60f351185d7719fe6f34144?s=96&d=mm&r=g","contentUrl":"https:\/\/secure.gravatar.com\/avatar\/b49591d8c60f351185d7719fe6f34144?s=96&d=mm&r=g","caption":"Ren\u00e9 Fix"},"logo":{"@id":"https:\/\/cavecaenem.fr\/#personlogo"}}]}},"jetpack_featured_media_url":"https:\/\/cavecaenem.fr\/wp-content\/uploads\/2022\/01\/alban-richard.jpeg","_links":{"self":[{"href":"https:\/\/cavecaenem.fr\/index.php\/wp-json\/wp\/v2\/posts\/532"}],"collection":[{"href":"https:\/\/cavecaenem.fr\/index.php\/wp-json\/wp\/v2\/posts"}],"about":[{"href":"https:\/\/cavecaenem.fr\/index.php\/wp-json\/wp\/v2\/types\/post"}],"author":[{"embeddable":true,"href":"https:\/\/cavecaenem.fr\/index.php\/wp-json\/wp\/v2\/users\/1"}],"replies":[{"embeddable":true,"href":"https:\/\/cavecaenem.fr\/index.php\/wp-json\/wp\/v2\/comments?post=532"}],"version-history":[{"count":1,"href":"https:\/\/cavecaenem.fr\/index.php\/wp-json\/wp\/v2\/posts\/532\/revisions"}],"predecessor-version":[{"id":534,"href":"https:\/\/cavecaenem.fr\/index.php\/wp-json\/wp\/v2\/posts\/532\/revisions\/534"}],"wp:featuredmedia":[{"embeddable":true,"href":"https:\/\/cavecaenem.fr\/index.php\/wp-json\/wp\/v2\/media\/533"}],"wp:attachment":[{"href":"https:\/\/cavecaenem.fr\/index.php\/wp-json\/wp\/v2\/media?parent=532"}],"wp:term":[{"taxonomy":"category","embeddable":true,"href":"https:\/\/cavecaenem.fr\/index.php\/wp-json\/wp\/v2\/categories?post=532"},{"taxonomy":"post_tag","embeddable":true,"href":"https:\/\/cavecaenem.fr\/index.php\/wp-json\/wp\/v2\/tags?post=532"}],"curies":[{"name":"wp","href":"https:\/\/api.w.org\/{rel}","templated":true}]}}