{"id":537,"date":"2022-01-09T16:57:51","date_gmt":"2022-01-09T15:57:51","guid":{"rendered":"https:\/\/cavecaenem.fr\/?p=537"},"modified":"2022-01-09T16:57:52","modified_gmt":"2022-01-09T15:57:52","slug":"la-playlist-du-9-janvier-de-la-voix","status":"publish","type":"post","link":"https:\/\/cavecaenem.fr\/index.php\/2022\/01\/09\/la-playlist-du-9-janvier-de-la-voix\/","title":{"rendered":"La Playlist du 9 janvier : de la voix !"},"content":{"rendered":"\n<p>Une petite playlist pour toutes celles et ceux qui pensent que les sonorit\u00e9s &#8220;electro&#8221; sont incompatibles avec la voix !<\/p>\n\n\n\n<figure class=\"wp-block-embed is-type-video is-provider-youtube wp-block-embed-youtube wp-embed-aspect-16-9 wp-has-aspect-ratio\"><div class=\"wp-block-embed__wrapper\">\n<div class=\"jetpack-video-wrapper\"><iframe loading=\"lazy\" title=\"Playlist 9 Janvier : qui a dit que l&#039;electro n&#039;\u00e9tait pas lyrique ?\" width=\"525\" height=\"295\" src=\"https:\/\/www.youtube.com\/embed\/videoseries?list=PLHjENFHx5o3JC12PVwRwYTPYyC7Dx4p9c\" frameborder=\"0\" allow=\"accelerometer; autoplay; clipboard-write; encrypted-media; gyroscope; picture-in-picture\" allowfullscreen><\/iframe><\/div>\n<\/div><\/figure>\n","protected":false},"excerpt":{"rendered":"<p>Une petite playlist pour toutes celles et ceux qui pensent que les sonorit\u00e9s &#8220;electro&#8221; sont incompatibles avec la voix !<\/p>\n","protected":false},"author":1,"featured_media":0,"comment_status":"open","ping_status":"open","sticky":false,"template":"","format":"standard","meta":{"spay_email":""},"categories":[1],"tags":[],"yoast_head":"<!-- This site is optimized with the Yoast SEO plugin v17.7.1 - https:\/\/yoast.com\/wordpress\/plugins\/seo\/ -->\n<title>La Playlist du 9 janvier : de la voix ! - CaveCaenem<\/title>\n<meta name=\"robots\" content=\"index, follow, max-snippet:-1, max-image-preview:large, max-video-preview:-1\" \/>\n<link rel=\"canonical\" href=\"https:\/\/cavecaenem.fr\/index.php\/2022\/01\/09\/la-playlist-du-9-janvier-de-la-voix\/\" \/>\n<meta property=\"og:locale\" content=\"fr_FR\" \/>\n<meta property=\"og:type\" content=\"article\" \/>\n<meta property=\"og:title\" content=\"La Playlist du 9 janvier : de la voix ! - CaveCaenem\" \/>\n<meta property=\"og:description\" content=\"Une petite playlist pour toutes celles et ceux qui pensent que les sonorit\u00e9s &#8220;electro&#8221; sont incompatibles avec la voix !\" \/>\n<meta property=\"og:url\" content=\"https:\/\/cavecaenem.fr\/index.php\/2022\/01\/09\/la-playlist-du-9-janvier-de-la-voix\/\" \/>\n<meta property=\"og:site_name\" content=\"CaveCaenem\" \/>\n<meta property=\"article:published_time\" content=\"2022-01-09T15:57:51+00:00\" \/>\n<meta property=\"article:modified_time\" content=\"2022-01-09T15:57:52+00:00\" \/>\n<meta name=\"twitter:card\" content=\"summary_large_image\" \/>\n<meta name=\"twitter:label1\" content=\"\u00c9crit par\" \/>\n\t<meta name=\"twitter:data1\" content=\"Ren\u00e9 Fix\" \/>\n\t<meta name=\"twitter:label2\" content=\"Dur\u00e9e de lecture estim\u00e9e\" \/>\n\t<meta name=\"twitter:data2\" content=\"1 minute\" \/>\n<script type=\"application\/ld+json\" class=\"yoast-schema-graph\">{\"@context\":\"https:\/\/schema.org\",\"@graph\":[{\"@type\":\"WebSite\",\"@id\":\"https:\/\/cavecaenem.fr\/#website\",\"url\":\"https:\/\/cavecaenem.fr\/\",\"name\":\"CaveCaenem\",\"description\":\"L\\u2019actualit\\u00e9 caennaise en toute subjectivit\\u00e9.\",\"publisher\":{\"@id\":\"https:\/\/cavecaenem.fr\/#\/schema\/person\/8adecaca43e137acf11e776d28d1e734\"},\"potentialAction\":[{\"@type\":\"SearchAction\",\"target\":{\"@type\":\"EntryPoint\",\"urlTemplate\":\"https:\/\/cavecaenem.fr\/?s={search_term_string}\"},\"query-input\":\"required name=search_term_string\"}],\"inLanguage\":\"fr-FR\"},{\"@type\":\"WebPage\",\"@id\":\"https:\/\/cavecaenem.fr\/index.php\/2022\/01\/09\/la-playlist-du-9-janvier-de-la-voix\/#webpage\",\"url\":\"https:\/\/cavecaenem.fr\/index.php\/2022\/01\/09\/la-playlist-du-9-janvier-de-la-voix\/\",\"name\":\"La Playlist du 9 janvier : de la voix ! - CaveCaenem\",\"isPartOf\":{\"@id\":\"https:\/\/cavecaenem.fr\/#website\"},\"datePublished\":\"2022-01-09T15:57:51+00:00\",\"dateModified\":\"2022-01-09T15:57:52+00:00\",\"breadcrumb\":{\"@id\":\"https:\/\/cavecaenem.fr\/index.php\/2022\/01\/09\/la-playlist-du-9-janvier-de-la-voix\/#breadcrumb\"},\"inLanguage\":\"fr-FR\",\"potentialAction\":[{\"@type\":\"ReadAction\",\"target\":[\"https:\/\/cavecaenem.fr\/index.php\/2022\/01\/09\/la-playlist-du-9-janvier-de-la-voix\/\"]}]},{\"@type\":\"BreadcrumbList\",\"@id\":\"https:\/\/cavecaenem.fr\/index.php\/2022\/01\/09\/la-playlist-du-9-janvier-de-la-voix\/#breadcrumb\",\"itemListElement\":[{\"@type\":\"ListItem\",\"position\":1,\"name\":\"Accueil\",\"item\":\"https:\/\/cavecaenem.fr\/\"},{\"@type\":\"ListItem\",\"position\":2,\"name\":\"La Playlist du 9 janvier : de la voix !\"}]},{\"@type\":\"Article\",\"@id\":\"https:\/\/cavecaenem.fr\/index.php\/2022\/01\/09\/la-playlist-du-9-janvier-de-la-voix\/#article\",\"isPartOf\":{\"@id\":\"https:\/\/cavecaenem.fr\/index.php\/2022\/01\/09\/la-playlist-du-9-janvier-de-la-voix\/#webpage\"},\"author\":{\"@id\":\"https:\/\/cavecaenem.fr\/#\/schema\/person\/8adecaca43e137acf11e776d28d1e734\"},\"headline\":\"La Playlist du 9 janvier : de la voix !\",\"datePublished\":\"2022-01-09T15:57:51+00:00\",\"dateModified\":\"2022-01-09T15:57:52+00:00\",\"mainEntityOfPage\":{\"@id\":\"https:\/\/cavecaenem.fr\/index.php\/2022\/01\/09\/la-playlist-du-9-janvier-de-la-voix\/#webpage\"},\"wordCount\":39,\"commentCount\":0,\"publisher\":{\"@id\":\"https:\/\/cavecaenem.fr\/#\/schema\/person\/8adecaca43e137acf11e776d28d1e734\"},\"articleSection\":[\"La Nuit\"],\"inLanguage\":\"fr-FR\",\"potentialAction\":[{\"@type\":\"CommentAction\",\"name\":\"Comment\",\"target\":[\"https:\/\/cavecaenem.fr\/index.php\/2022\/01\/09\/la-playlist-du-9-janvier-de-la-voix\/#respond\"]}]},{\"@type\":[\"Person\",\"Organization\"],\"@id\":\"https:\/\/cavecaenem.fr\/#\/schema\/person\/8adecaca43e137acf11e776d28d1e734\",\"name\":\"Ren\\u00e9 Fix\",\"image\":{\"@type\":\"ImageObject\",\"@id\":\"https:\/\/cavecaenem.fr\/#personlogo\",\"inLanguage\":\"fr-FR\",\"url\":\"https:\/\/secure.gravatar.com\/avatar\/b49591d8c60f351185d7719fe6f34144?s=96&d=mm&r=g\",\"contentUrl\":\"https:\/\/secure.gravatar.com\/avatar\/b49591d8c60f351185d7719fe6f34144?s=96&d=mm&r=g\",\"caption\":\"Ren\\u00e9 Fix\"},\"logo\":{\"@id\":\"https:\/\/cavecaenem.fr\/#personlogo\"}}]}<\/script>\n<!-- \/ Yoast SEO plugin. -->","yoast_head_json":{"title":"La Playlist du 9 janvier : de la voix ! - CaveCaenem","robots":{"index":"index","follow":"follow","max-snippet":"max-snippet:-1","max-image-preview":"max-image-preview:large","max-video-preview":"max-video-preview:-1"},"canonical":"https:\/\/cavecaenem.fr\/index.php\/2022\/01\/09\/la-playlist-du-9-janvier-de-la-voix\/","og_locale":"fr_FR","og_type":"article","og_title":"La Playlist du 9 janvier : de la voix ! - CaveCaenem","og_description":"Une petite playlist pour toutes celles et ceux qui pensent que les sonorit\u00e9s &#8220;electro&#8221; sont incompatibles avec la voix !","og_url":"https:\/\/cavecaenem.fr\/index.php\/2022\/01\/09\/la-playlist-du-9-janvier-de-la-voix\/","og_site_name":"CaveCaenem","article_published_time":"2022-01-09T15:57:51+00:00","article_modified_time":"2022-01-09T15:57:52+00:00","twitter_card":"summary_large_image","twitter_misc":{"\u00c9crit par":"Ren\u00e9 Fix","Dur\u00e9e de lecture estim\u00e9e":"1 minute"},"schema":{"@context":"https:\/\/schema.org","@graph":[{"@type":"WebSite","@id":"https:\/\/cavecaenem.fr\/#website","url":"https:\/\/cavecaenem.fr\/","name":"CaveCaenem","description":"L\u2019actualit\u00e9 caennaise en toute subjectivit\u00e9.","publisher":{"@id":"https:\/\/cavecaenem.fr\/#\/schema\/person\/8adecaca43e137acf11e776d28d1e734"},"potentialAction":[{"@type":"SearchAction","target":{"@type":"EntryPoint","urlTemplate":"https:\/\/cavecaenem.fr\/?s={search_term_string}"},"query-input":"required name=search_term_string"}],"inLanguage":"fr-FR"},{"@type":"WebPage","@id":"https:\/\/cavecaenem.fr\/index.php\/2022\/01\/09\/la-playlist-du-9-janvier-de-la-voix\/#webpage","url":"https:\/\/cavecaenem.fr\/index.php\/2022\/01\/09\/la-playlist-du-9-janvier-de-la-voix\/","name":"La Playlist du 9 janvier : de la voix ! - CaveCaenem","isPartOf":{"@id":"https:\/\/cavecaenem.fr\/#website"},"datePublished":"2022-01-09T15:57:51+00:00","dateModified":"2022-01-09T15:57:52+00:00","breadcrumb":{"@id":"https:\/\/cavecaenem.fr\/index.php\/2022\/01\/09\/la-playlist-du-9-janvier-de-la-voix\/#breadcrumb"},"inLanguage":"fr-FR","potentialAction":[{"@type":"ReadAction","target":["https:\/\/cavecaenem.fr\/index.php\/2022\/01\/09\/la-playlist-du-9-janvier-de-la-voix\/"]}]},{"@type":"BreadcrumbList","@id":"https:\/\/cavecaenem.fr\/index.php\/2022\/01\/09\/la-playlist-du-9-janvier-de-la-voix\/#breadcrumb","itemListElement":[{"@type":"ListItem","position":1,"name":"Accueil","item":"https:\/\/cavecaenem.fr\/"},{"@type":"ListItem","position":2,"name":"La Playlist du 9 janvier : de la voix !"}]},{"@type":"Article","@id":"https:\/\/cavecaenem.fr\/index.php\/2022\/01\/09\/la-playlist-du-9-janvier-de-la-voix\/#article","isPartOf":{"@id":"https:\/\/cavecaenem.fr\/index.php\/2022\/01\/09\/la-playlist-du-9-janvier-de-la-voix\/#webpage"},"author":{"@id":"https:\/\/cavecaenem.fr\/#\/schema\/person\/8adecaca43e137acf11e776d28d1e734"},"headline":"La Playlist du 9 janvier : de la voix !","datePublished":"2022-01-09T15:57:51+00:00","dateModified":"2022-01-09T15:57:52+00:00","mainEntityOfPage":{"@id":"https:\/\/cavecaenem.fr\/index.php\/2022\/01\/09\/la-playlist-du-9-janvier-de-la-voix\/#webpage"},"wordCount":39,"commentCount":0,"publisher":{"@id":"https:\/\/cavecaenem.fr\/#\/schema\/person\/8adecaca43e137acf11e776d28d1e734"},"articleSection":["La Nuit"],"inLanguage":"fr-FR","potentialAction":[{"@type":"CommentAction","name":"Comment","target":["https:\/\/cavecaenem.fr\/index.php\/2022\/01\/09\/la-playlist-du-9-janvier-de-la-voix\/#respond"]}]},{"@type":["Person","Organization"],"@id":"https:\/\/cavecaenem.fr\/#\/schema\/person\/8adecaca43e137acf11e776d28d1e734","name":"Ren\u00e9 Fix","image":{"@type":"ImageObject","@id":"https:\/\/cavecaenem.fr\/#personlogo","inLanguage":"fr-FR","url":"https:\/\/secure.gravatar.com\/avatar\/b49591d8c60f351185d7719fe6f34144?s=96&d=mm&r=g","contentUrl":"https:\/\/secure.gravatar.com\/avatar\/b49591d8c60f351185d7719fe6f34144?s=96&d=mm&r=g","caption":"Ren\u00e9 Fix"},"logo":{"@id":"https:\/\/cavecaenem.fr\/#personlogo"}}]}},"jetpack_featured_media_url":"","_links":{"self":[{"href":"https:\/\/cavecaenem.fr\/index.php\/wp-json\/wp\/v2\/posts\/537"}],"collection":[{"href":"https:\/\/cavecaenem.fr\/index.php\/wp-json\/wp\/v2\/posts"}],"about":[{"href":"https:\/\/cavecaenem.fr\/index.php\/wp-json\/wp\/v2\/types\/post"}],"author":[{"embeddable":true,"href":"https:\/\/cavecaenem.fr\/index.php\/wp-json\/wp\/v2\/users\/1"}],"replies":[{"embeddable":true,"href":"https:\/\/cavecaenem.fr\/index.php\/wp-json\/wp\/v2\/comments?post=537"}],"version-history":[{"count":1,"href":"https:\/\/cavecaenem.fr\/index.php\/wp-json\/wp\/v2\/posts\/537\/revisions"}],"predecessor-version":[{"id":538,"href":"https:\/\/cavecaenem.fr\/index.php\/wp-json\/wp\/v2\/posts\/537\/revisions\/538"}],"wp:attachment":[{"href":"https:\/\/cavecaenem.fr\/index.php\/wp-json\/wp\/v2\/media?parent=537"}],"wp:term":[{"taxonomy":"category","embeddable":true,"href":"https:\/\/cavecaenem.fr\/index.php\/wp-json\/wp\/v2\/categories?post=537"},{"taxonomy":"post_tag","embeddable":true,"href":"https:\/\/cavecaenem.fr\/index.php\/wp-json\/wp\/v2\/tags?post=537"}],"curies":[{"name":"wp","href":"https:\/\/api.w.org\/{rel}","templated":true}]}}