{"id":542,"date":"2022-02-08T11:58:39","date_gmt":"2022-02-08T10:58:39","guid":{"rendered":"https:\/\/cavecaenem.fr\/?p=542"},"modified":"2022-02-08T11:58:40","modified_gmt":"2022-02-08T10:58:40","slug":"en-attendant-la-reprise","status":"publish","type":"post","link":"https:\/\/cavecaenem.fr\/index.php\/2022\/02\/08\/en-attendant-la-reprise\/","title":{"rendered":"En attendant &#8230; la reprise !"},"content":{"rendered":"\n<p>Comme une \u00e9claircie \u2026.<\/p>\n\n\n\n<p>Ce d\u00e9but de f\u00e9vrier 2022 porte en lui toutes les contradictions que nous connaissons depuis deux ans. On traque et esp\u00e8re les signes de reprise tout en restant plong\u00e9 dans une morne torpeur d\u2019un d\u00e9but de vacances d\u2019hiver. Pourtant, \u00e7a et l\u00e0 surgissent quelques annonces qui indiquent un fr\u00e9missement voire une ru\u00e9e vers les starting-blocks !<\/p>\n\n\n\n<p>Du th\u00e9\u00e2tre, encore et toujours ?<\/p>\n\n\n\n<p>Fragile rescap\u00e9 des restrictions sanitaires, le th\u00e9\u00e2tre survit et parfois, aux avant-postes, nous rappelle qu\u2019il maintient la petite flamme culturelle. Depuis hier le festival En attendant l\u2019\u00e9claircie ( et son titre plus proph\u00e9tique que jamais ) nous propose de renouer avec la d\u00e9couverte de jeunes aventures th\u00e9\u00e2trales r\u00e9gionales et dresse, en quelque sorte, une sorte d\u2019\u00e9tat des lieux de la cr\u00e9ation dramatique normande. Constant dans ma \u00ab&nbsp;traque&nbsp;\u00bb locale des artistes qui aboient ( cave Caenem oblige), c\u2019est avec enthousiasme que j\u2019ai assist\u00e9 hier soir aux deux premi\u00e8res repr\u00e9sentations propos\u00e9es par la Cit\u00e9-Th\u00e9\u00e2tre et son directeur artistique Olivier Lopez.&nbsp;<\/p>\n\n\n\n<p>Un savant \u00e9quilibre entre projet en cours de cr\u00e9ation ( maquette) et cr\u00e9ation, un parcours complice entre deux salles de spectacles voisines ( la Cit\u00e9 Th\u00e9\u00e2tre et le Studio 24) installent le spectateur dans une r\u00e9elle logique de festival sans temps mort mais aussi, contraintes sanitaires, sans bar ! \u00c0 19 h place \u00e0 La R\u00e9alit\u00e9, une maquette de la compagnie Dodeka. Une grosse demi-heure durant laquelle on assiste&nbsp; \u00e0 un tchat vid\u00e9o entre deux s\u0153urs jumelles et o\u00f9 se dessinera une \u00e9trange complicit\u00e9 avec la mort. Un seul en sc\u00e8ne donc, une performance sensible de la com\u00e9dienne et metteuse en sc\u00e8ne Romina Villar et qui se conclut par un efficace \u00ab&nbsp;cliffhanger&nbsp;\u00bb qui invite \u00e0 en savoir plus. Un r\u00e9alisme basique ( canap\u00e9 et bouilloire \u00e9lectrique qui glougloute) donne le cadre \u00e0 cette \u00ab&nbsp;premi\u00e8re \u00e9bauche de spectacle&nbsp;\u00bb qui s\u2019entend un peu trop encore comme une dramatique radio mais qui gagnera certainement en pertinence.<\/p>\n\n\n\n<p>Direction la salle voisine pour la cr\u00e9ation de D\u00e9sint\u00e9grations, une proposition du collectif Asymptomatique. Dans la deuxi\u00e8me cr\u00e9ation de ce collectif on retrouve le charme et les fragilit\u00e9s de leur premier acte cr\u00e9atif . Au rayon Charme l\u2019indiscutable \u00e9nergie du quatuor et cette volont\u00e9 affirm\u00e9e d\u2019interroger encore et toujours les codes de la com\u00e9die bourgeoise ( du th\u00e9\u00e2tre de boulevard ?) dans un sc\u00e9nario qui inscrit d\u2019embl\u00e9e le spectateur dans une proximit\u00e9 complice. Langue crue et prosa\u00efque, situation convenue ( quatre jeunes gens qui se retrouvent dans un m\u00eame lieu de vill\u00e9giature) et le petit grain de sable dramatique qui vient faire \u00ab&nbsp;th\u00e9\u00e2tre&nbsp;\u00bb : le deuil d\u2019un ami\u2026.Tout est donc en place pour que se d\u00e9roule l\u2019implacable huis clos du reproche, de l\u2019addiction ( \u00e0 l\u2019amour, \u00e0 l\u2019amiti\u00e9, \u00e0 la mort elle-m\u00eame \u2026). Une scansion des jours accompagne la lente et parfois pr\u00e9visible mont\u00e9e des tensions alors que pour nous, dans la salle, se dessine lentement le sc\u00e9nario qui explique et justifie cette crise. On est un peu entre le th\u00e9\u00e2tre sartrien, tendance \u00ab&nbsp;L\u2019enfer c\u2019est les autres&nbsp;\u00bb et la Ligue d\u2019improvisation qui serait ici dirig\u00e9e par le spleen cafardeux d\u2019un Houellebecq.&nbsp;<\/p>\n\n\n\n<p>Au rayon Fragilit\u00e9s ce jeu perturbant et permanent entre la salle et la sc\u00e8ne sans que l\u2019on ne parvienne r\u00e9ellement \u00e0 comprendre la dynamique dramatique du proc\u00e9d\u00e9. Selon les sc\u00e8nes et l\u2019expressivit\u00e9 r\u00e9aliste du jeu des com\u00e9diens, le spectateur est plong\u00e9 dans les vieux ressorts du quatri\u00e8me mur, cette antique convention qui veut que nous sommes les voyeurs d\u2019un drame qui se joue derri\u00e8re un mur transparent ( et qui renforce l\u2019impression du huis clos). Mais les acteurs ( et concepteurs du collectif) n\u2019h\u00e9sitent pas \u00e0 dynamiter ce mur virtuel en adressant au public des apart\u00e9s jusqu\u2019\u00e0 cette troublante invitation envoy\u00e9e de la salle vers la r\u00e9gie technique pour balancer un son. L\u2019apart\u00e9 ( version Jacqueline Maillan ) reste l\u2019un des proc\u00e9d\u00e9s les plus efficace du Boulevard mais ce code culturel, d\u00e9clin\u00e9 ici jusqu\u2019\u00e0 plus soif, brouille la progression de la mont\u00e9e dramatique et oblige les com\u00e9diens \u00e0 un jeu distanci\u00e9 qui bloque leur d\u00e9sir d\u2019incarner v\u00e9ritablement sous nos yeux des personnages qu\u2019ils ont pourtant cr\u00e9\u00e9s de toute pi\u00e8ce ! La mise \u00e0 distance permanente que cela occasionne entre nous et la sc\u00e8ne est certainement une des marques de fabrique du collectif Asymptomatique mais il me semble qu\u2019il faudra radicaliser ce grand \u00e9cart entre r\u00e9alisme et mani\u00e9risme formel au risque de plonger les com\u00e9diens eux-m\u00eames dans une schizophr\u00e9nie esth\u00e9tique nocive \u00e0 la g\u00e9n\u00e9rosit\u00e9 sinc\u00e8re de leur intention initiale.&nbsp;<\/p>\n\n\n\n<p>En attendant le feu d\u2019artifice\u2026.<\/p>\n\n\n\n<p>Un coup sur mes \u00e9v\u00e9nements facebook \u00e0 venir et c\u2019est \u2026l\u2019explosion ! D\u00e8s le 17 f\u00e9vrier je ne saurai plus o\u00f9 donner de la t\u00eate avec la reprise des mini-concerts dans les bars, la r\u00e9ouverture des clubs ( pourquoi mettre ici un pluriel ?) et les annonces de la sortie de veille des principaux collectifs, Mad Brains \u00e0 la Garsouille le 18, une Geekparty quelque part, une soir\u00e9e Warehouse au No Limit, j\u2019en passe et peut-\u00eatre des meilleurs et tout cela\u2026le week-end de mon anniversaire !&nbsp;<\/p>\n","protected":false},"excerpt":{"rendered":"<p>Comme une \u00e9claircie \u2026. Ce d\u00e9but de f\u00e9vrier 2022 porte en lui toutes les contradictions que nous connaissons depuis deux ans. On traque et esp\u00e8re &#8230;<\/p>\n","protected":false},"author":1,"featured_media":543,"comment_status":"open","ping_status":"open","sticky":false,"template":"","format":"standard","meta":{"spay_email":""},"categories":[1],"tags":[],"yoast_head":"<!-- This site is optimized with the Yoast SEO plugin v17.7.1 - https:\/\/yoast.com\/wordpress\/plugins\/seo\/ -->\n<title>En attendant ... la reprise ! - CaveCaenem<\/title>\n<meta name=\"robots\" content=\"index, follow, max-snippet:-1, max-image-preview:large, max-video-preview:-1\" \/>\n<link rel=\"canonical\" href=\"https:\/\/cavecaenem.fr\/index.php\/2022\/02\/08\/en-attendant-la-reprise\/\" \/>\n<meta property=\"og:locale\" content=\"fr_FR\" \/>\n<meta property=\"og:type\" content=\"article\" \/>\n<meta property=\"og:title\" content=\"En attendant ... la reprise ! - CaveCaenem\" \/>\n<meta property=\"og:description\" content=\"Comme une \u00e9claircie \u2026. Ce d\u00e9but de f\u00e9vrier 2022 porte en lui toutes les contradictions que nous connaissons depuis deux ans. On traque et esp\u00e8re ...\" \/>\n<meta property=\"og:url\" content=\"https:\/\/cavecaenem.fr\/index.php\/2022\/02\/08\/en-attendant-la-reprise\/\" \/>\n<meta property=\"og:site_name\" content=\"CaveCaenem\" \/>\n<meta property=\"article:published_time\" content=\"2022-02-08T10:58:39+00:00\" \/>\n<meta property=\"article:modified_time\" content=\"2022-02-08T10:58:40+00:00\" \/>\n<meta property=\"og:image\" content=\"https:\/\/cavecaenem.fr\/wp-content\/uploads\/2022\/02\/desintegrations-asymptomatique-l-etincelle.jpeg\" \/>\n\t<meta property=\"og:image:width\" content=\"700\" \/>\n\t<meta property=\"og:image:height\" content=\"525\" \/>\n<meta name=\"twitter:card\" content=\"summary_large_image\" \/>\n<meta name=\"twitter:label1\" content=\"\u00c9crit par\" \/>\n\t<meta name=\"twitter:data1\" content=\"Ren\u00e9 Fix\" \/>\n\t<meta name=\"twitter:label2\" content=\"Dur\u00e9e de lecture estim\u00e9e\" \/>\n\t<meta name=\"twitter:data2\" content=\"4 minutes\" \/>\n<script type=\"application\/ld+json\" class=\"yoast-schema-graph\">{\"@context\":\"https:\/\/schema.org\",\"@graph\":[{\"@type\":\"WebSite\",\"@id\":\"https:\/\/cavecaenem.fr\/#website\",\"url\":\"https:\/\/cavecaenem.fr\/\",\"name\":\"CaveCaenem\",\"description\":\"L\\u2019actualit\\u00e9 caennaise en toute subjectivit\\u00e9.\",\"publisher\":{\"@id\":\"https:\/\/cavecaenem.fr\/#\/schema\/person\/8adecaca43e137acf11e776d28d1e734\"},\"potentialAction\":[{\"@type\":\"SearchAction\",\"target\":{\"@type\":\"EntryPoint\",\"urlTemplate\":\"https:\/\/cavecaenem.fr\/?s={search_term_string}\"},\"query-input\":\"required name=search_term_string\"}],\"inLanguage\":\"fr-FR\"},{\"@type\":\"ImageObject\",\"@id\":\"https:\/\/cavecaenem.fr\/index.php\/2022\/02\/08\/en-attendant-la-reprise\/#primaryimage\",\"inLanguage\":\"fr-FR\",\"url\":\"https:\/\/cavecaenem.fr\/wp-content\/uploads\/2022\/02\/desintegrations-asymptomatique-l-etincelle.jpeg\",\"contentUrl\":\"https:\/\/cavecaenem.fr\/wp-content\/uploads\/2022\/02\/desintegrations-asymptomatique-l-etincelle.jpeg\",\"width\":700,\"height\":525},{\"@type\":\"WebPage\",\"@id\":\"https:\/\/cavecaenem.fr\/index.php\/2022\/02\/08\/en-attendant-la-reprise\/#webpage\",\"url\":\"https:\/\/cavecaenem.fr\/index.php\/2022\/02\/08\/en-attendant-la-reprise\/\",\"name\":\"En attendant ... la reprise ! - CaveCaenem\",\"isPartOf\":{\"@id\":\"https:\/\/cavecaenem.fr\/#website\"},\"primaryImageOfPage\":{\"@id\":\"https:\/\/cavecaenem.fr\/index.php\/2022\/02\/08\/en-attendant-la-reprise\/#primaryimage\"},\"datePublished\":\"2022-02-08T10:58:39+00:00\",\"dateModified\":\"2022-02-08T10:58:40+00:00\",\"breadcrumb\":{\"@id\":\"https:\/\/cavecaenem.fr\/index.php\/2022\/02\/08\/en-attendant-la-reprise\/#breadcrumb\"},\"inLanguage\":\"fr-FR\",\"potentialAction\":[{\"@type\":\"ReadAction\",\"target\":[\"https:\/\/cavecaenem.fr\/index.php\/2022\/02\/08\/en-attendant-la-reprise\/\"]}]},{\"@type\":\"BreadcrumbList\",\"@id\":\"https:\/\/cavecaenem.fr\/index.php\/2022\/02\/08\/en-attendant-la-reprise\/#breadcrumb\",\"itemListElement\":[{\"@type\":\"ListItem\",\"position\":1,\"name\":\"Accueil\",\"item\":\"https:\/\/cavecaenem.fr\/\"},{\"@type\":\"ListItem\",\"position\":2,\"name\":\"En attendant &#8230; la reprise !\"}]},{\"@type\":\"Article\",\"@id\":\"https:\/\/cavecaenem.fr\/index.php\/2022\/02\/08\/en-attendant-la-reprise\/#article\",\"isPartOf\":{\"@id\":\"https:\/\/cavecaenem.fr\/index.php\/2022\/02\/08\/en-attendant-la-reprise\/#webpage\"},\"author\":{\"@id\":\"https:\/\/cavecaenem.fr\/#\/schema\/person\/8adecaca43e137acf11e776d28d1e734\"},\"headline\":\"En attendant &#8230; la reprise !\",\"datePublished\":\"2022-02-08T10:58:39+00:00\",\"dateModified\":\"2022-02-08T10:58:40+00:00\",\"mainEntityOfPage\":{\"@id\":\"https:\/\/cavecaenem.fr\/index.php\/2022\/02\/08\/en-attendant-la-reprise\/#webpage\"},\"wordCount\":928,\"commentCount\":0,\"publisher\":{\"@id\":\"https:\/\/cavecaenem.fr\/#\/schema\/person\/8adecaca43e137acf11e776d28d1e734\"},\"image\":{\"@id\":\"https:\/\/cavecaenem.fr\/index.php\/2022\/02\/08\/en-attendant-la-reprise\/#primaryimage\"},\"thumbnailUrl\":\"https:\/\/cavecaenem.fr\/wp-content\/uploads\/2022\/02\/desintegrations-asymptomatique-l-etincelle.jpeg\",\"articleSection\":[\"La Nuit\"],\"inLanguage\":\"fr-FR\",\"potentialAction\":[{\"@type\":\"CommentAction\",\"name\":\"Comment\",\"target\":[\"https:\/\/cavecaenem.fr\/index.php\/2022\/02\/08\/en-attendant-la-reprise\/#respond\"]}]},{\"@type\":[\"Person\",\"Organization\"],\"@id\":\"https:\/\/cavecaenem.fr\/#\/schema\/person\/8adecaca43e137acf11e776d28d1e734\",\"name\":\"Ren\\u00e9 Fix\",\"image\":{\"@type\":\"ImageObject\",\"@id\":\"https:\/\/cavecaenem.fr\/#personlogo\",\"inLanguage\":\"fr-FR\",\"url\":\"https:\/\/secure.gravatar.com\/avatar\/b49591d8c60f351185d7719fe6f34144?s=96&d=mm&r=g\",\"contentUrl\":\"https:\/\/secure.gravatar.com\/avatar\/b49591d8c60f351185d7719fe6f34144?s=96&d=mm&r=g\",\"caption\":\"Ren\\u00e9 Fix\"},\"logo\":{\"@id\":\"https:\/\/cavecaenem.fr\/#personlogo\"}}]}<\/script>\n<!-- \/ Yoast SEO plugin. -->","yoast_head_json":{"title":"En attendant ... la reprise ! - CaveCaenem","robots":{"index":"index","follow":"follow","max-snippet":"max-snippet:-1","max-image-preview":"max-image-preview:large","max-video-preview":"max-video-preview:-1"},"canonical":"https:\/\/cavecaenem.fr\/index.php\/2022\/02\/08\/en-attendant-la-reprise\/","og_locale":"fr_FR","og_type":"article","og_title":"En attendant ... la reprise ! - CaveCaenem","og_description":"Comme une \u00e9claircie \u2026. Ce d\u00e9but de f\u00e9vrier 2022 porte en lui toutes les contradictions que nous connaissons depuis deux ans. On traque et esp\u00e8re ...","og_url":"https:\/\/cavecaenem.fr\/index.php\/2022\/02\/08\/en-attendant-la-reprise\/","og_site_name":"CaveCaenem","article_published_time":"2022-02-08T10:58:39+00:00","article_modified_time":"2022-02-08T10:58:40+00:00","og_image":[{"width":700,"height":525,"url":"https:\/\/cavecaenem.fr\/wp-content\/uploads\/2022\/02\/desintegrations-asymptomatique-l-etincelle.jpeg","type":"image\/jpeg"}],"twitter_card":"summary_large_image","twitter_misc":{"\u00c9crit par":"Ren\u00e9 Fix","Dur\u00e9e de lecture estim\u00e9e":"4 minutes"},"schema":{"@context":"https:\/\/schema.org","@graph":[{"@type":"WebSite","@id":"https:\/\/cavecaenem.fr\/#website","url":"https:\/\/cavecaenem.fr\/","name":"CaveCaenem","description":"L\u2019actualit\u00e9 caennaise en toute subjectivit\u00e9.","publisher":{"@id":"https:\/\/cavecaenem.fr\/#\/schema\/person\/8adecaca43e137acf11e776d28d1e734"},"potentialAction":[{"@type":"SearchAction","target":{"@type":"EntryPoint","urlTemplate":"https:\/\/cavecaenem.fr\/?s={search_term_string}"},"query-input":"required name=search_term_string"}],"inLanguage":"fr-FR"},{"@type":"ImageObject","@id":"https:\/\/cavecaenem.fr\/index.php\/2022\/02\/08\/en-attendant-la-reprise\/#primaryimage","inLanguage":"fr-FR","url":"https:\/\/cavecaenem.fr\/wp-content\/uploads\/2022\/02\/desintegrations-asymptomatique-l-etincelle.jpeg","contentUrl":"https:\/\/cavecaenem.fr\/wp-content\/uploads\/2022\/02\/desintegrations-asymptomatique-l-etincelle.jpeg","width":700,"height":525},{"@type":"WebPage","@id":"https:\/\/cavecaenem.fr\/index.php\/2022\/02\/08\/en-attendant-la-reprise\/#webpage","url":"https:\/\/cavecaenem.fr\/index.php\/2022\/02\/08\/en-attendant-la-reprise\/","name":"En attendant ... la reprise ! - CaveCaenem","isPartOf":{"@id":"https:\/\/cavecaenem.fr\/#website"},"primaryImageOfPage":{"@id":"https:\/\/cavecaenem.fr\/index.php\/2022\/02\/08\/en-attendant-la-reprise\/#primaryimage"},"datePublished":"2022-02-08T10:58:39+00:00","dateModified":"2022-02-08T10:58:40+00:00","breadcrumb":{"@id":"https:\/\/cavecaenem.fr\/index.php\/2022\/02\/08\/en-attendant-la-reprise\/#breadcrumb"},"inLanguage":"fr-FR","potentialAction":[{"@type":"ReadAction","target":["https:\/\/cavecaenem.fr\/index.php\/2022\/02\/08\/en-attendant-la-reprise\/"]}]},{"@type":"BreadcrumbList","@id":"https:\/\/cavecaenem.fr\/index.php\/2022\/02\/08\/en-attendant-la-reprise\/#breadcrumb","itemListElement":[{"@type":"ListItem","position":1,"name":"Accueil","item":"https:\/\/cavecaenem.fr\/"},{"@type":"ListItem","position":2,"name":"En attendant &#8230; la reprise !"}]},{"@type":"Article","@id":"https:\/\/cavecaenem.fr\/index.php\/2022\/02\/08\/en-attendant-la-reprise\/#article","isPartOf":{"@id":"https:\/\/cavecaenem.fr\/index.php\/2022\/02\/08\/en-attendant-la-reprise\/#webpage"},"author":{"@id":"https:\/\/cavecaenem.fr\/#\/schema\/person\/8adecaca43e137acf11e776d28d1e734"},"headline":"En attendant &#8230; la reprise !","datePublished":"2022-02-08T10:58:39+00:00","dateModified":"2022-02-08T10:58:40+00:00","mainEntityOfPage":{"@id":"https:\/\/cavecaenem.fr\/index.php\/2022\/02\/08\/en-attendant-la-reprise\/#webpage"},"wordCount":928,"commentCount":0,"publisher":{"@id":"https:\/\/cavecaenem.fr\/#\/schema\/person\/8adecaca43e137acf11e776d28d1e734"},"image":{"@id":"https:\/\/cavecaenem.fr\/index.php\/2022\/02\/08\/en-attendant-la-reprise\/#primaryimage"},"thumbnailUrl":"https:\/\/cavecaenem.fr\/wp-content\/uploads\/2022\/02\/desintegrations-asymptomatique-l-etincelle.jpeg","articleSection":["La Nuit"],"inLanguage":"fr-FR","potentialAction":[{"@type":"CommentAction","name":"Comment","target":["https:\/\/cavecaenem.fr\/index.php\/2022\/02\/08\/en-attendant-la-reprise\/#respond"]}]},{"@type":["Person","Organization"],"@id":"https:\/\/cavecaenem.fr\/#\/schema\/person\/8adecaca43e137acf11e776d28d1e734","name":"Ren\u00e9 Fix","image":{"@type":"ImageObject","@id":"https:\/\/cavecaenem.fr\/#personlogo","inLanguage":"fr-FR","url":"https:\/\/secure.gravatar.com\/avatar\/b49591d8c60f351185d7719fe6f34144?s=96&d=mm&r=g","contentUrl":"https:\/\/secure.gravatar.com\/avatar\/b49591d8c60f351185d7719fe6f34144?s=96&d=mm&r=g","caption":"Ren\u00e9 Fix"},"logo":{"@id":"https:\/\/cavecaenem.fr\/#personlogo"}}]}},"jetpack_featured_media_url":"https:\/\/cavecaenem.fr\/wp-content\/uploads\/2022\/02\/desintegrations-asymptomatique-l-etincelle.jpeg","_links":{"self":[{"href":"https:\/\/cavecaenem.fr\/index.php\/wp-json\/wp\/v2\/posts\/542"}],"collection":[{"href":"https:\/\/cavecaenem.fr\/index.php\/wp-json\/wp\/v2\/posts"}],"about":[{"href":"https:\/\/cavecaenem.fr\/index.php\/wp-json\/wp\/v2\/types\/post"}],"author":[{"embeddable":true,"href":"https:\/\/cavecaenem.fr\/index.php\/wp-json\/wp\/v2\/users\/1"}],"replies":[{"embeddable":true,"href":"https:\/\/cavecaenem.fr\/index.php\/wp-json\/wp\/v2\/comments?post=542"}],"version-history":[{"count":1,"href":"https:\/\/cavecaenem.fr\/index.php\/wp-json\/wp\/v2\/posts\/542\/revisions"}],"predecessor-version":[{"id":544,"href":"https:\/\/cavecaenem.fr\/index.php\/wp-json\/wp\/v2\/posts\/542\/revisions\/544"}],"wp:featuredmedia":[{"embeddable":true,"href":"https:\/\/cavecaenem.fr\/index.php\/wp-json\/wp\/v2\/media\/543"}],"wp:attachment":[{"href":"https:\/\/cavecaenem.fr\/index.php\/wp-json\/wp\/v2\/media?parent=542"}],"wp:term":[{"taxonomy":"category","embeddable":true,"href":"https:\/\/cavecaenem.fr\/index.php\/wp-json\/wp\/v2\/categories?post=542"},{"taxonomy":"post_tag","embeddable":true,"href":"https:\/\/cavecaenem.fr\/index.php\/wp-json\/wp\/v2\/tags?post=542"}],"curies":[{"name":"wp","href":"https:\/\/api.w.org\/{rel}","templated":true}]}}