{"id":547,"date":"2022-03-05T12:05:35","date_gmt":"2022-03-05T11:05:35","guid":{"rendered":"https:\/\/cavecaenem.fr\/?p=547"},"modified":"2022-03-05T12:05:36","modified_gmt":"2022-03-05T11:05:36","slug":"letrange-cas-de-mr-blackmoon-et-du-dr-lde","status":"publish","type":"post","link":"https:\/\/cavecaenem.fr\/index.php\/2022\/03\/05\/letrange-cas-de-mr-blackmoon-et-du-dr-lde\/","title":{"rendered":"L&#8217;\u00e9trange cas de Mr BlackMoon et du dr LDE &#8230;"},"content":{"rendered":"\n<p>Un retour aux nuits d&#8221;avant ? \u2026.<\/p>\n\n\n\n<p>Avec la lente d\u00e9crue du virus (et le retour des beaux jours), on se pla\u00eet \u00e0 penser aux \u2026&nbsp; jours d\u2019avant, aux nuits\u2026d\u2019avant !&nbsp;<\/p>\n\n\n\n<p>Les invitations musicales et festives, encore de jeunes pousses vertes parfois, apparaissent au fil de nos actualit\u00e9s facebook. Lentement&nbsp; un circuit noctambule \u201celectro\u201d se dessine \u00e0 nouveau, un circuit fait de bars \u00e0 la vitalit\u00e9 \u00e9prouv\u00e9e et renouvel\u00e9e ( les 3 marches, la Garsouille, le Trappist\u2026), de clubs ( le No Limit, en fait\u2026) et de lieux \u201cdansants\u201d ( le Portobello en t\u00eate qui, si j\u2019ai bien compris, installe m\u00eame des rendez-vous hebdomadaires avec une \u00e9quipe artistique &#8211; le jeudi soir avec le petit lutin Laohu et son \u00e2me rythmiquement damn\u00e9e de Kiper Sonus\u2026)<\/p>\n\n\n\n<p>Bref, \u00e7a bouge \u00e0 tous les \u00e9tages qui ont surv\u00e9cu \u00e0 cette crise et ce n\u2019est peut-\u00eatre qu\u2019un d\u00e9but. De quoi se r\u00e9jouir donc, mais aussi de s\u2019inqui\u00e9ter si la fr\u00e9n\u00e9sie activiste qui stimule nos organisateurs de soir\u00e9e ne s\u2019accompagne pas d\u2019une concertation minimale dans les dates.<\/p>\n\n\n\n<p>Rien que ce soir, dilemme corn\u00e9lien de petit (vieux) bourgeois blanc, la tentation est forte de passer par le Portobello pour profiter de la soir\u00e9e HEXAVALENCE concoct\u00e9e par Senary crew. Report\u00e9 par la crise, l\u2019\u00e9v\u00e9nement se targue d\u2019une \u201cmise en sc\u00e8ne sp\u00e9cialement con\u00e7ue pour l\u2019occasion\u201d et le duo Aeven et A222, sous sa nouvelle appellation G.A.S ( Genesion Aquarian society ) vend du \u201cr\u00eave\u201d, ne serait-ce que dans la compr\u00e9hension du blaze ( et aussi parce qu\u2019on les retrouvera pour la soir\u00e9e Uhme\u2019s night du 14 avril prochain au Carg\u00f6, mais chut, le suspens touche \u00e0 sa fin et j\u2019en reparlerai forc\u00e9ment tr\u00e8s vite).&nbsp;<\/p>\n\n\n\n<p>A quelques m\u00e8tres du Portobello, de l\u2019autre c\u00f4t\u00e9 du canal, c\u2019est le Carg\u00f6 qui nous invite \u00e0 sa N\u00f6oba et \u00e0 f\u00eater en m\u00eame temps son 15 \u00e8me anniversaire ! En ce qui me concerne, ce n\u2019est m\u00eame plus un dilemme corn\u00e9lien mais un v\u00e9ritable conflit de loyaut\u00e9, mais ce sont-l\u00e0 mes \u201coignons\u201d&#8230;.&nbsp; Tant mieux s\u2019il se passe des choses, et si elles sont de qualit\u00e9.<\/p>\n\n\n\n<p>La &#8220;schizophr\u00e9nique&#8221; soir\u00e9e du 12 mars.<\/p>\n\n\n\n<p>L\u00e0 o\u00f9 le foisonnement festif devient plus d\u00e9licat c\u2019est quand il met en concurrence frontale deux associations ( ayant pignon sur rue comme on disait ) et qui, sans volont\u00e9 de confrontation, se retrouvent, par le hasard du calendrier, \u00e0 \u201cjouer\u201d gros le m\u00eame soir.&nbsp;<\/p>\n\n\n\n<p>\u00c0 Paris, ou dans une grosse ville, une telle probabilit\u00e9 se g\u00e8re avec la foule des noctambules, mais \u00e0 Caen, remplir le Carg\u00f6 et le Wip le m\u00eame soir \u2026<\/p>\n\n\n\n<p>\u00c0 ma droite donc, la belle affiche de la Black Moon au Carg\u00f6. Les deux salles sont investies pour accueillir un floril\u00e8ge incontestable des artistes qu\u2019on n\u2019ose nommer \u201clocaux\u201d tant ce dernier qualificatif r\u00e9duit la port\u00e9e et le travail \u00e0 l\u2019ann\u00e9e de Darkvibe, Elzeden; Polar X et de tant d\u2019autres. Si on ajoute \u00e0 cela la pr\u00e9sence de mes \u201cdeux filles\u201d, Z\u00e9lie et SPRNS, que l\u2019on pourra retrouver lors de la Uhme\u2019s night ( le 14 avril) cela frise le placement produit de ma part.&nbsp; Bref la Black Moon met toutes les chances de son c\u00f4t\u00e9 pour faire en sorte de proposer la premi\u00e8re pierre de la grande reprise des \u201csoir\u00e9es Carg\u00f6\u201d&#8230;<\/p>\n\n\n\n<p>\u00c0 ma gauche, le WiP, \u00e0 Colombelles, le m\u00eame soir et sa soir\u00e9e imagin\u00e9e par Les Dimanches Electroniques. Ils n\u2019ont d\u00e9cid\u00e9ment pas de chance avec les dates puisqu\u2019on se souvient qu\u2019avant le blackout du confinement ils nous proposaient d\u00e9j\u00e0 une premi\u00e8re soir\u00e9e dans ce m\u00eame WIP le m\u00eame soir que la grosse soir\u00e9e Mad Brains, les dates \u00e9tant finalement annul\u00e9es par la premi\u00e8re crise Covid. La curiosit\u00e9 est grande de d\u00e9couvrir la grande halle du WIP en mode dancefloor industrielle, et plus grande encore l\u2019envie de savoir comment va sonner cette salle et la puissance de watts qu\u2019il faudra ou faudrait lui injecter pour rendre justice \u00e0 une musique qui n\u2019est pas que du boum-boum. Au programme, dixit les organisateurs, \u201cdeux artistes internationaux, Vitess et Fasme\u201d, et il n\u2019y a pas de raison de douter, a priori, de la pertinence des&nbsp; termes utilis\u00e9s pour les pr\u00e9senter m\u00eame si, par les temps qui courent, le terme international me semble bien galvaud\u00e9.&nbsp;<\/p>\n\n\n\n<p>Que peut-on esp\u00e9rer et craindre de ce \u201cbug\u201d de programmation ? Que les deux soir\u00e9es trouvent r\u00e9ellement et pleinement leur public, avec peut-\u00eatre m\u00eame, qui sait, des fous dans mon genre pr\u00eats \u00e0 passer d\u2019une rive \u00e0 l\u2019autre de l\u2019Orne. Mais le risque est grand, quand on sait l\u2019extr\u00eame fragilit\u00e9 de la reprise des activit\u00e9s du spectacle et du divertissement \u201coutdoor\u201d , que les caisses des deux associations puissent en souffrir.&nbsp;<\/p>\n\n\n\n<p>Si le dicton \u201ctrop de choix tue le choix\u201d n\u2019est pas sans justesse, il me semble que pour une fois, il conviendra de le d\u00e9mentir. Tout d\u2019abord pour soutenir activement ces faibles \u00e9conomies de \u201c la nuit\u201d et plus encore pour prouver, s\u2019il en \u00e9tait besoin, que Caen est \u00e0 m\u00eame d\u2019occuper une place de choix dans la cartes des spots \u201celectro\u201d et qu\u2019elle peut absorber, sans peine, ce choc des Titans !<\/p>\n\n\n\n<p>PS Je n\u2019ai pas c\u00e9d\u00e9 \u00e0 la bonne (mauvaise) conscience de glisser quelque part un drapeau jaune et bleu, mais il ne sera pas dit que j\u2019\u00e9cris ces lignes futiles au moment m\u00eame o\u00f9 se d\u00e9roule la trag\u00e9die ukrainienne sans avoir pleinement en t\u00eate qu\u2019\u00e0 quelques kilom\u00e8tres de nous une jeunesse est priv\u00e9e de lumi\u00e8re et non pas d\u2019espoir !<\/p>\n","protected":false},"excerpt":{"rendered":"<p>Un retour aux nuits d&#8221;avant ? \u2026. Avec la lente d\u00e9crue du virus (et le retour des beaux jours), on se pla\u00eet \u00e0 penser aux &#8230;<\/p>\n","protected":false},"author":1,"featured_media":548,"comment_status":"open","ping_status":"open","sticky":false,"template":"","format":"standard","meta":{"spay_email":""},"categories":[1],"tags":[],"yoast_head":"<!-- This site is optimized with the Yoast SEO plugin v17.7.1 - https:\/\/yoast.com\/wordpress\/plugins\/seo\/ -->\n<title>L&#039;\u00e9trange cas de Mr BlackMoon et du dr LDE ... - CaveCaenem<\/title>\n<meta name=\"robots\" content=\"index, follow, max-snippet:-1, max-image-preview:large, max-video-preview:-1\" \/>\n<link rel=\"canonical\" href=\"https:\/\/cavecaenem.fr\/index.php\/2022\/03\/05\/letrange-cas-de-mr-blackmoon-et-du-dr-lde\/\" \/>\n<meta property=\"og:locale\" content=\"fr_FR\" \/>\n<meta property=\"og:type\" content=\"article\" \/>\n<meta property=\"og:title\" content=\"L&#039;\u00e9trange cas de Mr BlackMoon et du dr LDE ... - CaveCaenem\" \/>\n<meta property=\"og:description\" content=\"Un retour aux nuits d&#8221;avant ? \u2026. Avec la lente d\u00e9crue du virus (et le retour des beaux jours), on se pla\u00eet \u00e0 penser aux ...\" \/>\n<meta property=\"og:url\" content=\"https:\/\/cavecaenem.fr\/index.php\/2022\/03\/05\/letrange-cas-de-mr-blackmoon-et-du-dr-lde\/\" \/>\n<meta property=\"og:site_name\" content=\"CaveCaenem\" \/>\n<meta property=\"article:published_time\" content=\"2022-03-05T11:05:35+00:00\" \/>\n<meta property=\"article:modified_time\" content=\"2022-03-05T11:05:36+00:00\" \/>\n<meta property=\"og:image\" content=\"https:\/\/cavecaenem.fr\/wp-content\/uploads\/2022\/03\/wipcave.jpg\" \/>\n\t<meta property=\"og:image:width\" content=\"952\" \/>\n\t<meta property=\"og:image:height\" content=\"450\" \/>\n<meta name=\"twitter:card\" content=\"summary_large_image\" \/>\n<meta name=\"twitter:label1\" content=\"\u00c9crit par\" \/>\n\t<meta name=\"twitter:data1\" content=\"Ren\u00e9 Fix\" \/>\n\t<meta name=\"twitter:label2\" content=\"Dur\u00e9e de lecture estim\u00e9e\" \/>\n\t<meta name=\"twitter:data2\" content=\"4 minutes\" \/>\n<script type=\"application\/ld+json\" class=\"yoast-schema-graph\">{\"@context\":\"https:\/\/schema.org\",\"@graph\":[{\"@type\":\"WebSite\",\"@id\":\"https:\/\/cavecaenem.fr\/#website\",\"url\":\"https:\/\/cavecaenem.fr\/\",\"name\":\"CaveCaenem\",\"description\":\"L\\u2019actualit\\u00e9 caennaise en toute subjectivit\\u00e9.\",\"publisher\":{\"@id\":\"https:\/\/cavecaenem.fr\/#\/schema\/person\/8adecaca43e137acf11e776d28d1e734\"},\"potentialAction\":[{\"@type\":\"SearchAction\",\"target\":{\"@type\":\"EntryPoint\",\"urlTemplate\":\"https:\/\/cavecaenem.fr\/?s={search_term_string}\"},\"query-input\":\"required name=search_term_string\"}],\"inLanguage\":\"fr-FR\"},{\"@type\":\"ImageObject\",\"@id\":\"https:\/\/cavecaenem.fr\/index.php\/2022\/03\/05\/letrange-cas-de-mr-blackmoon-et-du-dr-lde\/#primaryimage\",\"inLanguage\":\"fr-FR\",\"url\":\"https:\/\/cavecaenem.fr\/wp-content\/uploads\/2022\/03\/wipcave.jpg\",\"contentUrl\":\"https:\/\/cavecaenem.fr\/wp-content\/uploads\/2022\/03\/wipcave.jpg\",\"width\":952,\"height\":450},{\"@type\":\"WebPage\",\"@id\":\"https:\/\/cavecaenem.fr\/index.php\/2022\/03\/05\/letrange-cas-de-mr-blackmoon-et-du-dr-lde\/#webpage\",\"url\":\"https:\/\/cavecaenem.fr\/index.php\/2022\/03\/05\/letrange-cas-de-mr-blackmoon-et-du-dr-lde\/\",\"name\":\"L'\\u00e9trange cas de Mr BlackMoon et du dr LDE ... - CaveCaenem\",\"isPartOf\":{\"@id\":\"https:\/\/cavecaenem.fr\/#website\"},\"primaryImageOfPage\":{\"@id\":\"https:\/\/cavecaenem.fr\/index.php\/2022\/03\/05\/letrange-cas-de-mr-blackmoon-et-du-dr-lde\/#primaryimage\"},\"datePublished\":\"2022-03-05T11:05:35+00:00\",\"dateModified\":\"2022-03-05T11:05:36+00:00\",\"breadcrumb\":{\"@id\":\"https:\/\/cavecaenem.fr\/index.php\/2022\/03\/05\/letrange-cas-de-mr-blackmoon-et-du-dr-lde\/#breadcrumb\"},\"inLanguage\":\"fr-FR\",\"potentialAction\":[{\"@type\":\"ReadAction\",\"target\":[\"https:\/\/cavecaenem.fr\/index.php\/2022\/03\/05\/letrange-cas-de-mr-blackmoon-et-du-dr-lde\/\"]}]},{\"@type\":\"BreadcrumbList\",\"@id\":\"https:\/\/cavecaenem.fr\/index.php\/2022\/03\/05\/letrange-cas-de-mr-blackmoon-et-du-dr-lde\/#breadcrumb\",\"itemListElement\":[{\"@type\":\"ListItem\",\"position\":1,\"name\":\"Accueil\",\"item\":\"https:\/\/cavecaenem.fr\/\"},{\"@type\":\"ListItem\",\"position\":2,\"name\":\"L&#8217;\\u00e9trange cas de Mr BlackMoon et du dr LDE &#8230;\"}]},{\"@type\":\"Article\",\"@id\":\"https:\/\/cavecaenem.fr\/index.php\/2022\/03\/05\/letrange-cas-de-mr-blackmoon-et-du-dr-lde\/#article\",\"isPartOf\":{\"@id\":\"https:\/\/cavecaenem.fr\/index.php\/2022\/03\/05\/letrange-cas-de-mr-blackmoon-et-du-dr-lde\/#webpage\"},\"author\":{\"@id\":\"https:\/\/cavecaenem.fr\/#\/schema\/person\/8adecaca43e137acf11e776d28d1e734\"},\"headline\":\"L&#8217;\\u00e9trange cas de Mr BlackMoon et du dr LDE &#8230;\",\"datePublished\":\"2022-03-05T11:05:35+00:00\",\"dateModified\":\"2022-03-05T11:05:36+00:00\",\"mainEntityOfPage\":{\"@id\":\"https:\/\/cavecaenem.fr\/index.php\/2022\/03\/05\/letrange-cas-de-mr-blackmoon-et-du-dr-lde\/#webpage\"},\"wordCount\":1006,\"commentCount\":0,\"publisher\":{\"@id\":\"https:\/\/cavecaenem.fr\/#\/schema\/person\/8adecaca43e137acf11e776d28d1e734\"},\"image\":{\"@id\":\"https:\/\/cavecaenem.fr\/index.php\/2022\/03\/05\/letrange-cas-de-mr-blackmoon-et-du-dr-lde\/#primaryimage\"},\"thumbnailUrl\":\"https:\/\/cavecaenem.fr\/wp-content\/uploads\/2022\/03\/wipcave.jpg\",\"articleSection\":[\"La Nuit\"],\"inLanguage\":\"fr-FR\",\"potentialAction\":[{\"@type\":\"CommentAction\",\"name\":\"Comment\",\"target\":[\"https:\/\/cavecaenem.fr\/index.php\/2022\/03\/05\/letrange-cas-de-mr-blackmoon-et-du-dr-lde\/#respond\"]}]},{\"@type\":[\"Person\",\"Organization\"],\"@id\":\"https:\/\/cavecaenem.fr\/#\/schema\/person\/8adecaca43e137acf11e776d28d1e734\",\"name\":\"Ren\\u00e9 Fix\",\"image\":{\"@type\":\"ImageObject\",\"@id\":\"https:\/\/cavecaenem.fr\/#personlogo\",\"inLanguage\":\"fr-FR\",\"url\":\"https:\/\/secure.gravatar.com\/avatar\/b49591d8c60f351185d7719fe6f34144?s=96&d=mm&r=g\",\"contentUrl\":\"https:\/\/secure.gravatar.com\/avatar\/b49591d8c60f351185d7719fe6f34144?s=96&d=mm&r=g\",\"caption\":\"Ren\\u00e9 Fix\"},\"logo\":{\"@id\":\"https:\/\/cavecaenem.fr\/#personlogo\"}}]}<\/script>\n<!-- \/ Yoast SEO plugin. -->","yoast_head_json":{"title":"L'\u00e9trange cas de Mr BlackMoon et du dr LDE ... - CaveCaenem","robots":{"index":"index","follow":"follow","max-snippet":"max-snippet:-1","max-image-preview":"max-image-preview:large","max-video-preview":"max-video-preview:-1"},"canonical":"https:\/\/cavecaenem.fr\/index.php\/2022\/03\/05\/letrange-cas-de-mr-blackmoon-et-du-dr-lde\/","og_locale":"fr_FR","og_type":"article","og_title":"L'\u00e9trange cas de Mr BlackMoon et du dr LDE ... - CaveCaenem","og_description":"Un retour aux nuits d&#8221;avant ? \u2026. Avec la lente d\u00e9crue du virus (et le retour des beaux jours), on se pla\u00eet \u00e0 penser aux ...","og_url":"https:\/\/cavecaenem.fr\/index.php\/2022\/03\/05\/letrange-cas-de-mr-blackmoon-et-du-dr-lde\/","og_site_name":"CaveCaenem","article_published_time":"2022-03-05T11:05:35+00:00","article_modified_time":"2022-03-05T11:05:36+00:00","og_image":[{"width":952,"height":450,"url":"https:\/\/cavecaenem.fr\/wp-content\/uploads\/2022\/03\/wipcave.jpg","type":"image\/jpeg"}],"twitter_card":"summary_large_image","twitter_misc":{"\u00c9crit par":"Ren\u00e9 Fix","Dur\u00e9e de lecture estim\u00e9e":"4 minutes"},"schema":{"@context":"https:\/\/schema.org","@graph":[{"@type":"WebSite","@id":"https:\/\/cavecaenem.fr\/#website","url":"https:\/\/cavecaenem.fr\/","name":"CaveCaenem","description":"L\u2019actualit\u00e9 caennaise en toute subjectivit\u00e9.","publisher":{"@id":"https:\/\/cavecaenem.fr\/#\/schema\/person\/8adecaca43e137acf11e776d28d1e734"},"potentialAction":[{"@type":"SearchAction","target":{"@type":"EntryPoint","urlTemplate":"https:\/\/cavecaenem.fr\/?s={search_term_string}"},"query-input":"required name=search_term_string"}],"inLanguage":"fr-FR"},{"@type":"ImageObject","@id":"https:\/\/cavecaenem.fr\/index.php\/2022\/03\/05\/letrange-cas-de-mr-blackmoon-et-du-dr-lde\/#primaryimage","inLanguage":"fr-FR","url":"https:\/\/cavecaenem.fr\/wp-content\/uploads\/2022\/03\/wipcave.jpg","contentUrl":"https:\/\/cavecaenem.fr\/wp-content\/uploads\/2022\/03\/wipcave.jpg","width":952,"height":450},{"@type":"WebPage","@id":"https:\/\/cavecaenem.fr\/index.php\/2022\/03\/05\/letrange-cas-de-mr-blackmoon-et-du-dr-lde\/#webpage","url":"https:\/\/cavecaenem.fr\/index.php\/2022\/03\/05\/letrange-cas-de-mr-blackmoon-et-du-dr-lde\/","name":"L'\u00e9trange cas de Mr BlackMoon et du dr LDE ... - CaveCaenem","isPartOf":{"@id":"https:\/\/cavecaenem.fr\/#website"},"primaryImageOfPage":{"@id":"https:\/\/cavecaenem.fr\/index.php\/2022\/03\/05\/letrange-cas-de-mr-blackmoon-et-du-dr-lde\/#primaryimage"},"datePublished":"2022-03-05T11:05:35+00:00","dateModified":"2022-03-05T11:05:36+00:00","breadcrumb":{"@id":"https:\/\/cavecaenem.fr\/index.php\/2022\/03\/05\/letrange-cas-de-mr-blackmoon-et-du-dr-lde\/#breadcrumb"},"inLanguage":"fr-FR","potentialAction":[{"@type":"ReadAction","target":["https:\/\/cavecaenem.fr\/index.php\/2022\/03\/05\/letrange-cas-de-mr-blackmoon-et-du-dr-lde\/"]}]},{"@type":"BreadcrumbList","@id":"https:\/\/cavecaenem.fr\/index.php\/2022\/03\/05\/letrange-cas-de-mr-blackmoon-et-du-dr-lde\/#breadcrumb","itemListElement":[{"@type":"ListItem","position":1,"name":"Accueil","item":"https:\/\/cavecaenem.fr\/"},{"@type":"ListItem","position":2,"name":"L&#8217;\u00e9trange cas de Mr BlackMoon et du dr LDE &#8230;"}]},{"@type":"Article","@id":"https:\/\/cavecaenem.fr\/index.php\/2022\/03\/05\/letrange-cas-de-mr-blackmoon-et-du-dr-lde\/#article","isPartOf":{"@id":"https:\/\/cavecaenem.fr\/index.php\/2022\/03\/05\/letrange-cas-de-mr-blackmoon-et-du-dr-lde\/#webpage"},"author":{"@id":"https:\/\/cavecaenem.fr\/#\/schema\/person\/8adecaca43e137acf11e776d28d1e734"},"headline":"L&#8217;\u00e9trange cas de Mr BlackMoon et du dr LDE &#8230;","datePublished":"2022-03-05T11:05:35+00:00","dateModified":"2022-03-05T11:05:36+00:00","mainEntityOfPage":{"@id":"https:\/\/cavecaenem.fr\/index.php\/2022\/03\/05\/letrange-cas-de-mr-blackmoon-et-du-dr-lde\/#webpage"},"wordCount":1006,"commentCount":0,"publisher":{"@id":"https:\/\/cavecaenem.fr\/#\/schema\/person\/8adecaca43e137acf11e776d28d1e734"},"image":{"@id":"https:\/\/cavecaenem.fr\/index.php\/2022\/03\/05\/letrange-cas-de-mr-blackmoon-et-du-dr-lde\/#primaryimage"},"thumbnailUrl":"https:\/\/cavecaenem.fr\/wp-content\/uploads\/2022\/03\/wipcave.jpg","articleSection":["La Nuit"],"inLanguage":"fr-FR","potentialAction":[{"@type":"CommentAction","name":"Comment","target":["https:\/\/cavecaenem.fr\/index.php\/2022\/03\/05\/letrange-cas-de-mr-blackmoon-et-du-dr-lde\/#respond"]}]},{"@type":["Person","Organization"],"@id":"https:\/\/cavecaenem.fr\/#\/schema\/person\/8adecaca43e137acf11e776d28d1e734","name":"Ren\u00e9 Fix","image":{"@type":"ImageObject","@id":"https:\/\/cavecaenem.fr\/#personlogo","inLanguage":"fr-FR","url":"https:\/\/secure.gravatar.com\/avatar\/b49591d8c60f351185d7719fe6f34144?s=96&d=mm&r=g","contentUrl":"https:\/\/secure.gravatar.com\/avatar\/b49591d8c60f351185d7719fe6f34144?s=96&d=mm&r=g","caption":"Ren\u00e9 Fix"},"logo":{"@id":"https:\/\/cavecaenem.fr\/#personlogo"}}]}},"jetpack_featured_media_url":"https:\/\/cavecaenem.fr\/wp-content\/uploads\/2022\/03\/wipcave.jpg","_links":{"self":[{"href":"https:\/\/cavecaenem.fr\/index.php\/wp-json\/wp\/v2\/posts\/547"}],"collection":[{"href":"https:\/\/cavecaenem.fr\/index.php\/wp-json\/wp\/v2\/posts"}],"about":[{"href":"https:\/\/cavecaenem.fr\/index.php\/wp-json\/wp\/v2\/types\/post"}],"author":[{"embeddable":true,"href":"https:\/\/cavecaenem.fr\/index.php\/wp-json\/wp\/v2\/users\/1"}],"replies":[{"embeddable":true,"href":"https:\/\/cavecaenem.fr\/index.php\/wp-json\/wp\/v2\/comments?post=547"}],"version-history":[{"count":1,"href":"https:\/\/cavecaenem.fr\/index.php\/wp-json\/wp\/v2\/posts\/547\/revisions"}],"predecessor-version":[{"id":549,"href":"https:\/\/cavecaenem.fr\/index.php\/wp-json\/wp\/v2\/posts\/547\/revisions\/549"}],"wp:featuredmedia":[{"embeddable":true,"href":"https:\/\/cavecaenem.fr\/index.php\/wp-json\/wp\/v2\/media\/548"}],"wp:attachment":[{"href":"https:\/\/cavecaenem.fr\/index.php\/wp-json\/wp\/v2\/media?parent=547"}],"wp:term":[{"taxonomy":"category","embeddable":true,"href":"https:\/\/cavecaenem.fr\/index.php\/wp-json\/wp\/v2\/categories?post=547"},{"taxonomy":"post_tag","embeddable":true,"href":"https:\/\/cavecaenem.fr\/index.php\/wp-json\/wp\/v2\/tags?post=547"}],"curies":[{"name":"wp","href":"https:\/\/api.w.org\/{rel}","templated":true}]}}