{"id":557,"date":"2022-03-26T19:47:06","date_gmt":"2022-03-26T18:47:06","guid":{"rendered":"https:\/\/cavecaenem.fr\/?p=557"},"modified":"2022-03-26T19:47:07","modified_gmt":"2022-03-26T18:47:07","slug":"uhme-cest-a-sa-maniere-le-spectacle-des-enfants-de-nordik","status":"publish","type":"post","link":"https:\/\/cavecaenem.fr\/index.php\/2022\/03\/26\/uhme-cest-a-sa-maniere-le-spectacle-des-enfants-de-nordik\/","title":{"rendered":"uHME :  &#8221; c&#8217;est, \u00e0 sa mani\u00e8re, le spectacle des enfants de N\u00f6rdik&#8230;&#8221;"},"content":{"rendered":"\n<p><strong>Cave caenem : <\/strong><em>uHME commence \u00e0 appara\u00eetre sur les r\u00e9seaux sociaux, mais entre uHME et uHME\u2019s night, on peine un peu \u00e0 comprendre le concept \u2026.<\/em><\/p>\n\n\n\n<p><strong>Ren\u00e9 Fix : <\/strong>La cr\u00e9ation du spectacle uHME est pour nous l\u2019occasion d\u2019une f\u00eate et cette f\u00eate c\u2019est notre uHME\u2019s night. Plut\u00f4t que de rester entre nous, \u00e0 l\u2019issue de la repr\u00e9sentation, on s\u2019est dit que ce serait plus sympa de voir un peu plus grand, et quitte \u00e0 \u00eatre en r\u00e9sidence au Carg\u00f6, autant profiter de la petite salle pour la traditionnelle f\u00eate de \u201cpremi\u00e8re\u201d ! En plus AEven et A222 nous rejoignent pour \u201cambiancer\u201d le tout avec une proposition plus que stimulante : nous faire voyager dans ce qu\u2019ils imaginent \u00eatre les \u201csons\u201d electro de demain. En fait, le concept est simple : le 14 avril, c\u2019est un peu, pour nous, la f\u00eate des amoureux de la house, de la techno, de l\u2019electro, de toutes les musiques qui font les chroniques de votre blog \u2026.<\/p>\n\n\n\n<p><strong>Cave caenem : <\/strong><em>Justement, vous ne craignez pas un peu le risque de vous adresser exclusivement&nbsp; aux amateurs de ces musiques ?<\/em><\/p>\n\n\n\n<p><strong>Ren\u00e9 Fix : <\/strong>Avec uHME nous faisons le pari contraire, celui de cr\u00e9er une forme in\u00e9dite autour des musiques que nous aimons, de nous adresser \u00e0 tous, de faire un spectacle \u201cpopulaire\u201d en quelque sorte, un spectacle qui parlera, je l\u2019esp\u00e8re, aux initi\u00e9(e)s mais aussi, et peut-\u00eatre surtout, \u00e0 celles et ceux qui n\u2019y connaissent pas grand chose ou qui parfois, font semblant. Vous savez, ces personnes qui, en plein &#8220;live&#8221;, vous demandent s\u2019il va y avoir Daft Punk ? ( exp\u00e9rience v\u00e9cue au Portobello r\u00e9cemment). En fait, uHME est une invitation \u00e0 \u00e9couter diff\u00e9remment ces musiques, ou mieux encore de les \u00e9couter comme de la musique \u00e0 part enti\u00e8re et non plus comme un simple pr\u00e9texte pour faire la f\u00eate.&nbsp;&nbsp;<\/p>\n\n\n\n<p><strong>Cave caenem : <\/strong><em>Mais la f\u00eate est une activit\u00e9 tr\u00e8s s\u00e9rieuse, non ?<\/em><\/p>\n\n\n\n<p><strong>Ren\u00e9 Fix : <\/strong>Justement, c\u2019est parce que toute l\u2019\u00e9quipe de cr\u00e9ation pense que la f\u00eate peut et doit \u00eatre une exp\u00e9rience artistique \u00e0 part enti\u00e8re que nous mettons toute notre \u00e9nergie \u00e0 construire uHME. En partageant, durant une heure et quart l\u2019intimit\u00e9 musicale de deux musiciennes dj ( Z\u00e9lie et SPRNS), il s\u2019agit tout simplement d\u2019entrer un peu dans l\u2019arri\u00e8re-cuisine des soir\u00e9es \u201c\u00e9lectro\u201d, de mieux comprendre l\u2019origine, la construction d\u2019un track, d\u2019un encha\u00eenement, de nous rappeler que ces musiques ont d\u00e9sormais une histoire. C\u2019est un peu comme avec la bi\u00e8re ou le vin, on peut en boire pour s\u2019enivrer, mais on peut aussi d\u00e9guster, et pour d\u00e9guster il faut des cl\u00e9s, des portes d\u2019entr\u00e9e \u2026 Le go\u00fbt est une question culturelle. A l\u2019issue du spectacle, pour les plus novices, nous esp\u00e9rons avoir apport\u00e9 quelques \u201ccl\u00e9s\u201d d\u2019\u00e9coute, et pour les amateurs-militants, nous esp\u00e9rons avoir rendu dignement justice \u00e0 leur passion.&nbsp;<\/p>\n\n\n\n<p><strong>Cave caenem : <\/strong><em>Mais alors uHME, c\u2019est un spectacle ou une conf\u00e9rence ?<\/em><\/p>\n\n\n\n<p><strong>Ren\u00e9 Fix : <\/strong>C\u2019est un spectacle \u00e0 part enti\u00e8re, avec les codes du spectacle, c&#8217;est-\u00e0 dire un d\u00e9but ( ne ratez pas le d\u00e9but, c\u2019est \u00e0 20H 30 !) et une fin. Je viens du th\u00e9\u00e2tre, ma v\u00e9ritable l\u00e9gitimit\u00e9 artistique ne vient pas de la musique mais du th\u00e9\u00e2tre. uHME c\u2019est le d\u00e9sir de conjuguer une passion ( les musiques \u00e9lectroniques) et un art, celui du spectacle th\u00e9\u00e2tral. La dimension\u201d conf\u00e9rence\u201d est toute enti\u00e8re dans l\u2019intrigue elle-m\u00eame. Pour d\u00e9voiler un peu le \u201cpitch\u201d du spectacle je pourrais dire qu\u2019il s\u2019agit de deux jeunes musiciennes qui acceptent enfin l\u2019\u00e9trange invitation de uHME, une simple connaissance de \u201cr\u00e9seaux\u201d et qui est en r\u00e9alit\u00e9 une intelligence artificielle. Elles se retrouvent sur une sc\u00e8ne vide mais am\u00e9nag\u00e9e pour une soir\u00e9e musicale et de l\u00e0 s\u2019installe une \u00e9trange complicit\u00e9 avec ce nouveau \u201cpote num\u00e9rique\u201d qui voudrait apprendre \u00e0 \u2026aimer ! Toute la dynamique th\u00e9\u00e2trale d\u00e9bute par ce simple huis-clos !<\/p>\n\n\n\n<p><strong>Cave caenem : <\/strong><em>uHME est donc un personnage virtuel ?<\/em><\/p>\n\n\n\n<p><strong>Ren\u00e9 Fix : <\/strong>uHme est un personnage \u00e0 part enti\u00e8re, et gr\u00e2ce au travail plastique d\u2019Anthony Lebrun, sa pr\u00e9sence va se mat\u00e9rialiser sous la forme d\u2019un \u201cbrouillard\u201d video tandis que Pablo Geleoc se chargera de l\u2019animer intellectuellement. Sans eux, sans leur travail, uHME ne serait qu\u2019une id\u00e9e\u2026<\/p>\n\n\n\n<p><strong>Cave caenem :<\/strong><strong><em> <\/em><\/strong><em>Mais sur sc\u00e8ne il y aura deux \u2026musiciennes ! Pourquoi ce choix ?<\/em><\/p>\n\n\n\n<p><strong>Ren\u00e9 Fix : <\/strong>Je tenais \u00e0 ce que ce spectacle soit un \u201c\u00e9crin\u201d pour des artistes que je connais et dont je suis le travail depuis longtemps. Il se trouve que ce sont deux filles et dans un univers encore tr\u00e8s ( trop) masculin, je suis content de le faire, naturellement, avec et pour elles. Si cela appara\u00eet comme un manifeste f\u00e9ministe, why not mais le point de d\u00e9part est une reconnaissance artistique ! uHME&nbsp; c\u2019est, \u00e0 sa mani\u00e8re, le spectacle des enfants de \u201cN\u00f6rdik\u201d, c\u2019est \u00e0 dire l\u2019affirmation d\u2019une g\u00e9n\u00e9ration d\u2019artistes qui sont n\u00e9(e)s dans le sillage de la dynamique de ce festival.&nbsp; Le pr\u00e9senter ( et le cr\u00e9er ) au Carg\u00f6 est donc naturel et \u00e9vident pour nous et cela exige que nous soyons \u00e0&nbsp; la hauteur de cet h\u00e9ritage.&nbsp; Voil\u00e0 pr\u00e8s de deux ans que je r\u00e9unis autour de ce projet des personnalit\u00e9s, je les r\u00e9unis mais je ne les dirige pas ! Je tente, modestement, de leur offrir une nouvelle mani\u00e8re de s\u2019exprimer en veillant \u00e0 \u00eatre le garant de la coh\u00e9rence dramatique de l\u2019ensemble. uHME est une cr\u00e9ation \u201ccollaborative\u201d qui se veut respectueuse des apports artistiques de chacun et ce jusque dans la communication m\u00eame du spectacle qui doit tant \u00e0 PolarX ( DJ incontournable par ailleurs) et qui nous a rejoint pour cette \u00e9tape ultime.&nbsp;<\/p>\n\n\n\n<p><strong>Cave caenem : <\/strong><em>On peut donc consid\u00e9rer uHME comme un manifeste de la \u201c Caen techno quality way of life \u201c ?<\/em><\/p>\n\n\n\n<p><strong>Ren\u00e9 Fix <\/strong>: Un spectacle n\u2019est jamais un manifeste, c\u2019est juste une d\u00e9claration d\u2019amour ! Il y a toujours un risque \u00e0 d\u00e9clarer son amour, celui du \u201cgadin\u201d, du refus, de l\u2019indiff\u00e9rence\u2026 \u00c0 deux semaines de la premi\u00e8re, nos nuits sont celles des amoureux qui esp\u00e8rent et qui craignent \u00e0 la fois, mais l\u2019\u00e9nergie qui nous unit est celle que nous donne l\u2019amour et la passion de cette musique. Si uHME est l\u2019acronyme d\u2019Une Histoire des Musiques \u00c9lectroniques, nous savons bien qu\u2019il nous est impossible d\u2019aborder compl\u00e8tement ce continent des musiques \u00e9lectroniques en entier. On pourra nous le reprocher ou le comprendre mais comme il est dit \u00e0 la fin de la Dame aux cam\u00e9lias, ce beau m\u00e9lo d\u2019 Alexandre Dumas-fils : \u201c Il te sera beaucoup pardonn\u00e9, parce que tu as beaucoup aim\u00e9 ! \u00bb. \u00c0 mon tour &nbsp;de vous poser une question, Cave caenem. Vous ne craignez pas pour votre cr\u00e9dibilit\u00e9 \u00e9ditoriale avec ce publi-reportage ?&nbsp;<\/p>\n\n\n\n<p><strong>Cave caenem : <\/strong><em>Ce blog, Cave caenem, existe pour rendre compte de l\u2019actualit\u00e9, de l\u2019actualit\u00e9 \u201celectro\u201d en priorit\u00e9, il \u00e9tait donc normal de m\u2019en charger ! Et puis ne dit-on pas qu\u2019on n\u2019est jamais mieux servi que par soi-m\u00eame ?&nbsp;<\/em><\/p>\n","protected":false},"excerpt":{"rendered":"<p>Cave caenem : uHME commence \u00e0 appara\u00eetre sur les r\u00e9seaux sociaux, mais entre uHME et uHME\u2019s night, on peine un peu \u00e0 comprendre le concept &#8230;<\/p>\n","protected":false},"author":1,"featured_media":558,"comment_status":"open","ping_status":"open","sticky":false,"template":"","format":"standard","meta":{"spay_email":""},"categories":[1],"tags":[],"yoast_head":"<!-- This site is optimized with the Yoast SEO plugin v17.7.1 - https:\/\/yoast.com\/wordpress\/plugins\/seo\/ -->\n<title>uHME : &quot; c&#039;est, \u00e0 sa mani\u00e8re, le spectacle des enfants de N\u00f6rdik...&quot; - CaveCaenem<\/title>\n<meta name=\"robots\" content=\"index, follow, max-snippet:-1, max-image-preview:large, max-video-preview:-1\" \/>\n<link rel=\"canonical\" href=\"https:\/\/cavecaenem.fr\/index.php\/2022\/03\/26\/uhme-cest-a-sa-maniere-le-spectacle-des-enfants-de-nordik\/\" \/>\n<meta property=\"og:locale\" content=\"fr_FR\" \/>\n<meta property=\"og:type\" content=\"article\" \/>\n<meta property=\"og:title\" content=\"uHME : &quot; c&#039;est, \u00e0 sa mani\u00e8re, le spectacle des enfants de N\u00f6rdik...&quot; - CaveCaenem\" \/>\n<meta property=\"og:description\" content=\"Cave caenem : uHME commence \u00e0 appara\u00eetre sur les r\u00e9seaux sociaux, mais entre uHME et uHME\u2019s night, on peine un peu \u00e0 comprendre le concept ...\" \/>\n<meta property=\"og:url\" content=\"https:\/\/cavecaenem.fr\/index.php\/2022\/03\/26\/uhme-cest-a-sa-maniere-le-spectacle-des-enfants-de-nordik\/\" \/>\n<meta property=\"og:site_name\" content=\"CaveCaenem\" \/>\n<meta property=\"article:published_time\" content=\"2022-03-26T18:47:06+00:00\" \/>\n<meta property=\"article:modified_time\" content=\"2022-03-26T18:47:07+00:00\" \/>\n<meta property=\"og:image\" content=\"https:\/\/cavecaenem.fr\/wp-content\/uploads\/2022\/03\/Uhme-20210317_tjv_02.jpg\" \/>\n\t<meta property=\"og:image:width\" content=\"1200\" \/>\n\t<meta property=\"og:image:height\" content=\"801\" \/>\n<meta name=\"twitter:card\" content=\"summary_large_image\" \/>\n<meta name=\"twitter:label1\" content=\"\u00c9crit par\" \/>\n\t<meta name=\"twitter:data1\" content=\"Ren\u00e9 Fix\" \/>\n\t<meta name=\"twitter:label2\" content=\"Dur\u00e9e de lecture estim\u00e9e\" \/>\n\t<meta name=\"twitter:data2\" content=\"5 minutes\" \/>\n<script type=\"application\/ld+json\" class=\"yoast-schema-graph\">{\"@context\":\"https:\/\/schema.org\",\"@graph\":[{\"@type\":\"WebSite\",\"@id\":\"https:\/\/cavecaenem.fr\/#website\",\"url\":\"https:\/\/cavecaenem.fr\/\",\"name\":\"CaveCaenem\",\"description\":\"L\\u2019actualit\\u00e9 caennaise en toute subjectivit\\u00e9.\",\"publisher\":{\"@id\":\"https:\/\/cavecaenem.fr\/#\/schema\/person\/8adecaca43e137acf11e776d28d1e734\"},\"potentialAction\":[{\"@type\":\"SearchAction\",\"target\":{\"@type\":\"EntryPoint\",\"urlTemplate\":\"https:\/\/cavecaenem.fr\/?s={search_term_string}\"},\"query-input\":\"required name=search_term_string\"}],\"inLanguage\":\"fr-FR\"},{\"@type\":\"ImageObject\",\"@id\":\"https:\/\/cavecaenem.fr\/index.php\/2022\/03\/26\/uhme-cest-a-sa-maniere-le-spectacle-des-enfants-de-nordik\/#primaryimage\",\"inLanguage\":\"fr-FR\",\"url\":\"https:\/\/cavecaenem.fr\/wp-content\/uploads\/2022\/03\/Uhme-20210317_tjv_02.jpg\",\"contentUrl\":\"https:\/\/cavecaenem.fr\/wp-content\/uploads\/2022\/03\/Uhme-20210317_tjv_02.jpg\",\"width\":1200,\"height\":801,\"caption\":\"UHME. Conception Ren\\u00e9 Fix. Avec: Lisa-Lisa et Z\\u00e9lie. R\\u00e9p\\u00e9tition au Cargo, Caen. 17 03 2021 \\u00a9Tristan Jeanne-Val\\u00e8s\"},{\"@type\":\"WebPage\",\"@id\":\"https:\/\/cavecaenem.fr\/index.php\/2022\/03\/26\/uhme-cest-a-sa-maniere-le-spectacle-des-enfants-de-nordik\/#webpage\",\"url\":\"https:\/\/cavecaenem.fr\/index.php\/2022\/03\/26\/uhme-cest-a-sa-maniere-le-spectacle-des-enfants-de-nordik\/\",\"name\":\"uHME : \\\" c'est, \\u00e0 sa mani\\u00e8re, le spectacle des enfants de N\\u00f6rdik...\\\" - CaveCaenem\",\"isPartOf\":{\"@id\":\"https:\/\/cavecaenem.fr\/#website\"},\"primaryImageOfPage\":{\"@id\":\"https:\/\/cavecaenem.fr\/index.php\/2022\/03\/26\/uhme-cest-a-sa-maniere-le-spectacle-des-enfants-de-nordik\/#primaryimage\"},\"datePublished\":\"2022-03-26T18:47:06+00:00\",\"dateModified\":\"2022-03-26T18:47:07+00:00\",\"breadcrumb\":{\"@id\":\"https:\/\/cavecaenem.fr\/index.php\/2022\/03\/26\/uhme-cest-a-sa-maniere-le-spectacle-des-enfants-de-nordik\/#breadcrumb\"},\"inLanguage\":\"fr-FR\",\"potentialAction\":[{\"@type\":\"ReadAction\",\"target\":[\"https:\/\/cavecaenem.fr\/index.php\/2022\/03\/26\/uhme-cest-a-sa-maniere-le-spectacle-des-enfants-de-nordik\/\"]}]},{\"@type\":\"BreadcrumbList\",\"@id\":\"https:\/\/cavecaenem.fr\/index.php\/2022\/03\/26\/uhme-cest-a-sa-maniere-le-spectacle-des-enfants-de-nordik\/#breadcrumb\",\"itemListElement\":[{\"@type\":\"ListItem\",\"position\":1,\"name\":\"Accueil\",\"item\":\"https:\/\/cavecaenem.fr\/\"},{\"@type\":\"ListItem\",\"position\":2,\"name\":\"uHME : &#8221; c&#8217;est, \\u00e0 sa mani\\u00e8re, le spectacle des enfants de N\\u00f6rdik&#8230;&#8221;\"}]},{\"@type\":\"Article\",\"@id\":\"https:\/\/cavecaenem.fr\/index.php\/2022\/03\/26\/uhme-cest-a-sa-maniere-le-spectacle-des-enfants-de-nordik\/#article\",\"isPartOf\":{\"@id\":\"https:\/\/cavecaenem.fr\/index.php\/2022\/03\/26\/uhme-cest-a-sa-maniere-le-spectacle-des-enfants-de-nordik\/#webpage\"},\"author\":{\"@id\":\"https:\/\/cavecaenem.fr\/#\/schema\/person\/8adecaca43e137acf11e776d28d1e734\"},\"headline\":\"uHME : &#8221; c&#8217;est, \\u00e0 sa mani\\u00e8re, le spectacle des enfants de N\\u00f6rdik&#8230;&#8221;\",\"datePublished\":\"2022-03-26T18:47:06+00:00\",\"dateModified\":\"2022-03-26T18:47:07+00:00\",\"mainEntityOfPage\":{\"@id\":\"https:\/\/cavecaenem.fr\/index.php\/2022\/03\/26\/uhme-cest-a-sa-maniere-le-spectacle-des-enfants-de-nordik\/#webpage\"},\"wordCount\":1262,\"commentCount\":0,\"publisher\":{\"@id\":\"https:\/\/cavecaenem.fr\/#\/schema\/person\/8adecaca43e137acf11e776d28d1e734\"},\"image\":{\"@id\":\"https:\/\/cavecaenem.fr\/index.php\/2022\/03\/26\/uhme-cest-a-sa-maniere-le-spectacle-des-enfants-de-nordik\/#primaryimage\"},\"thumbnailUrl\":\"https:\/\/cavecaenem.fr\/wp-content\/uploads\/2022\/03\/Uhme-20210317_tjv_02.jpg\",\"articleSection\":[\"La Nuit\"],\"inLanguage\":\"fr-FR\",\"potentialAction\":[{\"@type\":\"CommentAction\",\"name\":\"Comment\",\"target\":[\"https:\/\/cavecaenem.fr\/index.php\/2022\/03\/26\/uhme-cest-a-sa-maniere-le-spectacle-des-enfants-de-nordik\/#respond\"]}]},{\"@type\":[\"Person\",\"Organization\"],\"@id\":\"https:\/\/cavecaenem.fr\/#\/schema\/person\/8adecaca43e137acf11e776d28d1e734\",\"name\":\"Ren\\u00e9 Fix\",\"image\":{\"@type\":\"ImageObject\",\"@id\":\"https:\/\/cavecaenem.fr\/#personlogo\",\"inLanguage\":\"fr-FR\",\"url\":\"https:\/\/secure.gravatar.com\/avatar\/b49591d8c60f351185d7719fe6f34144?s=96&d=mm&r=g\",\"contentUrl\":\"https:\/\/secure.gravatar.com\/avatar\/b49591d8c60f351185d7719fe6f34144?s=96&d=mm&r=g\",\"caption\":\"Ren\\u00e9 Fix\"},\"logo\":{\"@id\":\"https:\/\/cavecaenem.fr\/#personlogo\"}}]}<\/script>\n<!-- \/ Yoast SEO plugin. -->","yoast_head_json":{"title":"uHME : \" c'est, \u00e0 sa mani\u00e8re, le spectacle des enfants de N\u00f6rdik...\" - CaveCaenem","robots":{"index":"index","follow":"follow","max-snippet":"max-snippet:-1","max-image-preview":"max-image-preview:large","max-video-preview":"max-video-preview:-1"},"canonical":"https:\/\/cavecaenem.fr\/index.php\/2022\/03\/26\/uhme-cest-a-sa-maniere-le-spectacle-des-enfants-de-nordik\/","og_locale":"fr_FR","og_type":"article","og_title":"uHME : \" c'est, \u00e0 sa mani\u00e8re, le spectacle des enfants de N\u00f6rdik...\" - CaveCaenem","og_description":"Cave caenem : uHME commence \u00e0 appara\u00eetre sur les r\u00e9seaux sociaux, mais entre uHME et uHME\u2019s night, on peine un peu \u00e0 comprendre le concept ...","og_url":"https:\/\/cavecaenem.fr\/index.php\/2022\/03\/26\/uhme-cest-a-sa-maniere-le-spectacle-des-enfants-de-nordik\/","og_site_name":"CaveCaenem","article_published_time":"2022-03-26T18:47:06+00:00","article_modified_time":"2022-03-26T18:47:07+00:00","og_image":[{"width":1200,"height":801,"url":"https:\/\/cavecaenem.fr\/wp-content\/uploads\/2022\/03\/Uhme-20210317_tjv_02.jpg","type":"image\/jpeg"}],"twitter_card":"summary_large_image","twitter_misc":{"\u00c9crit par":"Ren\u00e9 Fix","Dur\u00e9e de lecture estim\u00e9e":"5 minutes"},"schema":{"@context":"https:\/\/schema.org","@graph":[{"@type":"WebSite","@id":"https:\/\/cavecaenem.fr\/#website","url":"https:\/\/cavecaenem.fr\/","name":"CaveCaenem","description":"L\u2019actualit\u00e9 caennaise en toute subjectivit\u00e9.","publisher":{"@id":"https:\/\/cavecaenem.fr\/#\/schema\/person\/8adecaca43e137acf11e776d28d1e734"},"potentialAction":[{"@type":"SearchAction","target":{"@type":"EntryPoint","urlTemplate":"https:\/\/cavecaenem.fr\/?s={search_term_string}"},"query-input":"required name=search_term_string"}],"inLanguage":"fr-FR"},{"@type":"ImageObject","@id":"https:\/\/cavecaenem.fr\/index.php\/2022\/03\/26\/uhme-cest-a-sa-maniere-le-spectacle-des-enfants-de-nordik\/#primaryimage","inLanguage":"fr-FR","url":"https:\/\/cavecaenem.fr\/wp-content\/uploads\/2022\/03\/Uhme-20210317_tjv_02.jpg","contentUrl":"https:\/\/cavecaenem.fr\/wp-content\/uploads\/2022\/03\/Uhme-20210317_tjv_02.jpg","width":1200,"height":801,"caption":"UHME. Conception Ren\u00e9 Fix. Avec: Lisa-Lisa et Z\u00e9lie. R\u00e9p\u00e9tition au Cargo, Caen. 17 03 2021 \u00a9Tristan Jeanne-Val\u00e8s"},{"@type":"WebPage","@id":"https:\/\/cavecaenem.fr\/index.php\/2022\/03\/26\/uhme-cest-a-sa-maniere-le-spectacle-des-enfants-de-nordik\/#webpage","url":"https:\/\/cavecaenem.fr\/index.php\/2022\/03\/26\/uhme-cest-a-sa-maniere-le-spectacle-des-enfants-de-nordik\/","name":"uHME : \" c'est, \u00e0 sa mani\u00e8re, le spectacle des enfants de N\u00f6rdik...\" - CaveCaenem","isPartOf":{"@id":"https:\/\/cavecaenem.fr\/#website"},"primaryImageOfPage":{"@id":"https:\/\/cavecaenem.fr\/index.php\/2022\/03\/26\/uhme-cest-a-sa-maniere-le-spectacle-des-enfants-de-nordik\/#primaryimage"},"datePublished":"2022-03-26T18:47:06+00:00","dateModified":"2022-03-26T18:47:07+00:00","breadcrumb":{"@id":"https:\/\/cavecaenem.fr\/index.php\/2022\/03\/26\/uhme-cest-a-sa-maniere-le-spectacle-des-enfants-de-nordik\/#breadcrumb"},"inLanguage":"fr-FR","potentialAction":[{"@type":"ReadAction","target":["https:\/\/cavecaenem.fr\/index.php\/2022\/03\/26\/uhme-cest-a-sa-maniere-le-spectacle-des-enfants-de-nordik\/"]}]},{"@type":"BreadcrumbList","@id":"https:\/\/cavecaenem.fr\/index.php\/2022\/03\/26\/uhme-cest-a-sa-maniere-le-spectacle-des-enfants-de-nordik\/#breadcrumb","itemListElement":[{"@type":"ListItem","position":1,"name":"Accueil","item":"https:\/\/cavecaenem.fr\/"},{"@type":"ListItem","position":2,"name":"uHME : &#8221; c&#8217;est, \u00e0 sa mani\u00e8re, le spectacle des enfants de N\u00f6rdik&#8230;&#8221;"}]},{"@type":"Article","@id":"https:\/\/cavecaenem.fr\/index.php\/2022\/03\/26\/uhme-cest-a-sa-maniere-le-spectacle-des-enfants-de-nordik\/#article","isPartOf":{"@id":"https:\/\/cavecaenem.fr\/index.php\/2022\/03\/26\/uhme-cest-a-sa-maniere-le-spectacle-des-enfants-de-nordik\/#webpage"},"author":{"@id":"https:\/\/cavecaenem.fr\/#\/schema\/person\/8adecaca43e137acf11e776d28d1e734"},"headline":"uHME : &#8221; c&#8217;est, \u00e0 sa mani\u00e8re, le spectacle des enfants de N\u00f6rdik&#8230;&#8221;","datePublished":"2022-03-26T18:47:06+00:00","dateModified":"2022-03-26T18:47:07+00:00","mainEntityOfPage":{"@id":"https:\/\/cavecaenem.fr\/index.php\/2022\/03\/26\/uhme-cest-a-sa-maniere-le-spectacle-des-enfants-de-nordik\/#webpage"},"wordCount":1262,"commentCount":0,"publisher":{"@id":"https:\/\/cavecaenem.fr\/#\/schema\/person\/8adecaca43e137acf11e776d28d1e734"},"image":{"@id":"https:\/\/cavecaenem.fr\/index.php\/2022\/03\/26\/uhme-cest-a-sa-maniere-le-spectacle-des-enfants-de-nordik\/#primaryimage"},"thumbnailUrl":"https:\/\/cavecaenem.fr\/wp-content\/uploads\/2022\/03\/Uhme-20210317_tjv_02.jpg","articleSection":["La Nuit"],"inLanguage":"fr-FR","potentialAction":[{"@type":"CommentAction","name":"Comment","target":["https:\/\/cavecaenem.fr\/index.php\/2022\/03\/26\/uhme-cest-a-sa-maniere-le-spectacle-des-enfants-de-nordik\/#respond"]}]},{"@type":["Person","Organization"],"@id":"https:\/\/cavecaenem.fr\/#\/schema\/person\/8adecaca43e137acf11e776d28d1e734","name":"Ren\u00e9 Fix","image":{"@type":"ImageObject","@id":"https:\/\/cavecaenem.fr\/#personlogo","inLanguage":"fr-FR","url":"https:\/\/secure.gravatar.com\/avatar\/b49591d8c60f351185d7719fe6f34144?s=96&d=mm&r=g","contentUrl":"https:\/\/secure.gravatar.com\/avatar\/b49591d8c60f351185d7719fe6f34144?s=96&d=mm&r=g","caption":"Ren\u00e9 Fix"},"logo":{"@id":"https:\/\/cavecaenem.fr\/#personlogo"}}]}},"jetpack_featured_media_url":"https:\/\/cavecaenem.fr\/wp-content\/uploads\/2022\/03\/Uhme-20210317_tjv_02.jpg","_links":{"self":[{"href":"https:\/\/cavecaenem.fr\/index.php\/wp-json\/wp\/v2\/posts\/557"}],"collection":[{"href":"https:\/\/cavecaenem.fr\/index.php\/wp-json\/wp\/v2\/posts"}],"about":[{"href":"https:\/\/cavecaenem.fr\/index.php\/wp-json\/wp\/v2\/types\/post"}],"author":[{"embeddable":true,"href":"https:\/\/cavecaenem.fr\/index.php\/wp-json\/wp\/v2\/users\/1"}],"replies":[{"embeddable":true,"href":"https:\/\/cavecaenem.fr\/index.php\/wp-json\/wp\/v2\/comments?post=557"}],"version-history":[{"count":1,"href":"https:\/\/cavecaenem.fr\/index.php\/wp-json\/wp\/v2\/posts\/557\/revisions"}],"predecessor-version":[{"id":559,"href":"https:\/\/cavecaenem.fr\/index.php\/wp-json\/wp\/v2\/posts\/557\/revisions\/559"}],"wp:featuredmedia":[{"embeddable":true,"href":"https:\/\/cavecaenem.fr\/index.php\/wp-json\/wp\/v2\/media\/558"}],"wp:attachment":[{"href":"https:\/\/cavecaenem.fr\/index.php\/wp-json\/wp\/v2\/media?parent=557"}],"wp:term":[{"taxonomy":"category","embeddable":true,"href":"https:\/\/cavecaenem.fr\/index.php\/wp-json\/wp\/v2\/categories?post=557"},{"taxonomy":"post_tag","embeddable":true,"href":"https:\/\/cavecaenem.fr\/index.php\/wp-json\/wp\/v2\/tags?post=557"}],"curies":[{"name":"wp","href":"https:\/\/api.w.org\/{rel}","templated":true}]}}