{"id":561,"date":"2022-04-09T10:14:36","date_gmt":"2022-04-09T08:14:36","guid":{"rendered":"https:\/\/cavecaenem.fr\/?p=561"},"modified":"2022-04-09T10:14:37","modified_gmt":"2022-04-09T08:14:37","slug":"a-lheure-ou-les-chars-defilent","status":"publish","type":"post","link":"https:\/\/cavecaenem.fr\/index.php\/2022\/04\/09\/a-lheure-ou-les-chars-defilent\/","title":{"rendered":"\u00c0 l&#8217;heure o\u00f9 les chars d\u00e9filent &#8230;"},"content":{"rendered":"\n<p>Carnaval Techno, Fulgeance et Deslias \u2026.<\/p>\n\n\n\n<p>On nous dit que la plus grosse arm\u00e9e estudiantine d\u2019Europe vient, une fois encore, de se lever \u00e0 Caen.&nbsp; 35 000 jeunes qui d\u00e9filent derri\u00e8re des chars, sous l\u2019in\u00e9dit et saint patronage d\u2019Orelsan, l\u2019enfant du pays qui devait certainement revivre des \u00e9pisodes de sa jeunesse caennaise. On est loin de la dimension transgressive et mordante des carnavals m\u00e9di\u00e9vaux, mais qu\u2019importe, le printemps, cette ann\u00e9e apr\u00e8s deux ann\u00e9es Covid, semble avoir un parfum in\u00e9dit :&nbsp; les bacchanales plus ou moins \u00e9thyliques, les d\u00e9guisements plus ou moins commerciaux, les r\u00e9veils plus ou moins romantiques, on s\u2019en moque ! Le printemps est l\u00e0 et \u00e7a bourgeonne de partout\u2026. Il est des chars en ville qu\u2019on a envie de suivre \u00e0 l\u2019heure o\u00f9 d\u2019autres en \u00e9vitent des plus meurtriers.&nbsp;<\/p>\n\n\n\n<p>Un \u201cafter\u201d g\u00e9n\u00e9reux au Camino\u2026<\/p>\n\n\n\n<p>Au rayon purement \u201celectro\u201d, il ne fallait pas manquer SPRNS sur son char ( attention au placement-produit uHME\u2026) et, plus loin de la folie du parc expo,&nbsp; la belle et g\u00e9n\u00e9reuse initiative de Black Moon au Camino. Intitul\u00e9e sobrement Carnaval techno, la soir\u00e9e d\u00e9butait \u00e0 18h et investissait la petite sc\u00e8ne du bar le plus cosy de Vaucelles. La fr\u00e9n\u00e9sie des derni\u00e8res \u00e9tapes de r\u00e9p\u00e9titions de uHME me force \u00e0 \u00eatre raisonnable mais la curiosit\u00e9 est plus forte aussi. D\u00e8s 19 h une foule joviale, d\u00e9guis\u00e9e ou pas, se pourl\u00e8che les oreilles ( je me l\u00e2che un peu dans la m\u00e9taphore hasardeuse\u2026) au son d\u2019une techno qui n\u2019est plus du tout en mode warm up ! Deux gros projos-led suffisent \u00e0 ambiancer la salle qui reste plong\u00e9e dans une obscurit\u00e9 qui lui convient bien et c\u2019est parti ! On entre, on sort, on discute, on danse, en toute fluidit\u00e9 et cela confirme le haut potentiel de \u201ctechno-compatibilit\u00e9\u201d de ce lieu\u2026&nbsp; Peck, Polarx X, Ckurt, Kromysis, et Music scientist, des noms qu\u2019on ne pr\u00e9sente plus, si je donne dans la rh\u00e9torique Michel Drucker&nbsp; ( un enfant du pays, non ?) sur l\u2019affiche et le moins qu\u2019on puisse dire c\u2019est que l\u2019affiche est all\u00e9chante. Le contraste est dr\u00f4le entre le bar, o\u00f9 r\u00e8gne une ambiance tr\u00e8s rock baba cool et la cave et son d\u00e9cha\u00eenement de kicks aux bpm muscl\u00e9s ! Comme deux mondes qui cohabitent en toute tranquillit\u00e9, dans une bienveillante indiff\u00e9rence courtoise\u2026.<\/p>\n\n\n\n<p>Les enfants du pays au travail \u2026.<\/p>\n\n\n\n<p>Fulgeance et sa grammaire sonore minimaliste.<\/p>\n\n\n\n<p>\u00c0 propos des forces vives locales, je r\u00e9dige ce billet en \u00e9coutant avec grand int\u00e9r\u00eat le dernier disque de Fulgeance, tout juste disponible ce vendredi sur Qobuz, mon fournisseur officiel de nouveaut\u00e9s &#8220;\u00e9lectronique\u201d&nbsp; tous les vendredis. L\u2019album, au titre simple et efficace, se nomme Musique &amp; Boisson. 18 titres compos\u00e9s dans un m\u00eame esprit, entre easy leastening et groove minimaliste. Dans sa radicalit\u00e9 instrumentale, l\u2019album se livre avec la pudeur d\u2019une jeune lyc\u00e9enne \u00e0 sa premi\u00e8re sortie de \u2026carnaval. Il faut attendre Humour toujours pour que&nbsp; s\u2019\u00e9chappe une premi\u00e8re vir\u00e9e dance floor assum\u00e9e, mais toujours avec cette retenue technique et instrumentale, un peu comme une bo\u00eete \u00e0 rythme qui signerait son acte d\u2019\u00e9mancipation. Les titres sont courts et r\u00e9pondent \u00e0 des appellations po\u00e9tiques : M\u00e9squine, La p\u2019tite soeur,&nbsp; The wanker, Le spectacle du faucon. On ne sort jamais de cette enfance de l\u2019art \u00e9lectronique mais toujours avec une g\u00e9n\u00e9rosit\u00e9 m\u00e9lodique entrainante et dansante, une ironie acidul\u00e9e et mordante qui donne \u00e0 l\u2019ensemble de l\u2019album un d\u00e9licieux arri\u00e8re-go\u00fbt de&nbsp; \u201c revenez-y\u201d !<\/p>\n\n\n\n<p>Fr\u00e9d\u00e9ric Deslias&nbsp; au Studio 24 : l\u2019autopsie d\u2019un projet\u2026<\/p>\n\n\n\n<p>S\u2019il est un enfant du pays qui m\u00e9rite toute notre attention c\u2019est bien Fr\u00e9d\u00e9ric Deslias et sa compagnie Le Clair Obscur. Depuis des ann\u00e9es, Deslias m\u00e8ne un travail&nbsp; \u201cspectaculaire\u201d o\u00f9 se m\u00e9langent le th\u00e9\u00e2tre, la danse, la vid\u00e9o, la science\u2026 Avec une r\u00e9sidence de quinze jours au Studio 24 ( l\u2019ancien Panta th\u00e9\u00e2tre qui doit devenir pour la ville de Caen le nouveau laboratoire des arts vivants) il inaugurait ce lieu de la plus belle fa\u00e7on. Sortie de r\u00e9sidence donc, et non&nbsp; spectacle abouti ! Depuis un moment, Deslias illustre et commente, \u00e0 sa mani\u00e8re, les textes d\u2019 Alain Damasio. Pour cette nouvelle \u00e9tape,&nbsp; il a choisi de nous plonger dans une des fictions de son \u201ctypo\u00e8te\u201d pr\u00e9f\u00e9r\u00e9 : Le chamois des Alpes bondit. Comme toujours le dispositif sc\u00e9nique est d\u2019une rare intelligence dramatique et, en pla\u00e7ant les spectateurs aux deux angles inf\u00e9rieurs d\u2019un cube qui se ferme, \u00e0 l\u2019oppos\u00e9, par deux immenses panneaux blancs, il tient l\u00e0 un huis-clos d\u00e9tonnant dans lequel&nbsp; le public \u00e9pie le com\u00e9dien mais aussi les spectateurs d\u2019en face, un peu comme si nous \u00e9tions tous les sujets ou les orchestrateurs-scientifiques du spectacle. Un homme, en \u201cmarcel\u201d parle devant un micro et r\u00e9pond aux questions d\u2019une voix transmise par haut-parleur. Il parle ou plut\u00f4t se souvient, et, tr\u00e8s rapidement, se tissent les fragments d\u2019une catastrophe plus ou moins futuriste dans laquelle il est question de \u201cmeige\u201d, une neige qui contiendrait la m\u00e9moire d\u2019une population. On retrouve l\u00e0 l\u2019univers technico-po\u00e9tico-d\u00e9cliniste de Damasio qui n\u2019est certes pas ma \u201ccame\u201d fictionnelle mais dont la puissance politique et po\u00e9tique est indiscutable. Ce ne serait pas un spectacle de Deslias s\u2019il ne nous invitait pas, au sens propre du terme, \u00e0 assister \u00e0 une exp\u00e9rience de laboratoire ( ah les exp\u00e9riences de Milgram restent un redoutable m\u00e8tre-\u00e9talon en la mati\u00e8re ). Une laborantine aussi muette qu\u2019essentielle injecte alors \u00e0 l\u2019homme cette eau-m\u00e9moire et c\u2019est parti pour un voyage onirique et m\u00e9moriel. Sur sa table d\u2019autopsie, l\u2019homme parle, parle et se dessine derri\u00e8re lui, sur les fa\u00e7ades blanches des murs du fond, les pixels-neige d\u2019un souvenir, d\u2019une trace. Il faut presque plus de mots que d\u2019outils pour d\u00e9crire alors cette simple et intense condensation de l\u2019espace et du temps que Deslias parvient si justement \u00e0 cr\u00e9er. On peut \u00eatre saisi d\u2019horreur devant la fiction que propose Damasio, ou plus simplement accepter ce voyage onirique et presque mental que nous d\u00e9voile ce fragment de spectacle mais une chose est certaine, l\u2019exp\u00e9rience qui se livre et se tente devant nous est belle, tout simplement belle ! \u00c0 suivre, de toute urgence.<\/p>\n","protected":false},"excerpt":{"rendered":"<p>Carnaval Techno, Fulgeance et Deslias \u2026. On nous dit que la plus grosse arm\u00e9e estudiantine d\u2019Europe vient, une fois encore, de se lever \u00e0 Caen.&nbsp; &#8230;<\/p>\n","protected":false},"author":1,"featured_media":562,"comment_status":"open","ping_status":"open","sticky":false,"template":"","format":"standard","meta":{"spay_email":""},"categories":[1],"tags":[],"yoast_head":"<!-- This site is optimized with the Yoast SEO plugin v17.7.1 - https:\/\/yoast.com\/wordpress\/plugins\/seo\/ -->\n<title>\u00c0 l&#039;heure o\u00f9 les chars d\u00e9filent ... - CaveCaenem<\/title>\n<meta name=\"robots\" content=\"index, follow, max-snippet:-1, max-image-preview:large, max-video-preview:-1\" \/>\n<link rel=\"canonical\" href=\"https:\/\/cavecaenem.fr\/index.php\/2022\/04\/09\/a-lheure-ou-les-chars-defilent\/\" \/>\n<meta property=\"og:locale\" content=\"fr_FR\" \/>\n<meta property=\"og:type\" content=\"article\" \/>\n<meta property=\"og:title\" content=\"\u00c0 l&#039;heure o\u00f9 les chars d\u00e9filent ... - CaveCaenem\" \/>\n<meta property=\"og:description\" content=\"Carnaval Techno, Fulgeance et Deslias \u2026. On nous dit que la plus grosse arm\u00e9e estudiantine d\u2019Europe vient, une fois encore, de se lever \u00e0 Caen.&nbsp; ...\" \/>\n<meta property=\"og:url\" content=\"https:\/\/cavecaenem.fr\/index.php\/2022\/04\/09\/a-lheure-ou-les-chars-defilent\/\" \/>\n<meta property=\"og:site_name\" content=\"CaveCaenem\" \/>\n<meta property=\"article:published_time\" content=\"2022-04-09T08:14:36+00:00\" \/>\n<meta property=\"article:modified_time\" content=\"2022-04-09T08:14:37+00:00\" \/>\n<meta property=\"og:image\" content=\"https:\/\/cavecaenem.fr\/wp-content\/uploads\/2022\/04\/deslias.jpeg\" \/>\n\t<meta property=\"og:image:width\" content=\"980\" \/>\n\t<meta property=\"og:image:height\" content=\"1174\" \/>\n<meta name=\"twitter:card\" content=\"summary_large_image\" \/>\n<meta name=\"twitter:label1\" content=\"\u00c9crit par\" \/>\n\t<meta name=\"twitter:data1\" content=\"Ren\u00e9 Fix\" \/>\n\t<meta name=\"twitter:label2\" content=\"Dur\u00e9e de lecture estim\u00e9e\" \/>\n\t<meta name=\"twitter:data2\" content=\"5 minutes\" \/>\n<script type=\"application\/ld+json\" class=\"yoast-schema-graph\">{\"@context\":\"https:\/\/schema.org\",\"@graph\":[{\"@type\":\"WebSite\",\"@id\":\"https:\/\/cavecaenem.fr\/#website\",\"url\":\"https:\/\/cavecaenem.fr\/\",\"name\":\"CaveCaenem\",\"description\":\"L\\u2019actualit\\u00e9 caennaise en toute subjectivit\\u00e9.\",\"publisher\":{\"@id\":\"https:\/\/cavecaenem.fr\/#\/schema\/person\/8adecaca43e137acf11e776d28d1e734\"},\"potentialAction\":[{\"@type\":\"SearchAction\",\"target\":{\"@type\":\"EntryPoint\",\"urlTemplate\":\"https:\/\/cavecaenem.fr\/?s={search_term_string}\"},\"query-input\":\"required name=search_term_string\"}],\"inLanguage\":\"fr-FR\"},{\"@type\":\"ImageObject\",\"@id\":\"https:\/\/cavecaenem.fr\/index.php\/2022\/04\/09\/a-lheure-ou-les-chars-defilent\/#primaryimage\",\"inLanguage\":\"fr-FR\",\"url\":\"https:\/\/cavecaenem.fr\/wp-content\/uploads\/2022\/04\/deslias.jpeg\",\"contentUrl\":\"https:\/\/cavecaenem.fr\/wp-content\/uploads\/2022\/04\/deslias.jpeg\",\"width\":980,\"height\":1174},{\"@type\":\"WebPage\",\"@id\":\"https:\/\/cavecaenem.fr\/index.php\/2022\/04\/09\/a-lheure-ou-les-chars-defilent\/#webpage\",\"url\":\"https:\/\/cavecaenem.fr\/index.php\/2022\/04\/09\/a-lheure-ou-les-chars-defilent\/\",\"name\":\"\\u00c0 l'heure o\\u00f9 les chars d\\u00e9filent ... - CaveCaenem\",\"isPartOf\":{\"@id\":\"https:\/\/cavecaenem.fr\/#website\"},\"primaryImageOfPage\":{\"@id\":\"https:\/\/cavecaenem.fr\/index.php\/2022\/04\/09\/a-lheure-ou-les-chars-defilent\/#primaryimage\"},\"datePublished\":\"2022-04-09T08:14:36+00:00\",\"dateModified\":\"2022-04-09T08:14:37+00:00\",\"breadcrumb\":{\"@id\":\"https:\/\/cavecaenem.fr\/index.php\/2022\/04\/09\/a-lheure-ou-les-chars-defilent\/#breadcrumb\"},\"inLanguage\":\"fr-FR\",\"potentialAction\":[{\"@type\":\"ReadAction\",\"target\":[\"https:\/\/cavecaenem.fr\/index.php\/2022\/04\/09\/a-lheure-ou-les-chars-defilent\/\"]}]},{\"@type\":\"BreadcrumbList\",\"@id\":\"https:\/\/cavecaenem.fr\/index.php\/2022\/04\/09\/a-lheure-ou-les-chars-defilent\/#breadcrumb\",\"itemListElement\":[{\"@type\":\"ListItem\",\"position\":1,\"name\":\"Accueil\",\"item\":\"https:\/\/cavecaenem.fr\/\"},{\"@type\":\"ListItem\",\"position\":2,\"name\":\"\\u00c0 l&#8217;heure o\\u00f9 les chars d\\u00e9filent &#8230;\"}]},{\"@type\":\"Article\",\"@id\":\"https:\/\/cavecaenem.fr\/index.php\/2022\/04\/09\/a-lheure-ou-les-chars-defilent\/#article\",\"isPartOf\":{\"@id\":\"https:\/\/cavecaenem.fr\/index.php\/2022\/04\/09\/a-lheure-ou-les-chars-defilent\/#webpage\"},\"author\":{\"@id\":\"https:\/\/cavecaenem.fr\/#\/schema\/person\/8adecaca43e137acf11e776d28d1e734\"},\"headline\":\"\\u00c0 l&#8217;heure o\\u00f9 les chars d\\u00e9filent &#8230;\",\"datePublished\":\"2022-04-09T08:14:36+00:00\",\"dateModified\":\"2022-04-09T08:14:37+00:00\",\"mainEntityOfPage\":{\"@id\":\"https:\/\/cavecaenem.fr\/index.php\/2022\/04\/09\/a-lheure-ou-les-chars-defilent\/#webpage\"},\"wordCount\":1135,\"commentCount\":0,\"publisher\":{\"@id\":\"https:\/\/cavecaenem.fr\/#\/schema\/person\/8adecaca43e137acf11e776d28d1e734\"},\"image\":{\"@id\":\"https:\/\/cavecaenem.fr\/index.php\/2022\/04\/09\/a-lheure-ou-les-chars-defilent\/#primaryimage\"},\"thumbnailUrl\":\"https:\/\/cavecaenem.fr\/wp-content\/uploads\/2022\/04\/deslias.jpeg\",\"articleSection\":[\"La Nuit\"],\"inLanguage\":\"fr-FR\",\"potentialAction\":[{\"@type\":\"CommentAction\",\"name\":\"Comment\",\"target\":[\"https:\/\/cavecaenem.fr\/index.php\/2022\/04\/09\/a-lheure-ou-les-chars-defilent\/#respond\"]}]},{\"@type\":[\"Person\",\"Organization\"],\"@id\":\"https:\/\/cavecaenem.fr\/#\/schema\/person\/8adecaca43e137acf11e776d28d1e734\",\"name\":\"Ren\\u00e9 Fix\",\"image\":{\"@type\":\"ImageObject\",\"@id\":\"https:\/\/cavecaenem.fr\/#personlogo\",\"inLanguage\":\"fr-FR\",\"url\":\"https:\/\/secure.gravatar.com\/avatar\/b49591d8c60f351185d7719fe6f34144?s=96&d=mm&r=g\",\"contentUrl\":\"https:\/\/secure.gravatar.com\/avatar\/b49591d8c60f351185d7719fe6f34144?s=96&d=mm&r=g\",\"caption\":\"Ren\\u00e9 Fix\"},\"logo\":{\"@id\":\"https:\/\/cavecaenem.fr\/#personlogo\"}}]}<\/script>\n<!-- \/ Yoast SEO plugin. -->","yoast_head_json":{"title":"\u00c0 l'heure o\u00f9 les chars d\u00e9filent ... - CaveCaenem","robots":{"index":"index","follow":"follow","max-snippet":"max-snippet:-1","max-image-preview":"max-image-preview:large","max-video-preview":"max-video-preview:-1"},"canonical":"https:\/\/cavecaenem.fr\/index.php\/2022\/04\/09\/a-lheure-ou-les-chars-defilent\/","og_locale":"fr_FR","og_type":"article","og_title":"\u00c0 l'heure o\u00f9 les chars d\u00e9filent ... - CaveCaenem","og_description":"Carnaval Techno, Fulgeance et Deslias \u2026. On nous dit que la plus grosse arm\u00e9e estudiantine d\u2019Europe vient, une fois encore, de se lever \u00e0 Caen.&nbsp; ...","og_url":"https:\/\/cavecaenem.fr\/index.php\/2022\/04\/09\/a-lheure-ou-les-chars-defilent\/","og_site_name":"CaveCaenem","article_published_time":"2022-04-09T08:14:36+00:00","article_modified_time":"2022-04-09T08:14:37+00:00","og_image":[{"width":980,"height":1174,"url":"https:\/\/cavecaenem.fr\/wp-content\/uploads\/2022\/04\/deslias.jpeg","type":"image\/jpeg"}],"twitter_card":"summary_large_image","twitter_misc":{"\u00c9crit par":"Ren\u00e9 Fix","Dur\u00e9e de lecture estim\u00e9e":"5 minutes"},"schema":{"@context":"https:\/\/schema.org","@graph":[{"@type":"WebSite","@id":"https:\/\/cavecaenem.fr\/#website","url":"https:\/\/cavecaenem.fr\/","name":"CaveCaenem","description":"L\u2019actualit\u00e9 caennaise en toute subjectivit\u00e9.","publisher":{"@id":"https:\/\/cavecaenem.fr\/#\/schema\/person\/8adecaca43e137acf11e776d28d1e734"},"potentialAction":[{"@type":"SearchAction","target":{"@type":"EntryPoint","urlTemplate":"https:\/\/cavecaenem.fr\/?s={search_term_string}"},"query-input":"required name=search_term_string"}],"inLanguage":"fr-FR"},{"@type":"ImageObject","@id":"https:\/\/cavecaenem.fr\/index.php\/2022\/04\/09\/a-lheure-ou-les-chars-defilent\/#primaryimage","inLanguage":"fr-FR","url":"https:\/\/cavecaenem.fr\/wp-content\/uploads\/2022\/04\/deslias.jpeg","contentUrl":"https:\/\/cavecaenem.fr\/wp-content\/uploads\/2022\/04\/deslias.jpeg","width":980,"height":1174},{"@type":"WebPage","@id":"https:\/\/cavecaenem.fr\/index.php\/2022\/04\/09\/a-lheure-ou-les-chars-defilent\/#webpage","url":"https:\/\/cavecaenem.fr\/index.php\/2022\/04\/09\/a-lheure-ou-les-chars-defilent\/","name":"\u00c0 l'heure o\u00f9 les chars d\u00e9filent ... - CaveCaenem","isPartOf":{"@id":"https:\/\/cavecaenem.fr\/#website"},"primaryImageOfPage":{"@id":"https:\/\/cavecaenem.fr\/index.php\/2022\/04\/09\/a-lheure-ou-les-chars-defilent\/#primaryimage"},"datePublished":"2022-04-09T08:14:36+00:00","dateModified":"2022-04-09T08:14:37+00:00","breadcrumb":{"@id":"https:\/\/cavecaenem.fr\/index.php\/2022\/04\/09\/a-lheure-ou-les-chars-defilent\/#breadcrumb"},"inLanguage":"fr-FR","potentialAction":[{"@type":"ReadAction","target":["https:\/\/cavecaenem.fr\/index.php\/2022\/04\/09\/a-lheure-ou-les-chars-defilent\/"]}]},{"@type":"BreadcrumbList","@id":"https:\/\/cavecaenem.fr\/index.php\/2022\/04\/09\/a-lheure-ou-les-chars-defilent\/#breadcrumb","itemListElement":[{"@type":"ListItem","position":1,"name":"Accueil","item":"https:\/\/cavecaenem.fr\/"},{"@type":"ListItem","position":2,"name":"\u00c0 l&#8217;heure o\u00f9 les chars d\u00e9filent &#8230;"}]},{"@type":"Article","@id":"https:\/\/cavecaenem.fr\/index.php\/2022\/04\/09\/a-lheure-ou-les-chars-defilent\/#article","isPartOf":{"@id":"https:\/\/cavecaenem.fr\/index.php\/2022\/04\/09\/a-lheure-ou-les-chars-defilent\/#webpage"},"author":{"@id":"https:\/\/cavecaenem.fr\/#\/schema\/person\/8adecaca43e137acf11e776d28d1e734"},"headline":"\u00c0 l&#8217;heure o\u00f9 les chars d\u00e9filent &#8230;","datePublished":"2022-04-09T08:14:36+00:00","dateModified":"2022-04-09T08:14:37+00:00","mainEntityOfPage":{"@id":"https:\/\/cavecaenem.fr\/index.php\/2022\/04\/09\/a-lheure-ou-les-chars-defilent\/#webpage"},"wordCount":1135,"commentCount":0,"publisher":{"@id":"https:\/\/cavecaenem.fr\/#\/schema\/person\/8adecaca43e137acf11e776d28d1e734"},"image":{"@id":"https:\/\/cavecaenem.fr\/index.php\/2022\/04\/09\/a-lheure-ou-les-chars-defilent\/#primaryimage"},"thumbnailUrl":"https:\/\/cavecaenem.fr\/wp-content\/uploads\/2022\/04\/deslias.jpeg","articleSection":["La Nuit"],"inLanguage":"fr-FR","potentialAction":[{"@type":"CommentAction","name":"Comment","target":["https:\/\/cavecaenem.fr\/index.php\/2022\/04\/09\/a-lheure-ou-les-chars-defilent\/#respond"]}]},{"@type":["Person","Organization"],"@id":"https:\/\/cavecaenem.fr\/#\/schema\/person\/8adecaca43e137acf11e776d28d1e734","name":"Ren\u00e9 Fix","image":{"@type":"ImageObject","@id":"https:\/\/cavecaenem.fr\/#personlogo","inLanguage":"fr-FR","url":"https:\/\/secure.gravatar.com\/avatar\/b49591d8c60f351185d7719fe6f34144?s=96&d=mm&r=g","contentUrl":"https:\/\/secure.gravatar.com\/avatar\/b49591d8c60f351185d7719fe6f34144?s=96&d=mm&r=g","caption":"Ren\u00e9 Fix"},"logo":{"@id":"https:\/\/cavecaenem.fr\/#personlogo"}}]}},"jetpack_featured_media_url":"https:\/\/cavecaenem.fr\/wp-content\/uploads\/2022\/04\/deslias.jpeg","_links":{"self":[{"href":"https:\/\/cavecaenem.fr\/index.php\/wp-json\/wp\/v2\/posts\/561"}],"collection":[{"href":"https:\/\/cavecaenem.fr\/index.php\/wp-json\/wp\/v2\/posts"}],"about":[{"href":"https:\/\/cavecaenem.fr\/index.php\/wp-json\/wp\/v2\/types\/post"}],"author":[{"embeddable":true,"href":"https:\/\/cavecaenem.fr\/index.php\/wp-json\/wp\/v2\/users\/1"}],"replies":[{"embeddable":true,"href":"https:\/\/cavecaenem.fr\/index.php\/wp-json\/wp\/v2\/comments?post=561"}],"version-history":[{"count":2,"href":"https:\/\/cavecaenem.fr\/index.php\/wp-json\/wp\/v2\/posts\/561\/revisions"}],"predecessor-version":[{"id":564,"href":"https:\/\/cavecaenem.fr\/index.php\/wp-json\/wp\/v2\/posts\/561\/revisions\/564"}],"wp:featuredmedia":[{"embeddable":true,"href":"https:\/\/cavecaenem.fr\/index.php\/wp-json\/wp\/v2\/media\/562"}],"wp:attachment":[{"href":"https:\/\/cavecaenem.fr\/index.php\/wp-json\/wp\/v2\/media?parent=561"}],"wp:term":[{"taxonomy":"category","embeddable":true,"href":"https:\/\/cavecaenem.fr\/index.php\/wp-json\/wp\/v2\/categories?post=561"},{"taxonomy":"post_tag","embeddable":true,"href":"https:\/\/cavecaenem.fr\/index.php\/wp-json\/wp\/v2\/tags?post=561"}],"curies":[{"name":"wp","href":"https:\/\/api.w.org\/{rel}","templated":true}]}}