{"id":567,"date":"2022-04-23T14:35:08","date_gmt":"2022-04-23T12:35:08","guid":{"rendered":"https:\/\/cavecaenem.fr\/?p=567"},"modified":"2022-04-25T18:40:09","modified_gmt":"2022-04-25T16:40:09","slug":"carita-quoi-caritateuf-evidemment","status":"publish","type":"post","link":"https:\/\/cavecaenem.fr\/index.php\/2022\/04\/23\/carita-quoi-caritateuf-evidemment\/","title":{"rendered":"Carita quoi ? Caritateuf, \u00e9videmment !"},"content":{"rendered":"\n<p>Entre insouciance et irr\u00e9v\u00e9rence, une soir\u00e9e de pure &#8220;folie&#8221;.<\/p>\n\n\n\n<p>Un vent neuf et un peu libertaire semble souffler depuis quelques temps&nbsp; du c\u00f4t\u00e9 du Camino, quartier Vaucelles. Hier soir, c\u2019\u00e9tait un peu la folie des grands soirs, les soirs d\u2019avant Covid. Du monde, d\u2019abord, beaucoup de monde, malgr\u00e9 une grosse soir\u00e9e Carg\u00f6,&nbsp; et des t\u00eates qu\u2019on ne voyait plus depuis des mois. La nuit printani\u00e8re est douce et se pr\u00eate \u00e0 merveille \u00e0 ces retrouvailles amicales, festives, mondaines qui font le sel de la nuit.&nbsp;<\/p>\n\n\n\n<p>Pour r\u00e9unir cette faune caennaise une interpellante invitation \u00e0 une soir\u00e9e \u2026Caritateuf !<\/p>\n\n\n\n<p>Derri\u00e8re cette \u00e9nigmatique appellation se cache la compagnie Bonne Chance, tr\u00e8s embl\u00e9matique de cette rel\u00e8ve culturelle qui se fiche de la traditionnelle r\u00e9partition des genres. Avec Bonne Chance, le th\u00e9\u00e2tre fait la nique \u00e0 la musique et la musique flirte avec le cabaret. Cette irr\u00e9v\u00e9rence salutaire renoue avec l\u2019esprit montmartrois de 1900, tendance Alphonse Allais et son monochrome rouge intitul\u00e9 \u201c <em>R\u00e9colte de la tomate par des cardinaux<\/em> apoplectiques sur le bord de la mer Rouge\u201d. Bref, Bonne Chance fait de l\u2019irr\u00e9v\u00e9rence le nerf de sa folie cr\u00e9ative et \u2026\u00e7a marche !<\/p>\n\n\n\n<p>La soir\u00e9e \u201ccaritative\u201d propos\u00e9e au Camino r\u00e9pondait \u00e0 un double objectif, r\u00e9colter des fonds pour une grosse cr\u00e9ation, les 2 et 3 septembre au Wip, et plus encore pr\u00e9senter un spectacle \u201cteaser\u201d \u00e0 m\u00eame de montrer les forces artistiques de ce collectif.&nbsp;<\/p>\n\n\n\n<p>Vers 20H30, la cave (plus germano-pratine que jamais) fait r\u00e9sonner les sonorit\u00e9s electro-jazzy de FreeDoom, un duo clavier-percu \u00e0 la signature singuli\u00e8re. Imaginez un peu les enfants adult\u00e9rins de Magma et S\u00e9bastien Tellier, avec une pointe de \u201cm\u2019enfoutisme\u201d. Si on ajoute \u00e0 cette tonique mise en bouche la pr\u00e9sence, dans le public de com\u00e9diens-nes affubl\u00e9(e)s de costumes aussi kitschs qu\u2019une s\u00e9rie Z de science-fiction, vous commencez \u00e0 avoir une petite id\u00e9e de la soir\u00e9e. Derri\u00e8re cette fausse insouciance foutraque se cache pourtant une organisation qui fait irr\u00e9sistiblement penser au Grand Magic Circus, la folle aventure de J\u00e9r\u00f4me Savary et ses \u201caventures de Zartan\u201d ( 1971, on sent que c\u2019est un vieux qui \u00e9crit !).&nbsp;<\/p>\n\n\n\n<p>Soir\u00e9e caritative oblige, les changements de plateaux techniques sont pr\u00e9texte \u00e0 des ventes aux ench\u00e8res aussi loufoques que construites. Sous le haut-patronage du \u201cgrand R\u00e9gresseur\u201d ( et plus tard d\u2019un m\u00e9chant Z\u00e9mor plus gentil que son mod\u00e8le zemourien), on propose \u00e0 notre g\u00e9n\u00e9rosit\u00e9 des cartes VIP pour le WIP, des \u201cgoodies\u201d ready-made intergalactiques et l\u2019acqu\u00e9reur est somm\u00e9 de r\u00e9gler sur le champ ! C\u2019est dr\u00f4le, l\u2019esprit cabaret fonctionne \u00e0 plein et la bonne humeur, plus ou moins r\u00e9gressive, se r\u00e9pand comme une tra\u00een\u00e9e de poudre.&nbsp;<\/p>\n\n\n\n<p>C\u2019est au tour de Diak de proposer ensuite son live (techno) minimaliste mais construit tout entier sur une savante et irr\u00e9sistible ascension d\u2019une boucle percussive. On sent bien, alors, que derri\u00e8re cette \u201camusement potache\u201d se cache une entreprise des plus s\u00e9rieuses et la performance de Diak nous le confirme en une belle claque, du genre de celle qu\u2019on n\u2019a pas vu venir !<\/p>\n\n\n\n<p>Nouvel \u00e9pisode d\u2019 ench\u00e8res tandis que, de l\u2019autre c\u00f4t\u00e9 de la salle, Yann Snuss installe une sc\u00e8ne alternative. Pour qui suit un peu l\u2019actualit\u00e9 &#8220;\u00e9lectronique&#8221; locale, Yann Snuss n\u2019est pas un inconnu. On le savait \u201cconservateur \u201c en chef de l\u2019instrumentarium electro-analogique, on le savait aussi p\u00e9dagogue ( les ateliers du D\u00f4me pour Interstice il y a quelques ann\u00e9es) mais j\u2019avoue que je ne connaissais pas encore l\u2019\u00e2me secr\u00e8te de sa passion, c\u2019est \u00e0 dire Juste Oreilles, son nom de DJ pour cette soir\u00e9e. D\u00e9j\u00e0, l\u2019id\u00e9e folle (et r\u00e9ussie) de construire une deuxi\u00e8me sc\u00e8ne dans cette petite salle est un coup de g\u00e9nie. Par cette simple rotation, on d\u00e9couvre alors un Yann en pleine communion avec ses \u201cmachines\u201d, un nouvel \u00e9crin minimal pour que notre regard se focalise sur la gestuelle technique et raffin\u00e9e du musicien. La techno est l\u00e0, live en plus, avec cette rugueuse et s\u00e8che scansion rythmique, mais Juste oreilles (puisque tel est d\u00e9sormais son nom ce soir) y ajoute cette dose de fragilit\u00e9 et d\u2019improvisation qui se tisse dans un savant dialogue avec la salle. \u00c7a monte, \u00e7a monte et la salle est toute enti\u00e8re sous le contr\u00f4le du Dj qui, loin de profiter de son pouvoir, nous titille les oreilles et les jambes avec ses arabesques chromatiques\u2026.<\/p>\n\n\n\n<p>Que retenir de cette tr\u00e8s belle et g\u00e9n\u00e9reuse soir\u00e9e ? Tout d\u2019abord les dates de septembre ( 2 et 3 ), histoire de ne pas rater le mega-show que nous concocte cette prometteuse \u00e9quipe. Mais, au-del\u00e0 du spectacle ( et du spectaculaire), je retiendrai surtout le souffle de fra\u00eecheur et de jeunesse et l\u2019extraordinaire promesse artistique qu\u2019elle aura r\u00e9v\u00e9l\u00e9e hier soir. Entendons-nous bien, il ne s\u2019agit pas de savoir si Bonne Chance est ou sera la compagnie des dix prochaines ann\u00e9es. Ces paris sur l\u2019avenir rel\u00e8vent d\u2019un esprit de banquier, en revanche, s\u2019ils ne se font pas manger par l\u2019institution culturelle , il y a fort \u00e0 parier que les artistes de Bonne Chance, avec leur g\u00e9n\u00e9reuse insouciance, r\u00e9volutionnent un peu le conformisme acad\u00e9mique de la biens\u00e9ance culturelle\u2026.<\/p>\n","protected":false},"excerpt":{"rendered":"<p>Entre insouciance et irr\u00e9v\u00e9rence, une soir\u00e9e de pure &#8220;folie&#8221;. Un vent neuf et un peu libertaire semble souffler depuis quelques temps&nbsp; du c\u00f4t\u00e9 du Camino, &#8230;<\/p>\n","protected":false},"author":1,"featured_media":568,"comment_status":"open","ping_status":"open","sticky":false,"template":"","format":"standard","meta":{"spay_email":""},"categories":[1],"tags":[],"yoast_head":"<!-- This site is optimized with the Yoast SEO plugin v17.7.1 - https:\/\/yoast.com\/wordpress\/plugins\/seo\/ -->\n<title>Carita quoi ? Caritateuf, \u00e9videmment ! - CaveCaenem<\/title>\n<meta name=\"robots\" content=\"index, follow, max-snippet:-1, max-image-preview:large, max-video-preview:-1\" \/>\n<link rel=\"canonical\" href=\"https:\/\/cavecaenem.fr\/index.php\/2022\/04\/23\/carita-quoi-caritateuf-evidemment\/\" \/>\n<meta property=\"og:locale\" content=\"fr_FR\" \/>\n<meta property=\"og:type\" content=\"article\" \/>\n<meta property=\"og:title\" content=\"Carita quoi ? Caritateuf, \u00e9videmment ! - CaveCaenem\" \/>\n<meta property=\"og:description\" content=\"Entre insouciance et irr\u00e9v\u00e9rence, une soir\u00e9e de pure &#8220;folie&#8221;. Un vent neuf et un peu libertaire semble souffler depuis quelques temps&nbsp; du c\u00f4t\u00e9 du Camino, ...\" \/>\n<meta property=\"og:url\" content=\"https:\/\/cavecaenem.fr\/index.php\/2022\/04\/23\/carita-quoi-caritateuf-evidemment\/\" \/>\n<meta property=\"og:site_name\" content=\"CaveCaenem\" \/>\n<meta property=\"article:published_time\" content=\"2022-04-23T12:35:08+00:00\" \/>\n<meta property=\"article:modified_time\" content=\"2022-04-25T16:40:09+00:00\" \/>\n<meta property=\"og:image\" content=\"https:\/\/cavecaenem.fr\/wp-content\/uploads\/2022\/04\/IMG_3962-rotated.jpg\" \/>\n\t<meta property=\"og:image:width\" content=\"1512\" \/>\n\t<meta property=\"og:image:height\" content=\"2016\" \/>\n<meta name=\"twitter:card\" content=\"summary_large_image\" \/>\n<meta name=\"twitter:label1\" content=\"\u00c9crit par\" \/>\n\t<meta name=\"twitter:data1\" content=\"Ren\u00e9 Fix\" \/>\n\t<meta name=\"twitter:label2\" content=\"Dur\u00e9e de lecture estim\u00e9e\" \/>\n\t<meta name=\"twitter:data2\" content=\"4 minutes\" \/>\n<script type=\"application\/ld+json\" class=\"yoast-schema-graph\">{\"@context\":\"https:\/\/schema.org\",\"@graph\":[{\"@type\":\"WebSite\",\"@id\":\"https:\/\/cavecaenem.fr\/#website\",\"url\":\"https:\/\/cavecaenem.fr\/\",\"name\":\"CaveCaenem\",\"description\":\"L\\u2019actualit\\u00e9 caennaise en toute subjectivit\\u00e9.\",\"publisher\":{\"@id\":\"https:\/\/cavecaenem.fr\/#\/schema\/person\/8adecaca43e137acf11e776d28d1e734\"},\"potentialAction\":[{\"@type\":\"SearchAction\",\"target\":{\"@type\":\"EntryPoint\",\"urlTemplate\":\"https:\/\/cavecaenem.fr\/?s={search_term_string}\"},\"query-input\":\"required name=search_term_string\"}],\"inLanguage\":\"fr-FR\"},{\"@type\":\"ImageObject\",\"@id\":\"https:\/\/cavecaenem.fr\/index.php\/2022\/04\/23\/carita-quoi-caritateuf-evidemment\/#primaryimage\",\"inLanguage\":\"fr-FR\",\"url\":\"https:\/\/cavecaenem.fr\/wp-content\/uploads\/2022\/04\/IMG_3962-rotated.jpg\",\"contentUrl\":\"https:\/\/cavecaenem.fr\/wp-content\/uploads\/2022\/04\/IMG_3962-rotated.jpg\",\"width\":1512,\"height\":2016},{\"@type\":\"WebPage\",\"@id\":\"https:\/\/cavecaenem.fr\/index.php\/2022\/04\/23\/carita-quoi-caritateuf-evidemment\/#webpage\",\"url\":\"https:\/\/cavecaenem.fr\/index.php\/2022\/04\/23\/carita-quoi-caritateuf-evidemment\/\",\"name\":\"Carita quoi ? Caritateuf, \\u00e9videmment ! - CaveCaenem\",\"isPartOf\":{\"@id\":\"https:\/\/cavecaenem.fr\/#website\"},\"primaryImageOfPage\":{\"@id\":\"https:\/\/cavecaenem.fr\/index.php\/2022\/04\/23\/carita-quoi-caritateuf-evidemment\/#primaryimage\"},\"datePublished\":\"2022-04-23T12:35:08+00:00\",\"dateModified\":\"2022-04-25T16:40:09+00:00\",\"breadcrumb\":{\"@id\":\"https:\/\/cavecaenem.fr\/index.php\/2022\/04\/23\/carita-quoi-caritateuf-evidemment\/#breadcrumb\"},\"inLanguage\":\"fr-FR\",\"potentialAction\":[{\"@type\":\"ReadAction\",\"target\":[\"https:\/\/cavecaenem.fr\/index.php\/2022\/04\/23\/carita-quoi-caritateuf-evidemment\/\"]}]},{\"@type\":\"BreadcrumbList\",\"@id\":\"https:\/\/cavecaenem.fr\/index.php\/2022\/04\/23\/carita-quoi-caritateuf-evidemment\/#breadcrumb\",\"itemListElement\":[{\"@type\":\"ListItem\",\"position\":1,\"name\":\"Accueil\",\"item\":\"https:\/\/cavecaenem.fr\/\"},{\"@type\":\"ListItem\",\"position\":2,\"name\":\"Carita quoi ? Caritateuf, \\u00e9videmment !\"}]},{\"@type\":\"Article\",\"@id\":\"https:\/\/cavecaenem.fr\/index.php\/2022\/04\/23\/carita-quoi-caritateuf-evidemment\/#article\",\"isPartOf\":{\"@id\":\"https:\/\/cavecaenem.fr\/index.php\/2022\/04\/23\/carita-quoi-caritateuf-evidemment\/#webpage\"},\"author\":{\"@id\":\"https:\/\/cavecaenem.fr\/#\/schema\/person\/8adecaca43e137acf11e776d28d1e734\"},\"headline\":\"Carita quoi ? Caritateuf, \\u00e9videmment !\",\"datePublished\":\"2022-04-23T12:35:08+00:00\",\"dateModified\":\"2022-04-25T16:40:09+00:00\",\"mainEntityOfPage\":{\"@id\":\"https:\/\/cavecaenem.fr\/index.php\/2022\/04\/23\/carita-quoi-caritateuf-evidemment\/#webpage\"},\"wordCount\":942,\"commentCount\":0,\"publisher\":{\"@id\":\"https:\/\/cavecaenem.fr\/#\/schema\/person\/8adecaca43e137acf11e776d28d1e734\"},\"image\":{\"@id\":\"https:\/\/cavecaenem.fr\/index.php\/2022\/04\/23\/carita-quoi-caritateuf-evidemment\/#primaryimage\"},\"thumbnailUrl\":\"https:\/\/cavecaenem.fr\/wp-content\/uploads\/2022\/04\/IMG_3962-rotated.jpg\",\"articleSection\":[\"La Nuit\"],\"inLanguage\":\"fr-FR\",\"potentialAction\":[{\"@type\":\"CommentAction\",\"name\":\"Comment\",\"target\":[\"https:\/\/cavecaenem.fr\/index.php\/2022\/04\/23\/carita-quoi-caritateuf-evidemment\/#respond\"]}]},{\"@type\":[\"Person\",\"Organization\"],\"@id\":\"https:\/\/cavecaenem.fr\/#\/schema\/person\/8adecaca43e137acf11e776d28d1e734\",\"name\":\"Ren\\u00e9 Fix\",\"image\":{\"@type\":\"ImageObject\",\"@id\":\"https:\/\/cavecaenem.fr\/#personlogo\",\"inLanguage\":\"fr-FR\",\"url\":\"https:\/\/secure.gravatar.com\/avatar\/b49591d8c60f351185d7719fe6f34144?s=96&d=mm&r=g\",\"contentUrl\":\"https:\/\/secure.gravatar.com\/avatar\/b49591d8c60f351185d7719fe6f34144?s=96&d=mm&r=g\",\"caption\":\"Ren\\u00e9 Fix\"},\"logo\":{\"@id\":\"https:\/\/cavecaenem.fr\/#personlogo\"}}]}<\/script>\n<!-- \/ Yoast SEO plugin. -->","yoast_head_json":{"title":"Carita quoi ? Caritateuf, \u00e9videmment ! - CaveCaenem","robots":{"index":"index","follow":"follow","max-snippet":"max-snippet:-1","max-image-preview":"max-image-preview:large","max-video-preview":"max-video-preview:-1"},"canonical":"https:\/\/cavecaenem.fr\/index.php\/2022\/04\/23\/carita-quoi-caritateuf-evidemment\/","og_locale":"fr_FR","og_type":"article","og_title":"Carita quoi ? Caritateuf, \u00e9videmment ! - CaveCaenem","og_description":"Entre insouciance et irr\u00e9v\u00e9rence, une soir\u00e9e de pure &#8220;folie&#8221;. Un vent neuf et un peu libertaire semble souffler depuis quelques temps&nbsp; du c\u00f4t\u00e9 du Camino, ...","og_url":"https:\/\/cavecaenem.fr\/index.php\/2022\/04\/23\/carita-quoi-caritateuf-evidemment\/","og_site_name":"CaveCaenem","article_published_time":"2022-04-23T12:35:08+00:00","article_modified_time":"2022-04-25T16:40:09+00:00","og_image":[{"width":1512,"height":2016,"url":"https:\/\/cavecaenem.fr\/wp-content\/uploads\/2022\/04\/IMG_3962-rotated.jpg","type":"image\/jpeg"}],"twitter_card":"summary_large_image","twitter_misc":{"\u00c9crit par":"Ren\u00e9 Fix","Dur\u00e9e de lecture estim\u00e9e":"4 minutes"},"schema":{"@context":"https:\/\/schema.org","@graph":[{"@type":"WebSite","@id":"https:\/\/cavecaenem.fr\/#website","url":"https:\/\/cavecaenem.fr\/","name":"CaveCaenem","description":"L\u2019actualit\u00e9 caennaise en toute subjectivit\u00e9.","publisher":{"@id":"https:\/\/cavecaenem.fr\/#\/schema\/person\/8adecaca43e137acf11e776d28d1e734"},"potentialAction":[{"@type":"SearchAction","target":{"@type":"EntryPoint","urlTemplate":"https:\/\/cavecaenem.fr\/?s={search_term_string}"},"query-input":"required name=search_term_string"}],"inLanguage":"fr-FR"},{"@type":"ImageObject","@id":"https:\/\/cavecaenem.fr\/index.php\/2022\/04\/23\/carita-quoi-caritateuf-evidemment\/#primaryimage","inLanguage":"fr-FR","url":"https:\/\/cavecaenem.fr\/wp-content\/uploads\/2022\/04\/IMG_3962-rotated.jpg","contentUrl":"https:\/\/cavecaenem.fr\/wp-content\/uploads\/2022\/04\/IMG_3962-rotated.jpg","width":1512,"height":2016},{"@type":"WebPage","@id":"https:\/\/cavecaenem.fr\/index.php\/2022\/04\/23\/carita-quoi-caritateuf-evidemment\/#webpage","url":"https:\/\/cavecaenem.fr\/index.php\/2022\/04\/23\/carita-quoi-caritateuf-evidemment\/","name":"Carita quoi ? Caritateuf, \u00e9videmment ! - CaveCaenem","isPartOf":{"@id":"https:\/\/cavecaenem.fr\/#website"},"primaryImageOfPage":{"@id":"https:\/\/cavecaenem.fr\/index.php\/2022\/04\/23\/carita-quoi-caritateuf-evidemment\/#primaryimage"},"datePublished":"2022-04-23T12:35:08+00:00","dateModified":"2022-04-25T16:40:09+00:00","breadcrumb":{"@id":"https:\/\/cavecaenem.fr\/index.php\/2022\/04\/23\/carita-quoi-caritateuf-evidemment\/#breadcrumb"},"inLanguage":"fr-FR","potentialAction":[{"@type":"ReadAction","target":["https:\/\/cavecaenem.fr\/index.php\/2022\/04\/23\/carita-quoi-caritateuf-evidemment\/"]}]},{"@type":"BreadcrumbList","@id":"https:\/\/cavecaenem.fr\/index.php\/2022\/04\/23\/carita-quoi-caritateuf-evidemment\/#breadcrumb","itemListElement":[{"@type":"ListItem","position":1,"name":"Accueil","item":"https:\/\/cavecaenem.fr\/"},{"@type":"ListItem","position":2,"name":"Carita quoi ? Caritateuf, \u00e9videmment !"}]},{"@type":"Article","@id":"https:\/\/cavecaenem.fr\/index.php\/2022\/04\/23\/carita-quoi-caritateuf-evidemment\/#article","isPartOf":{"@id":"https:\/\/cavecaenem.fr\/index.php\/2022\/04\/23\/carita-quoi-caritateuf-evidemment\/#webpage"},"author":{"@id":"https:\/\/cavecaenem.fr\/#\/schema\/person\/8adecaca43e137acf11e776d28d1e734"},"headline":"Carita quoi ? Caritateuf, \u00e9videmment !","datePublished":"2022-04-23T12:35:08+00:00","dateModified":"2022-04-25T16:40:09+00:00","mainEntityOfPage":{"@id":"https:\/\/cavecaenem.fr\/index.php\/2022\/04\/23\/carita-quoi-caritateuf-evidemment\/#webpage"},"wordCount":942,"commentCount":0,"publisher":{"@id":"https:\/\/cavecaenem.fr\/#\/schema\/person\/8adecaca43e137acf11e776d28d1e734"},"image":{"@id":"https:\/\/cavecaenem.fr\/index.php\/2022\/04\/23\/carita-quoi-caritateuf-evidemment\/#primaryimage"},"thumbnailUrl":"https:\/\/cavecaenem.fr\/wp-content\/uploads\/2022\/04\/IMG_3962-rotated.jpg","articleSection":["La Nuit"],"inLanguage":"fr-FR","potentialAction":[{"@type":"CommentAction","name":"Comment","target":["https:\/\/cavecaenem.fr\/index.php\/2022\/04\/23\/carita-quoi-caritateuf-evidemment\/#respond"]}]},{"@type":["Person","Organization"],"@id":"https:\/\/cavecaenem.fr\/#\/schema\/person\/8adecaca43e137acf11e776d28d1e734","name":"Ren\u00e9 Fix","image":{"@type":"ImageObject","@id":"https:\/\/cavecaenem.fr\/#personlogo","inLanguage":"fr-FR","url":"https:\/\/secure.gravatar.com\/avatar\/b49591d8c60f351185d7719fe6f34144?s=96&d=mm&r=g","contentUrl":"https:\/\/secure.gravatar.com\/avatar\/b49591d8c60f351185d7719fe6f34144?s=96&d=mm&r=g","caption":"Ren\u00e9 Fix"},"logo":{"@id":"https:\/\/cavecaenem.fr\/#personlogo"}}]}},"jetpack_featured_media_url":"https:\/\/cavecaenem.fr\/wp-content\/uploads\/2022\/04\/IMG_3962-rotated.jpg","_links":{"self":[{"href":"https:\/\/cavecaenem.fr\/index.php\/wp-json\/wp\/v2\/posts\/567"}],"collection":[{"href":"https:\/\/cavecaenem.fr\/index.php\/wp-json\/wp\/v2\/posts"}],"about":[{"href":"https:\/\/cavecaenem.fr\/index.php\/wp-json\/wp\/v2\/types\/post"}],"author":[{"embeddable":true,"href":"https:\/\/cavecaenem.fr\/index.php\/wp-json\/wp\/v2\/users\/1"}],"replies":[{"embeddable":true,"href":"https:\/\/cavecaenem.fr\/index.php\/wp-json\/wp\/v2\/comments?post=567"}],"version-history":[{"count":2,"href":"https:\/\/cavecaenem.fr\/index.php\/wp-json\/wp\/v2\/posts\/567\/revisions"}],"predecessor-version":[{"id":571,"href":"https:\/\/cavecaenem.fr\/index.php\/wp-json\/wp\/v2\/posts\/567\/revisions\/571"}],"wp:featuredmedia":[{"embeddable":true,"href":"https:\/\/cavecaenem.fr\/index.php\/wp-json\/wp\/v2\/media\/568"}],"wp:attachment":[{"href":"https:\/\/cavecaenem.fr\/index.php\/wp-json\/wp\/v2\/media?parent=567"}],"wp:term":[{"taxonomy":"category","embeddable":true,"href":"https:\/\/cavecaenem.fr\/index.php\/wp-json\/wp\/v2\/categories?post=567"},{"taxonomy":"post_tag","embeddable":true,"href":"https:\/\/cavecaenem.fr\/index.php\/wp-json\/wp\/v2\/tags?post=567"}],"curies":[{"name":"wp","href":"https:\/\/api.w.org\/{rel}","templated":true}]}}