{"id":581,"date":"2022-05-06T19:43:32","date_gmt":"2022-05-06T17:43:32","guid":{"rendered":"https:\/\/cavecaenem.fr\/?p=581"},"modified":"2022-05-06T19:43:33","modified_gmt":"2022-05-06T17:43:33","slug":"la-nuit-enchantee-dinterstice","status":"publish","type":"post","link":"https:\/\/cavecaenem.fr\/index.php\/2022\/05\/06\/la-nuit-enchantee-dinterstice\/","title":{"rendered":"La nuit enchant\u00e9e d&#8217;Interstice&#8230;"},"content":{"rendered":"\n<p>Des images, de la musique et \u2026de l\u2019art.<\/p>\n\n\n\n<p>Hier soir, \u00e0 l\u2019Esam et ensuite au Carg\u00f6, se d\u00e9roulait la traditionnelle et attendue \u201cgrosse\u201d soir\u00e9e du festival Interstice. Si, pendant encore dix jours, il est possible de se rendre dans les diff\u00e9rents lieux \u201csquatt\u00e9s\u201d po\u00e9tiquement par Interstice, c\u2019est bien lors de cette soir\u00e9e que le public peut d\u00e9couvrir des \u201cperformances\u201d artistiques aussi surprenantes que bouleversantes.<\/p>\n\n\n\n<p>Jeudi, 20 h, c\u2019est dans la salle de l\u2019Esam que \u00e7a se passe. On y retrouve Tristan M\u00e9nez, qui propose, par ailleurs, une installation ( avec effet \u201cwouah\u201d garanti) au Centre Chor\u00e9graphique. \u00c0 mi-chemin entre le cabaret (chic) et la performance visuelle et sonore, l\u2019artiste nous pr\u00e9sente une s\u00e9rie de tableaux mouvants projet\u00e9s sur grand \u00e9cran. Pour r\u00e9aliser ses tableaux, M\u00e9nez projette la r\u00e9action de fluides color\u00e9s qu\u2019il distille dans des bo\u00eetes ( de Petri ?) carr\u00e9es plac\u00e9es sous une cam\u00e9ra. Selon la nature des ces liquides, ces derniers s\u2019attirent, se repoussent , se compl\u00e8tent et forment alors de belles compositions plus ou moins psych\u00e9d\u00e9liques. Si l\u2019on ajoute que ces bo\u00eetes entrent parfois en vibration au discours musical de Benjamin Le Baron, on obtient alors des images tremblantes d\u2019o\u00f9 s\u2019\u00e9chappent parfois comme des motifs runiques ( en noir sur fond de laitance) assez oniriques. Pour faire passer cet aimable ( mais tout de m\u00eame pr\u00e9visible) moment de \u201cmise en bouche\u201d, la musique de Le Baron nous invite, presque \u00e0 son corps d\u00e9fendant, \u00e0 plonger dans les ann\u00e9es Vangelis (p\u00e9riode les Chariots de feu) ou \u00e0 une sorte d\u2019hommage \u00e0 Klaus Schulze, d\u00e9c\u00e9d\u00e9 le 26 avril dernier. C\u2019est planant \u201c\u00e0 donf\u201d, \u201cambiant\u201d en diable, tr\u00e8s (trop ?) old school, mais on sort de l\u00e0 avec l\u2019impression d\u2019un moment agr\u00e9able, \u00e9l\u00e9gant m\u00eame mais surfant tout de m\u00eame ( avec des techniques plus modernes) sur d\u2019anciennes pratiques, je pense \u00e0 Lor\u00e8ne Bihorel et son spectacle Des r\u00eaves dans le sable o\u00f9 elle \u201cpeignait\u201d en direct sur une table lumineuse.&nbsp;<\/p>\n\n\n\n<p>Le \u201cchoc\u201d Cyril Meroni et son \u201cconcerto pour laser\u201d\u2026.<\/p>\n\n\n\n<p>De toute autre nature sera, ensuite, le spectacle musical et visuel de Cyril Meroni : Advienne. L\u00e0, on entre, presque par effraction, dans la course au&nbsp; grandiose !&nbsp; La grande sc\u00e8ne du Carg\u00f6 ( changement de lieu, donc) est occup\u00e9e, \u00e0 jardin par un percussionniste et ses machines, tandis que c\u00f4t\u00e9 jardin, la presque in\u00e9vitable table accueille ordinateurs et appareils plong\u00e9s dans une p\u00e9nombre cr\u00e9pusculaire. Sur l\u2019\u00e9cran appara\u00eet alors une sorte de petite com\u00e8te, dans une fabuleuse r\u00e9alisation num\u00e9rique qui laisse entrevoir le d\u00e9tail de la mati\u00e8re, de la profondeur. Le caillou \u201cvirtuel\u201d tourne sur lui-m\u00eame, comme un foetus d\u2019id\u00e9es et se d\u00e9veloppe ( excroissance canc\u00e9reuse, expansion d\u2019un univers, paysage en devenir\u2026?) pour occuper l\u2019\u00e9cran de ses anfractuosit\u00e9s. Entrent alors en sc\u00e8ne, au sens presque litt\u00e9ral du terme, des jets de laser, d\u2019abord uniques puis \u00e9clat\u00e9s, qui vont lentement tatouer ou commenter le paysage num\u00e9rique, comme pour le d\u00e9truire ou, au contraire, telle une imprimante 3D, le r\u00e9v\u00e9ler. L\u2019id\u00e9e g\u00e9niale de Meroni ( et d\u2019Olivier Vasseur), c\u2019est mettre un effet sonore sur ces impacts de lumi\u00e8re et commence alors une sorte de concerto pour laser&nbsp; qui cr\u00e9pitent et dialoguent avec la musique, bruitiste au d\u00e9part, compos\u00e9e en direct et qui lentement, sur une sorte de basse continue, s\u2019articule et devient de plus en plus envo\u00fbtante. Au milieu d\u2019 Advienne, la r\u00e9alit\u00e9 d\u2019une ( vraie) plage, de son sable noir recouvert de blocs de glace qu\u2019observent de lointaines figures humaines cr\u00e9e une surprise totale d\u2019autant que s\u2019ajoute une bande-son qui nous parle \u2026d\u2019entropie. Dit comme cela, on pourrait craindre le pire mais cette pause permet ensuite une sorte de grand retour en arri\u00e8re, et ce qui s\u2019organisait sous nos yeux, ce monde \u201cvirtuel\u201d se d\u00e9sorganise dans une sorte de dernier soupir qui installe presque l\u2019image initiale. Une grande boucle donc, un cycle de d\u00e9sorganisation d\u2019un&nbsp; syst\u00e8me ( c\u2019est,&nbsp; je crois, le sens d\u2019entropie) stimul\u00e9e, agress\u00e9e, r\u00e9v\u00e9l\u00e9e par ce bombardement de laser. De la po\u00e9sie (num\u00e9rique) \u00e0 l\u2019\u00e9tat brut, et n\u2019est-ce pas l\u00e0 la marque de fabrique qui dicte la programmation d\u2019interstice depuis le d\u00e9but ?<\/p>\n\n\n\n<p>Dans la petite salle du Carg\u00f6, la parenth\u00e8se Tolvy permet d\u2019installer la derni\u00e8re performance et au public de d\u00e9couvrir la petite enfant prodige de l\u2019electro rouennaise. On peut (ou pas) \u00eatre impressionn\u00e9 par la dimension \u201cshow girl\u201d de la demoiselle et sa ma\u00eetrise r\u00e9elle de la sc\u00e8ne. Quelle science du \u201ctoucher de pad \u201c en direct, quelle chor\u00e9graphie impeccable dans le lancer de chacunes de ses boucles rythmiques ! Question \u201cimage\u201d elle fait le job avec maestria, pour le reste (et l\u2019essentiel) je suis un peu rest\u00e9 de marbre devant cette succession de morceaux \u00e0 l\u2019esth\u00e9tique sonore un peu \u201ctape-\u00e0-l\u2019oeil\u201d&#8230;<\/p>\n\n\n\n<p>Dernier retour dans la grande salle pour le show de Martin Messier, lui aussi pr\u00e9sent \u00e0 Caen avec son installation de l\u2019\u00e9glise Saint-Sauveur ( \u00e0 voir comme toutes les autres, et tout est gratuit). Field donc, puisque tel est le titre de cette prestation nous montre un homme en prise avec \u2026des c\u00e2bles, effet lacanien garanti et r\u00e9f\u00e9rence direct \u00e0 ce qu\u2019on peut voir dans l\u2019\u00e9glise. Alternant entre une nonchalance soigneusement stylis\u00e9e ( du genre:&nbsp; je me d\u00e9place \u201ccool\u201d pour chercher mes c\u00e2bles)&nbsp; et violence th\u00e9\u00e2tralis\u00e9e ( du genre : je branche ou d\u00e9branche avec rage les m\u00eames c\u00e2bles)? Martin Messier compose, devant nous, une musique faite d&#8217;\u00e9v\u00e9nements sonores ( une formule polie pour dire du bruit et non des notes). C\u2019est fort, dans tous les sens du terme, brutal et un peu \u201cpunk\u201d. Pour donner encore plus de poids \u00e0 ces images de l\u2019homme en prise avec le son, une rampe lumineuse, \u00e0 m\u00eame le sol, d\u00e9place un faisceau lumineux qui projette sur le fond les ombres chinoises de l\u2019homme et des ses machines. Pour compl\u00e9ter la \u201cgrammaire\u201d esth\u00e9tique de Martin Messier, les c\u00e2bles deviennent lumineux et \u201cdansent\u201d une \u00e9trange chor\u00e9graphie al\u00e9atoire, au gr\u00e9 des manipulations musicales et techniques de l\u2019artiste. \u201c Basique\u201d ( mais efficace) comme dirait Orelsan\u2026<\/p>\n\n\n\n<p>La soir\u00e9e finit avec Bernadette, et le moins qu\u2019on puisse dire, c\u2019est qu\u2019elle fera danser les plus tardifs des spectateurs, le tout avec une impeccable rigueur punchy et \u2026dr\u00f4le.<\/p>\n\n\n\n<p>Carton plein, une nouvelle fois pour cette soir\u00e9e Interstice. Vous y \u00e9tiez, tant mieux, vous d\u00e9couvrez, chanceux ! Il vous reste dix jours pour en prendre plein les yeux ( et la t\u00eate) en allant voir les expositions d\u2019Interstice, 16\u00e8me du nom.&nbsp;<\/p>\n","protected":false},"excerpt":{"rendered":"<p>Des images, de la musique et \u2026de l\u2019art. Hier soir, \u00e0 l\u2019Esam et ensuite au Carg\u00f6, se d\u00e9roulait la traditionnelle et attendue \u201cgrosse\u201d soir\u00e9e du &#8230;<\/p>\n","protected":false},"author":1,"featured_media":582,"comment_status":"open","ping_status":"open","sticky":false,"template":"","format":"standard","meta":{"spay_email":""},"categories":[1],"tags":[],"yoast_head":"<!-- This site is optimized with the Yoast SEO plugin v17.7.1 - https:\/\/yoast.com\/wordpress\/plugins\/seo\/ -->\n<title>La nuit enchant\u00e9e d&#039;Interstice... - CaveCaenem<\/title>\n<meta name=\"robots\" content=\"index, follow, max-snippet:-1, max-image-preview:large, max-video-preview:-1\" \/>\n<link rel=\"canonical\" href=\"https:\/\/cavecaenem.fr\/index.php\/2022\/05\/06\/la-nuit-enchantee-dinterstice\/\" \/>\n<meta property=\"og:locale\" content=\"fr_FR\" \/>\n<meta property=\"og:type\" content=\"article\" \/>\n<meta property=\"og:title\" content=\"La nuit enchant\u00e9e d&#039;Interstice... - CaveCaenem\" \/>\n<meta property=\"og:description\" content=\"Des images, de la musique et \u2026de l\u2019art. Hier soir, \u00e0 l\u2019Esam et ensuite au Carg\u00f6, se d\u00e9roulait la traditionnelle et attendue \u201cgrosse\u201d soir\u00e9e du ...\" \/>\n<meta property=\"og:url\" content=\"https:\/\/cavecaenem.fr\/index.php\/2022\/05\/06\/la-nuit-enchantee-dinterstice\/\" \/>\n<meta property=\"og:site_name\" content=\"CaveCaenem\" \/>\n<meta property=\"article:published_time\" content=\"2022-05-06T17:43:32+00:00\" \/>\n<meta property=\"article:modified_time\" content=\"2022-05-06T17:43:33+00:00\" \/>\n<meta property=\"og:image\" content=\"https:\/\/cavecaenem.fr\/wp-content\/uploads\/2022\/05\/IMG_4011-rotated.jpg\" \/>\n\t<meta property=\"og:image:width\" content=\"1512\" \/>\n\t<meta property=\"og:image:height\" content=\"2016\" \/>\n<meta name=\"twitter:card\" content=\"summary_large_image\" \/>\n<meta name=\"twitter:label1\" content=\"\u00c9crit par\" \/>\n\t<meta name=\"twitter:data1\" content=\"Ren\u00e9 Fix\" \/>\n\t<meta name=\"twitter:label2\" content=\"Dur\u00e9e de lecture estim\u00e9e\" \/>\n\t<meta name=\"twitter:data2\" content=\"5 minutes\" \/>\n<script type=\"application\/ld+json\" class=\"yoast-schema-graph\">{\"@context\":\"https:\/\/schema.org\",\"@graph\":[{\"@type\":\"WebSite\",\"@id\":\"https:\/\/cavecaenem.fr\/#website\",\"url\":\"https:\/\/cavecaenem.fr\/\",\"name\":\"CaveCaenem\",\"description\":\"L\\u2019actualit\\u00e9 caennaise en toute subjectivit\\u00e9.\",\"publisher\":{\"@id\":\"https:\/\/cavecaenem.fr\/#\/schema\/person\/8adecaca43e137acf11e776d28d1e734\"},\"potentialAction\":[{\"@type\":\"SearchAction\",\"target\":{\"@type\":\"EntryPoint\",\"urlTemplate\":\"https:\/\/cavecaenem.fr\/?s={search_term_string}\"},\"query-input\":\"required name=search_term_string\"}],\"inLanguage\":\"fr-FR\"},{\"@type\":\"ImageObject\",\"@id\":\"https:\/\/cavecaenem.fr\/index.php\/2022\/05\/06\/la-nuit-enchantee-dinterstice\/#primaryimage\",\"inLanguage\":\"fr-FR\",\"url\":\"https:\/\/cavecaenem.fr\/wp-content\/uploads\/2022\/05\/IMG_4011-rotated.jpg\",\"contentUrl\":\"https:\/\/cavecaenem.fr\/wp-content\/uploads\/2022\/05\/IMG_4011-rotated.jpg\",\"width\":1512,\"height\":2016},{\"@type\":\"WebPage\",\"@id\":\"https:\/\/cavecaenem.fr\/index.php\/2022\/05\/06\/la-nuit-enchantee-dinterstice\/#webpage\",\"url\":\"https:\/\/cavecaenem.fr\/index.php\/2022\/05\/06\/la-nuit-enchantee-dinterstice\/\",\"name\":\"La nuit enchant\\u00e9e d'Interstice... - CaveCaenem\",\"isPartOf\":{\"@id\":\"https:\/\/cavecaenem.fr\/#website\"},\"primaryImageOfPage\":{\"@id\":\"https:\/\/cavecaenem.fr\/index.php\/2022\/05\/06\/la-nuit-enchantee-dinterstice\/#primaryimage\"},\"datePublished\":\"2022-05-06T17:43:32+00:00\",\"dateModified\":\"2022-05-06T17:43:33+00:00\",\"breadcrumb\":{\"@id\":\"https:\/\/cavecaenem.fr\/index.php\/2022\/05\/06\/la-nuit-enchantee-dinterstice\/#breadcrumb\"},\"inLanguage\":\"fr-FR\",\"potentialAction\":[{\"@type\":\"ReadAction\",\"target\":[\"https:\/\/cavecaenem.fr\/index.php\/2022\/05\/06\/la-nuit-enchantee-dinterstice\/\"]}]},{\"@type\":\"BreadcrumbList\",\"@id\":\"https:\/\/cavecaenem.fr\/index.php\/2022\/05\/06\/la-nuit-enchantee-dinterstice\/#breadcrumb\",\"itemListElement\":[{\"@type\":\"ListItem\",\"position\":1,\"name\":\"Accueil\",\"item\":\"https:\/\/cavecaenem.fr\/\"},{\"@type\":\"ListItem\",\"position\":2,\"name\":\"La nuit enchant\\u00e9e d&#8217;Interstice&#8230;\"}]},{\"@type\":\"Article\",\"@id\":\"https:\/\/cavecaenem.fr\/index.php\/2022\/05\/06\/la-nuit-enchantee-dinterstice\/#article\",\"isPartOf\":{\"@id\":\"https:\/\/cavecaenem.fr\/index.php\/2022\/05\/06\/la-nuit-enchantee-dinterstice\/#webpage\"},\"author\":{\"@id\":\"https:\/\/cavecaenem.fr\/#\/schema\/person\/8adecaca43e137acf11e776d28d1e734\"},\"headline\":\"La nuit enchant\\u00e9e d&#8217;Interstice&#8230;\",\"datePublished\":\"2022-05-06T17:43:32+00:00\",\"dateModified\":\"2022-05-06T17:43:33+00:00\",\"mainEntityOfPage\":{\"@id\":\"https:\/\/cavecaenem.fr\/index.php\/2022\/05\/06\/la-nuit-enchantee-dinterstice\/#webpage\"},\"wordCount\":1196,\"commentCount\":0,\"publisher\":{\"@id\":\"https:\/\/cavecaenem.fr\/#\/schema\/person\/8adecaca43e137acf11e776d28d1e734\"},\"image\":{\"@id\":\"https:\/\/cavecaenem.fr\/index.php\/2022\/05\/06\/la-nuit-enchantee-dinterstice\/#primaryimage\"},\"thumbnailUrl\":\"https:\/\/cavecaenem.fr\/wp-content\/uploads\/2022\/05\/IMG_4011-rotated.jpg\",\"articleSection\":[\"La Nuit\"],\"inLanguage\":\"fr-FR\",\"potentialAction\":[{\"@type\":\"CommentAction\",\"name\":\"Comment\",\"target\":[\"https:\/\/cavecaenem.fr\/index.php\/2022\/05\/06\/la-nuit-enchantee-dinterstice\/#respond\"]}]},{\"@type\":[\"Person\",\"Organization\"],\"@id\":\"https:\/\/cavecaenem.fr\/#\/schema\/person\/8adecaca43e137acf11e776d28d1e734\",\"name\":\"Ren\\u00e9 Fix\",\"image\":{\"@type\":\"ImageObject\",\"@id\":\"https:\/\/cavecaenem.fr\/#personlogo\",\"inLanguage\":\"fr-FR\",\"url\":\"https:\/\/secure.gravatar.com\/avatar\/b49591d8c60f351185d7719fe6f34144?s=96&d=mm&r=g\",\"contentUrl\":\"https:\/\/secure.gravatar.com\/avatar\/b49591d8c60f351185d7719fe6f34144?s=96&d=mm&r=g\",\"caption\":\"Ren\\u00e9 Fix\"},\"logo\":{\"@id\":\"https:\/\/cavecaenem.fr\/#personlogo\"}}]}<\/script>\n<!-- \/ Yoast SEO plugin. -->","yoast_head_json":{"title":"La nuit enchant\u00e9e d'Interstice... - CaveCaenem","robots":{"index":"index","follow":"follow","max-snippet":"max-snippet:-1","max-image-preview":"max-image-preview:large","max-video-preview":"max-video-preview:-1"},"canonical":"https:\/\/cavecaenem.fr\/index.php\/2022\/05\/06\/la-nuit-enchantee-dinterstice\/","og_locale":"fr_FR","og_type":"article","og_title":"La nuit enchant\u00e9e d'Interstice... - CaveCaenem","og_description":"Des images, de la musique et \u2026de l\u2019art. Hier soir, \u00e0 l\u2019Esam et ensuite au Carg\u00f6, se d\u00e9roulait la traditionnelle et attendue \u201cgrosse\u201d soir\u00e9e du ...","og_url":"https:\/\/cavecaenem.fr\/index.php\/2022\/05\/06\/la-nuit-enchantee-dinterstice\/","og_site_name":"CaveCaenem","article_published_time":"2022-05-06T17:43:32+00:00","article_modified_time":"2022-05-06T17:43:33+00:00","og_image":[{"width":1512,"height":2016,"url":"https:\/\/cavecaenem.fr\/wp-content\/uploads\/2022\/05\/IMG_4011-rotated.jpg","type":"image\/jpeg"}],"twitter_card":"summary_large_image","twitter_misc":{"\u00c9crit par":"Ren\u00e9 Fix","Dur\u00e9e de lecture estim\u00e9e":"5 minutes"},"schema":{"@context":"https:\/\/schema.org","@graph":[{"@type":"WebSite","@id":"https:\/\/cavecaenem.fr\/#website","url":"https:\/\/cavecaenem.fr\/","name":"CaveCaenem","description":"L\u2019actualit\u00e9 caennaise en toute subjectivit\u00e9.","publisher":{"@id":"https:\/\/cavecaenem.fr\/#\/schema\/person\/8adecaca43e137acf11e776d28d1e734"},"potentialAction":[{"@type":"SearchAction","target":{"@type":"EntryPoint","urlTemplate":"https:\/\/cavecaenem.fr\/?s={search_term_string}"},"query-input":"required name=search_term_string"}],"inLanguage":"fr-FR"},{"@type":"ImageObject","@id":"https:\/\/cavecaenem.fr\/index.php\/2022\/05\/06\/la-nuit-enchantee-dinterstice\/#primaryimage","inLanguage":"fr-FR","url":"https:\/\/cavecaenem.fr\/wp-content\/uploads\/2022\/05\/IMG_4011-rotated.jpg","contentUrl":"https:\/\/cavecaenem.fr\/wp-content\/uploads\/2022\/05\/IMG_4011-rotated.jpg","width":1512,"height":2016},{"@type":"WebPage","@id":"https:\/\/cavecaenem.fr\/index.php\/2022\/05\/06\/la-nuit-enchantee-dinterstice\/#webpage","url":"https:\/\/cavecaenem.fr\/index.php\/2022\/05\/06\/la-nuit-enchantee-dinterstice\/","name":"La nuit enchant\u00e9e d'Interstice... - CaveCaenem","isPartOf":{"@id":"https:\/\/cavecaenem.fr\/#website"},"primaryImageOfPage":{"@id":"https:\/\/cavecaenem.fr\/index.php\/2022\/05\/06\/la-nuit-enchantee-dinterstice\/#primaryimage"},"datePublished":"2022-05-06T17:43:32+00:00","dateModified":"2022-05-06T17:43:33+00:00","breadcrumb":{"@id":"https:\/\/cavecaenem.fr\/index.php\/2022\/05\/06\/la-nuit-enchantee-dinterstice\/#breadcrumb"},"inLanguage":"fr-FR","potentialAction":[{"@type":"ReadAction","target":["https:\/\/cavecaenem.fr\/index.php\/2022\/05\/06\/la-nuit-enchantee-dinterstice\/"]}]},{"@type":"BreadcrumbList","@id":"https:\/\/cavecaenem.fr\/index.php\/2022\/05\/06\/la-nuit-enchantee-dinterstice\/#breadcrumb","itemListElement":[{"@type":"ListItem","position":1,"name":"Accueil","item":"https:\/\/cavecaenem.fr\/"},{"@type":"ListItem","position":2,"name":"La nuit enchant\u00e9e d&#8217;Interstice&#8230;"}]},{"@type":"Article","@id":"https:\/\/cavecaenem.fr\/index.php\/2022\/05\/06\/la-nuit-enchantee-dinterstice\/#article","isPartOf":{"@id":"https:\/\/cavecaenem.fr\/index.php\/2022\/05\/06\/la-nuit-enchantee-dinterstice\/#webpage"},"author":{"@id":"https:\/\/cavecaenem.fr\/#\/schema\/person\/8adecaca43e137acf11e776d28d1e734"},"headline":"La nuit enchant\u00e9e d&#8217;Interstice&#8230;","datePublished":"2022-05-06T17:43:32+00:00","dateModified":"2022-05-06T17:43:33+00:00","mainEntityOfPage":{"@id":"https:\/\/cavecaenem.fr\/index.php\/2022\/05\/06\/la-nuit-enchantee-dinterstice\/#webpage"},"wordCount":1196,"commentCount":0,"publisher":{"@id":"https:\/\/cavecaenem.fr\/#\/schema\/person\/8adecaca43e137acf11e776d28d1e734"},"image":{"@id":"https:\/\/cavecaenem.fr\/index.php\/2022\/05\/06\/la-nuit-enchantee-dinterstice\/#primaryimage"},"thumbnailUrl":"https:\/\/cavecaenem.fr\/wp-content\/uploads\/2022\/05\/IMG_4011-rotated.jpg","articleSection":["La Nuit"],"inLanguage":"fr-FR","potentialAction":[{"@type":"CommentAction","name":"Comment","target":["https:\/\/cavecaenem.fr\/index.php\/2022\/05\/06\/la-nuit-enchantee-dinterstice\/#respond"]}]},{"@type":["Person","Organization"],"@id":"https:\/\/cavecaenem.fr\/#\/schema\/person\/8adecaca43e137acf11e776d28d1e734","name":"Ren\u00e9 Fix","image":{"@type":"ImageObject","@id":"https:\/\/cavecaenem.fr\/#personlogo","inLanguage":"fr-FR","url":"https:\/\/secure.gravatar.com\/avatar\/b49591d8c60f351185d7719fe6f34144?s=96&d=mm&r=g","contentUrl":"https:\/\/secure.gravatar.com\/avatar\/b49591d8c60f351185d7719fe6f34144?s=96&d=mm&r=g","caption":"Ren\u00e9 Fix"},"logo":{"@id":"https:\/\/cavecaenem.fr\/#personlogo"}}]}},"jetpack_featured_media_url":"https:\/\/cavecaenem.fr\/wp-content\/uploads\/2022\/05\/IMG_4011-rotated.jpg","_links":{"self":[{"href":"https:\/\/cavecaenem.fr\/index.php\/wp-json\/wp\/v2\/posts\/581"}],"collection":[{"href":"https:\/\/cavecaenem.fr\/index.php\/wp-json\/wp\/v2\/posts"}],"about":[{"href":"https:\/\/cavecaenem.fr\/index.php\/wp-json\/wp\/v2\/types\/post"}],"author":[{"embeddable":true,"href":"https:\/\/cavecaenem.fr\/index.php\/wp-json\/wp\/v2\/users\/1"}],"replies":[{"embeddable":true,"href":"https:\/\/cavecaenem.fr\/index.php\/wp-json\/wp\/v2\/comments?post=581"}],"version-history":[{"count":1,"href":"https:\/\/cavecaenem.fr\/index.php\/wp-json\/wp\/v2\/posts\/581\/revisions"}],"predecessor-version":[{"id":583,"href":"https:\/\/cavecaenem.fr\/index.php\/wp-json\/wp\/v2\/posts\/581\/revisions\/583"}],"wp:featuredmedia":[{"embeddable":true,"href":"https:\/\/cavecaenem.fr\/index.php\/wp-json\/wp\/v2\/media\/582"}],"wp:attachment":[{"href":"https:\/\/cavecaenem.fr\/index.php\/wp-json\/wp\/v2\/media?parent=581"}],"wp:term":[{"taxonomy":"category","embeddable":true,"href":"https:\/\/cavecaenem.fr\/index.php\/wp-json\/wp\/v2\/categories?post=581"},{"taxonomy":"post_tag","embeddable":true,"href":"https:\/\/cavecaenem.fr\/index.php\/wp-json\/wp\/v2\/tags?post=581"}],"curies":[{"name":"wp","href":"https:\/\/api.w.org\/{rel}","templated":true}]}}