{"id":824,"date":"2023-11-05T13:05:59","date_gmt":"2023-11-05T12:05:59","guid":{"rendered":"https:\/\/cavecaenem.fr\/?p=824"},"modified":"2023-11-05T13:20:35","modified_gmt":"2023-11-05T12:20:35","slug":"perseides-les-pieds-sur-terre-et-la-tete-dans-les-etoiles","status":"publish","type":"post","link":"https:\/\/cavecaenem.fr\/index.php\/2023\/11\/05\/perseides-les-pieds-sur-terre-et-la-tete-dans-les-etoiles\/","title":{"rendered":"Pers\u00e9ides : les pieds sur terre et la t\u00eate dans les \u00e9toiles."},"content":{"rendered":"\n<p>&nbsp;Depuis quelques temps, dans une r\u00e9gion frapp\u00e9e par la morosit\u00e9 de ses propositions \u00ab&nbsp;electro&nbsp;\u00bb il se disait qu\u2019un nouvel \u00e9v\u00e9nement se tramait \u00e0 Lisieux. Il faut dire que le collectif Com\u00e8tes derri\u00e8re cette proposition du Pers\u00e9ides Festival s\u2019est donn\u00e9 les moyens de marquer les esprits. Une communication bien rod\u00e9e, une programmation all\u00e9chante, une d\u00e9couverte \u00ab&nbsp;tremplin&nbsp;\u00bb et surtout l\u2019espoir de voir revenir sur la carte des festivit\u00e9s cette bonne ville de Lisieux install\u00e9e depuis des lustres dans la torpeur due sous pr\u00e9fecture sans r\u00e9elle ambition en la mati\u00e8re.<\/p>\n\n\n\n<p>Direction donc la salle Mosa\u00efc, un \u00e9quipement municipal qui transpire la MJC par tous les pores de son plafond blanc quadrill\u00e9. Il aura fallu bien des r\u00eaveries aux Com\u00e8tes pour sublimer cet espace anonyme en un club accueillant mais d\u00e8s l\u2019entr\u00e9e on sent que \u00ab&nbsp;\u00e7a peut l\u2019faire&nbsp;\u00bb! Tous les codes sont l\u00e0, de la fouille ( rapide et pro) \u00e0 l\u2019entr\u00e9e en passant par les stands de pr\u00e9vention, de maquillage jusqu\u2019\u00e0 cet espace Chill o\u00f9 flotte pourtant bizarrement une musique qui flirte avec Radio Nostalgie. Le confort est optimal et l\u2019amateurisme n\u2019a pas sa place.&nbsp;<\/p>\n\n\n\n<p>\u00c0 19h30 il faut de la t\u00e9m\u00e9rit\u00e9 et beaucoup d\u2019\u00e9nergie \u00e0 R\u20191 pour parvenir \u00e0 nous faire oublier le grand vide de la salle, qui, malgr\u00e9 des efforts m\u00e9ritoires, ne parvient pas \u00e0 cacher son origine \u00ab&nbsp;socio-cul&nbsp;\u00bb. Le plafond blanc et ses dalles accrochent les effets de lumi\u00e8re et rend presque surr\u00e9aliste les pouss\u00e9es \u00ab&nbsp;techno&nbsp;\u00bb ultra mentales du dj qui d\u00e9laissait pour une fois son univers house en surfant avec une \u00e2me d\u2019enfant r\u00e9joui sur des vinyles bien charg\u00e9s en bpm. Il faut bien cet electro(choc), loin des standards du warm up rassurant pour incendier un peu le flegme lexovien et \u00e7a marche !<\/p>\n\n\n\n<p>Apr\u00e8s R\u20191 c\u2019est au tour du vainqueur du tremplin, Michel Hubert. \u00c0 mi-chemin entre prestation de foire et cours d\u2019a\u00e9robic, le martien Hubert nous balance son ovni musical avec la certitude d\u2019entra\u00eener le public dans son approche tr\u00e8s (vraiment tr\u00e8s) second degr\u00e9. Des sonorit\u00e9s comme sorties d\u2019une bo\u00eete \u00e0 rythme playskool accompagnent des \u00ab\u00a0lyrics\u00a0\u00bb minimalistes qui font la part belle \u00e0 l\u2019autod\u00e9rision. Le \u00ab\u00a0show\u00a0\u00bb tombe parfois un peu \u00e0 plat quand il se perd dans son esprit kermesse \u00e0 frites mais il retrouve toute sa vigueur pertinente quand il parodie avec justesse la s\u00e9cheresse ou la pauvret\u00e9 des musiques synth\u00e9tiques.\u00a0<\/p>\n\n\n\n<p>La silhouette gracieuse et fragile de Tolvy remplace les pitreries burlesques et avec elle l\u2019univers froid et parfois m\u00e9lancolique de ces machines manipul\u00e9es en \u00ab&nbsp;live&nbsp;\u00bb sur des bandes-son qui oscillent entre tentations EDM mainstream et noirceur techno minimales. Id\u00e9alement install\u00e9e dans un dispositif sc\u00e9nique qui l\u2019accompagne depuis ses d\u00e9buts, Tolvy se livre \u00e0 une prestation qui n\u2019\u00e9chappe pas parfois \u00e0 l\u2019exercice un peu scolaire d\u2019un live archi-robotis\u00e9 mais quand se pointe une douce folie un peu punk on sent bien le potentiel ravageur de cette jeune artiste rouennaise.&nbsp;<\/p>\n\n\n\n<p>Il est temps d\u2019\u00e9couter Com\u00e8tes, les deux musiciens venus jouer sur leur propre terre. Bien camoufl\u00e9s derri\u00e8re un masque, ils ( il et elle en fait !) ils s\u2019installent dans un dispositif qui n\u2019est pas sans ressembler \u00e0 ces groupes new wawe des ann\u00e9es 80. Com\u00e8tes donc, avec un \u00ab&nbsp;blaze&nbsp;\u00bb qui r\u00e9sume bien une musique o\u00f9, derri\u00e8re des nappes de synth\u00e9 spectrales explosent des bons gros kicks en mode four on the floor efficaces. Je regrette un peu le d\u00e9coupage des tracks qui les obligent \u00e0 relancer \u00e0 chaque fois une dynamique sonore bien r\u00e9elle et les drops, ces gouttes d\u2019eau musicales o\u00f9 explosent toute la force concentr\u00e9e d\u2019une piste, sont encore un peu timides mais la proposition, sans conteste, rel\u00e8ve de l\u2019\u00e9vidence : un vrai groupe est n\u00e9.<\/p>\n\n\n\n<p>Who the f++k is Sara Zinger ?&nbsp;<\/p>\n\n\n\n<p>Pour parodier une des tracks mix\u00e9es par Sara Zinger ( what the f++k is EDM d\u2019Alphadog) je n\u2019ai cess\u00e9 de me demander qui \u00e9tait cette Sara Zinger qui, durant un set impeccable, sera parvenue \u00e0 maintenir une tension rigoureuse \u00e0 travers des pistes ( parfois personnelles) qui laissaient toujours entendre des vocaux trait\u00e9s ici comme autant de claques rythmiques n\u00e9cessaires pour r\u00e9veiller un public un peu coinc\u00e9. Sans aucun doute, son set, dans un lieu plus habitu\u00e9 \u00e0 cette musique aurait provoqu\u00e9 une crise hyst\u00e9rique totale du dancefloor mais Lisieux oblige, elle maintient le feu sacr\u00e9 des d\u00e9hanchements bourgeois et croyez moi, ce n\u2019\u00e9tait pas gagn\u00e9 ! A mes yeux elle est la v\u00e9ritable r\u00e9v\u00e9lation de cette premi\u00e8re \u00e9dition d\u2019un festival qu\u2019on esp\u00e8re de tout c\u0153ur s\u2019installer d\u00e9finitivement dans le paysage et ce n\u2019est pas faire ici offense \u00e0 Z\u00e9lie qui apr\u00e8s elle, initie les oreilles locales \u00e0 sa solide grammaire techno qui alterne subtilement entre de grosses claques de kicks et de moelleuses caresses m\u00e9lodiques.\u00a0<\/p>\n\n\n\n<p>De grands espoirs donc naissent du c\u00f4t\u00e9 de Lisieux, l\u2019espoir de voir une nouvelle g\u00e9n\u00e9ration repenser l\u2019approche et la d\u00e9couverte de ces musiques ( mention sp\u00e9ciale pour cette salle mixte, interg\u00e9n\u00e9rationnelle o\u00f9 des profils tr\u00e8s club c\u00f4toyaient des silhouettes qu\u2019on pensait plut\u00f4t rencontrer \u00e0 un th\u00e9 dansant ; mention \u201cla classe\u201d pour le dj Modwaver qui assumera avec brio, dans sa petite boite noire la d\u00e9licate fonction de transition musicale entre les diff\u00e9rents artistes. Une science r\u00e9elle de la musique associ\u00e9e \u00e0 des pistes parfaites &#8211; ah la joie d\u2019entendre I\u2019m ready de size 9) font de ses passages \u00e9clair un enchantemet). S\u2019ils parviennent \u00e0 conserver la fougue irrespectueuse des amateurs et le professionnalisme des \u00ab&nbsp;grands&nbsp;\u00bb, ces nouveaux pionniers lexoviens risquent bien de chambouler notre paysage o\u00f9 tr\u00f4nent ( encore) trop de vieux rois nus !&nbsp;<\/p>\n","protected":false},"excerpt":{"rendered":"<p>&nbsp;Depuis quelques temps, dans une r\u00e9gion frapp\u00e9e par la morosit\u00e9 de ses propositions \u00ab&nbsp;electro&nbsp;\u00bb il se disait qu\u2019un nouvel \u00e9v\u00e9nement se tramait \u00e0 Lisieux. Il &#8230;<\/p>\n","protected":false},"author":1,"featured_media":825,"comment_status":"open","ping_status":"open","sticky":false,"template":"","format":"standard","meta":{"spay_email":""},"categories":[1],"tags":[],"yoast_head":"<!-- This site is optimized with the Yoast SEO plugin v17.7.1 - https:\/\/yoast.com\/wordpress\/plugins\/seo\/ -->\n<title>Pers\u00e9ides : les pieds sur terre et la t\u00eate dans les \u00e9toiles. - CaveCaenem<\/title>\n<meta name=\"robots\" content=\"index, follow, max-snippet:-1, max-image-preview:large, max-video-preview:-1\" \/>\n<link rel=\"canonical\" href=\"https:\/\/cavecaenem.fr\/index.php\/2023\/11\/05\/perseides-les-pieds-sur-terre-et-la-tete-dans-les-etoiles\/\" \/>\n<meta property=\"og:locale\" content=\"fr_FR\" \/>\n<meta property=\"og:type\" content=\"article\" \/>\n<meta property=\"og:title\" content=\"Pers\u00e9ides : les pieds sur terre et la t\u00eate dans les \u00e9toiles. - CaveCaenem\" \/>\n<meta property=\"og:description\" content=\"&nbsp;Depuis quelques temps, dans une r\u00e9gion frapp\u00e9e par la morosit\u00e9 de ses propositions \u00ab&nbsp;electro&nbsp;\u00bb il se disait qu\u2019un nouvel \u00e9v\u00e9nement se tramait \u00e0 Lisieux. Il ...\" \/>\n<meta property=\"og:url\" content=\"https:\/\/cavecaenem.fr\/index.php\/2023\/11\/05\/perseides-les-pieds-sur-terre-et-la-tete-dans-les-etoiles\/\" \/>\n<meta property=\"og:site_name\" content=\"CaveCaenem\" \/>\n<meta property=\"article:published_time\" content=\"2023-11-05T12:05:59+00:00\" \/>\n<meta property=\"article:modified_time\" content=\"2023-11-05T12:20:35+00:00\" \/>\n<meta property=\"og:image\" content=\"https:\/\/cavecaenem.fr\/wp-content\/uploads\/2023\/11\/IMG_5470-rotated.jpg\" \/>\n\t<meta property=\"og:image:width\" content=\"1512\" \/>\n\t<meta property=\"og:image:height\" content=\"2016\" \/>\n<meta name=\"twitter:card\" content=\"summary_large_image\" \/>\n<meta name=\"twitter:label1\" content=\"\u00c9crit par\" \/>\n\t<meta name=\"twitter:data1\" content=\"Ren\u00e9 Fix\" \/>\n\t<meta name=\"twitter:label2\" content=\"Dur\u00e9e de lecture estim\u00e9e\" \/>\n\t<meta name=\"twitter:data2\" content=\"4 minutes\" \/>\n<script type=\"application\/ld+json\" class=\"yoast-schema-graph\">{\"@context\":\"https:\/\/schema.org\",\"@graph\":[{\"@type\":\"WebSite\",\"@id\":\"https:\/\/cavecaenem.fr\/#website\",\"url\":\"https:\/\/cavecaenem.fr\/\",\"name\":\"CaveCaenem\",\"description\":\"L\\u2019actualit\\u00e9 caennaise en toute subjectivit\\u00e9.\",\"publisher\":{\"@id\":\"https:\/\/cavecaenem.fr\/#\/schema\/person\/8adecaca43e137acf11e776d28d1e734\"},\"potentialAction\":[{\"@type\":\"SearchAction\",\"target\":{\"@type\":\"EntryPoint\",\"urlTemplate\":\"https:\/\/cavecaenem.fr\/?s={search_term_string}\"},\"query-input\":\"required name=search_term_string\"}],\"inLanguage\":\"fr-FR\"},{\"@type\":\"ImageObject\",\"@id\":\"https:\/\/cavecaenem.fr\/index.php\/2023\/11\/05\/perseides-les-pieds-sur-terre-et-la-tete-dans-les-etoiles\/#primaryimage\",\"inLanguage\":\"fr-FR\",\"url\":\"https:\/\/cavecaenem.fr\/wp-content\/uploads\/2023\/11\/IMG_5470-rotated.jpg\",\"contentUrl\":\"https:\/\/cavecaenem.fr\/wp-content\/uploads\/2023\/11\/IMG_5470-rotated.jpg\",\"width\":1512,\"height\":2016},{\"@type\":\"WebPage\",\"@id\":\"https:\/\/cavecaenem.fr\/index.php\/2023\/11\/05\/perseides-les-pieds-sur-terre-et-la-tete-dans-les-etoiles\/#webpage\",\"url\":\"https:\/\/cavecaenem.fr\/index.php\/2023\/11\/05\/perseides-les-pieds-sur-terre-et-la-tete-dans-les-etoiles\/\",\"name\":\"Pers\\u00e9ides : les pieds sur terre et la t\\u00eate dans les \\u00e9toiles. - CaveCaenem\",\"isPartOf\":{\"@id\":\"https:\/\/cavecaenem.fr\/#website\"},\"primaryImageOfPage\":{\"@id\":\"https:\/\/cavecaenem.fr\/index.php\/2023\/11\/05\/perseides-les-pieds-sur-terre-et-la-tete-dans-les-etoiles\/#primaryimage\"},\"datePublished\":\"2023-11-05T12:05:59+00:00\",\"dateModified\":\"2023-11-05T12:20:35+00:00\",\"breadcrumb\":{\"@id\":\"https:\/\/cavecaenem.fr\/index.php\/2023\/11\/05\/perseides-les-pieds-sur-terre-et-la-tete-dans-les-etoiles\/#breadcrumb\"},\"inLanguage\":\"fr-FR\",\"potentialAction\":[{\"@type\":\"ReadAction\",\"target\":[\"https:\/\/cavecaenem.fr\/index.php\/2023\/11\/05\/perseides-les-pieds-sur-terre-et-la-tete-dans-les-etoiles\/\"]}]},{\"@type\":\"BreadcrumbList\",\"@id\":\"https:\/\/cavecaenem.fr\/index.php\/2023\/11\/05\/perseides-les-pieds-sur-terre-et-la-tete-dans-les-etoiles\/#breadcrumb\",\"itemListElement\":[{\"@type\":\"ListItem\",\"position\":1,\"name\":\"Accueil\",\"item\":\"https:\/\/cavecaenem.fr\/\"},{\"@type\":\"ListItem\",\"position\":2,\"name\":\"Pers\\u00e9ides : les pieds sur terre et la t\\u00eate dans les \\u00e9toiles.\"}]},{\"@type\":\"Article\",\"@id\":\"https:\/\/cavecaenem.fr\/index.php\/2023\/11\/05\/perseides-les-pieds-sur-terre-et-la-tete-dans-les-etoiles\/#article\",\"isPartOf\":{\"@id\":\"https:\/\/cavecaenem.fr\/index.php\/2023\/11\/05\/perseides-les-pieds-sur-terre-et-la-tete-dans-les-etoiles\/#webpage\"},\"author\":{\"@id\":\"https:\/\/cavecaenem.fr\/#\/schema\/person\/8adecaca43e137acf11e776d28d1e734\"},\"headline\":\"Pers\\u00e9ides : les pieds sur terre et la t\\u00eate dans les \\u00e9toiles.\",\"datePublished\":\"2023-11-05T12:05:59+00:00\",\"dateModified\":\"2023-11-05T12:20:35+00:00\",\"mainEntityOfPage\":{\"@id\":\"https:\/\/cavecaenem.fr\/index.php\/2023\/11\/05\/perseides-les-pieds-sur-terre-et-la-tete-dans-les-etoiles\/#webpage\"},\"wordCount\":1037,\"commentCount\":0,\"publisher\":{\"@id\":\"https:\/\/cavecaenem.fr\/#\/schema\/person\/8adecaca43e137acf11e776d28d1e734\"},\"image\":{\"@id\":\"https:\/\/cavecaenem.fr\/index.php\/2023\/11\/05\/perseides-les-pieds-sur-terre-et-la-tete-dans-les-etoiles\/#primaryimage\"},\"thumbnailUrl\":\"https:\/\/cavecaenem.fr\/wp-content\/uploads\/2023\/11\/IMG_5470-rotated.jpg\",\"articleSection\":[\"La Nuit\"],\"inLanguage\":\"fr-FR\",\"potentialAction\":[{\"@type\":\"CommentAction\",\"name\":\"Comment\",\"target\":[\"https:\/\/cavecaenem.fr\/index.php\/2023\/11\/05\/perseides-les-pieds-sur-terre-et-la-tete-dans-les-etoiles\/#respond\"]}]},{\"@type\":[\"Person\",\"Organization\"],\"@id\":\"https:\/\/cavecaenem.fr\/#\/schema\/person\/8adecaca43e137acf11e776d28d1e734\",\"name\":\"Ren\\u00e9 Fix\",\"image\":{\"@type\":\"ImageObject\",\"@id\":\"https:\/\/cavecaenem.fr\/#personlogo\",\"inLanguage\":\"fr-FR\",\"url\":\"https:\/\/secure.gravatar.com\/avatar\/b49591d8c60f351185d7719fe6f34144?s=96&d=mm&r=g\",\"contentUrl\":\"https:\/\/secure.gravatar.com\/avatar\/b49591d8c60f351185d7719fe6f34144?s=96&d=mm&r=g\",\"caption\":\"Ren\\u00e9 Fix\"},\"logo\":{\"@id\":\"https:\/\/cavecaenem.fr\/#personlogo\"}}]}<\/script>\n<!-- \/ Yoast SEO plugin. -->","yoast_head_json":{"title":"Pers\u00e9ides : les pieds sur terre et la t\u00eate dans les \u00e9toiles. - CaveCaenem","robots":{"index":"index","follow":"follow","max-snippet":"max-snippet:-1","max-image-preview":"max-image-preview:large","max-video-preview":"max-video-preview:-1"},"canonical":"https:\/\/cavecaenem.fr\/index.php\/2023\/11\/05\/perseides-les-pieds-sur-terre-et-la-tete-dans-les-etoiles\/","og_locale":"fr_FR","og_type":"article","og_title":"Pers\u00e9ides : les pieds sur terre et la t\u00eate dans les \u00e9toiles. - CaveCaenem","og_description":"&nbsp;Depuis quelques temps, dans une r\u00e9gion frapp\u00e9e par la morosit\u00e9 de ses propositions \u00ab&nbsp;electro&nbsp;\u00bb il se disait qu\u2019un nouvel \u00e9v\u00e9nement se tramait \u00e0 Lisieux. Il ...","og_url":"https:\/\/cavecaenem.fr\/index.php\/2023\/11\/05\/perseides-les-pieds-sur-terre-et-la-tete-dans-les-etoiles\/","og_site_name":"CaveCaenem","article_published_time":"2023-11-05T12:05:59+00:00","article_modified_time":"2023-11-05T12:20:35+00:00","og_image":[{"width":1512,"height":2016,"url":"https:\/\/cavecaenem.fr\/wp-content\/uploads\/2023\/11\/IMG_5470-rotated.jpg","type":"image\/jpeg"}],"twitter_card":"summary_large_image","twitter_misc":{"\u00c9crit par":"Ren\u00e9 Fix","Dur\u00e9e de lecture estim\u00e9e":"4 minutes"},"schema":{"@context":"https:\/\/schema.org","@graph":[{"@type":"WebSite","@id":"https:\/\/cavecaenem.fr\/#website","url":"https:\/\/cavecaenem.fr\/","name":"CaveCaenem","description":"L\u2019actualit\u00e9 caennaise en toute subjectivit\u00e9.","publisher":{"@id":"https:\/\/cavecaenem.fr\/#\/schema\/person\/8adecaca43e137acf11e776d28d1e734"},"potentialAction":[{"@type":"SearchAction","target":{"@type":"EntryPoint","urlTemplate":"https:\/\/cavecaenem.fr\/?s={search_term_string}"},"query-input":"required name=search_term_string"}],"inLanguage":"fr-FR"},{"@type":"ImageObject","@id":"https:\/\/cavecaenem.fr\/index.php\/2023\/11\/05\/perseides-les-pieds-sur-terre-et-la-tete-dans-les-etoiles\/#primaryimage","inLanguage":"fr-FR","url":"https:\/\/cavecaenem.fr\/wp-content\/uploads\/2023\/11\/IMG_5470-rotated.jpg","contentUrl":"https:\/\/cavecaenem.fr\/wp-content\/uploads\/2023\/11\/IMG_5470-rotated.jpg","width":1512,"height":2016},{"@type":"WebPage","@id":"https:\/\/cavecaenem.fr\/index.php\/2023\/11\/05\/perseides-les-pieds-sur-terre-et-la-tete-dans-les-etoiles\/#webpage","url":"https:\/\/cavecaenem.fr\/index.php\/2023\/11\/05\/perseides-les-pieds-sur-terre-et-la-tete-dans-les-etoiles\/","name":"Pers\u00e9ides : les pieds sur terre et la t\u00eate dans les \u00e9toiles. - CaveCaenem","isPartOf":{"@id":"https:\/\/cavecaenem.fr\/#website"},"primaryImageOfPage":{"@id":"https:\/\/cavecaenem.fr\/index.php\/2023\/11\/05\/perseides-les-pieds-sur-terre-et-la-tete-dans-les-etoiles\/#primaryimage"},"datePublished":"2023-11-05T12:05:59+00:00","dateModified":"2023-11-05T12:20:35+00:00","breadcrumb":{"@id":"https:\/\/cavecaenem.fr\/index.php\/2023\/11\/05\/perseides-les-pieds-sur-terre-et-la-tete-dans-les-etoiles\/#breadcrumb"},"inLanguage":"fr-FR","potentialAction":[{"@type":"ReadAction","target":["https:\/\/cavecaenem.fr\/index.php\/2023\/11\/05\/perseides-les-pieds-sur-terre-et-la-tete-dans-les-etoiles\/"]}]},{"@type":"BreadcrumbList","@id":"https:\/\/cavecaenem.fr\/index.php\/2023\/11\/05\/perseides-les-pieds-sur-terre-et-la-tete-dans-les-etoiles\/#breadcrumb","itemListElement":[{"@type":"ListItem","position":1,"name":"Accueil","item":"https:\/\/cavecaenem.fr\/"},{"@type":"ListItem","position":2,"name":"Pers\u00e9ides : les pieds sur terre et la t\u00eate dans les \u00e9toiles."}]},{"@type":"Article","@id":"https:\/\/cavecaenem.fr\/index.php\/2023\/11\/05\/perseides-les-pieds-sur-terre-et-la-tete-dans-les-etoiles\/#article","isPartOf":{"@id":"https:\/\/cavecaenem.fr\/index.php\/2023\/11\/05\/perseides-les-pieds-sur-terre-et-la-tete-dans-les-etoiles\/#webpage"},"author":{"@id":"https:\/\/cavecaenem.fr\/#\/schema\/person\/8adecaca43e137acf11e776d28d1e734"},"headline":"Pers\u00e9ides : les pieds sur terre et la t\u00eate dans les \u00e9toiles.","datePublished":"2023-11-05T12:05:59+00:00","dateModified":"2023-11-05T12:20:35+00:00","mainEntityOfPage":{"@id":"https:\/\/cavecaenem.fr\/index.php\/2023\/11\/05\/perseides-les-pieds-sur-terre-et-la-tete-dans-les-etoiles\/#webpage"},"wordCount":1037,"commentCount":0,"publisher":{"@id":"https:\/\/cavecaenem.fr\/#\/schema\/person\/8adecaca43e137acf11e776d28d1e734"},"image":{"@id":"https:\/\/cavecaenem.fr\/index.php\/2023\/11\/05\/perseides-les-pieds-sur-terre-et-la-tete-dans-les-etoiles\/#primaryimage"},"thumbnailUrl":"https:\/\/cavecaenem.fr\/wp-content\/uploads\/2023\/11\/IMG_5470-rotated.jpg","articleSection":["La Nuit"],"inLanguage":"fr-FR","potentialAction":[{"@type":"CommentAction","name":"Comment","target":["https:\/\/cavecaenem.fr\/index.php\/2023\/11\/05\/perseides-les-pieds-sur-terre-et-la-tete-dans-les-etoiles\/#respond"]}]},{"@type":["Person","Organization"],"@id":"https:\/\/cavecaenem.fr\/#\/schema\/person\/8adecaca43e137acf11e776d28d1e734","name":"Ren\u00e9 Fix","image":{"@type":"ImageObject","@id":"https:\/\/cavecaenem.fr\/#personlogo","inLanguage":"fr-FR","url":"https:\/\/secure.gravatar.com\/avatar\/b49591d8c60f351185d7719fe6f34144?s=96&d=mm&r=g","contentUrl":"https:\/\/secure.gravatar.com\/avatar\/b49591d8c60f351185d7719fe6f34144?s=96&d=mm&r=g","caption":"Ren\u00e9 Fix"},"logo":{"@id":"https:\/\/cavecaenem.fr\/#personlogo"}}]}},"jetpack_featured_media_url":"https:\/\/cavecaenem.fr\/wp-content\/uploads\/2023\/11\/IMG_5470-rotated.jpg","_links":{"self":[{"href":"https:\/\/cavecaenem.fr\/index.php\/wp-json\/wp\/v2\/posts\/824"}],"collection":[{"href":"https:\/\/cavecaenem.fr\/index.php\/wp-json\/wp\/v2\/posts"}],"about":[{"href":"https:\/\/cavecaenem.fr\/index.php\/wp-json\/wp\/v2\/types\/post"}],"author":[{"embeddable":true,"href":"https:\/\/cavecaenem.fr\/index.php\/wp-json\/wp\/v2\/users\/1"}],"replies":[{"embeddable":true,"href":"https:\/\/cavecaenem.fr\/index.php\/wp-json\/wp\/v2\/comments?post=824"}],"version-history":[{"count":2,"href":"https:\/\/cavecaenem.fr\/index.php\/wp-json\/wp\/v2\/posts\/824\/revisions"}],"predecessor-version":[{"id":828,"href":"https:\/\/cavecaenem.fr\/index.php\/wp-json\/wp\/v2\/posts\/824\/revisions\/828"}],"wp:featuredmedia":[{"embeddable":true,"href":"https:\/\/cavecaenem.fr\/index.php\/wp-json\/wp\/v2\/media\/825"}],"wp:attachment":[{"href":"https:\/\/cavecaenem.fr\/index.php\/wp-json\/wp\/v2\/media?parent=824"}],"wp:term":[{"taxonomy":"category","embeddable":true,"href":"https:\/\/cavecaenem.fr\/index.php\/wp-json\/wp\/v2\/categories?post=824"},{"taxonomy":"post_tag","embeddable":true,"href":"https:\/\/cavecaenem.fr\/index.php\/wp-json\/wp\/v2\/tags?post=824"}],"curies":[{"name":"wp","href":"https:\/\/api.w.org\/{rel}","templated":true}]}}