{"id":992,"date":"2024-10-11T11:08:14","date_gmt":"2024-10-11T09:08:14","guid":{"rendered":"https:\/\/cavecaenem.fr\/?p=992"},"modified":"2024-10-11T16:10:45","modified_gmt":"2024-10-11T14:10:45","slug":"ndk-le-concert-douverture","status":"publish","type":"post","link":"https:\/\/cavecaenem.fr\/index.php\/2024\/10\/11\/ndk-le-concert-douverture\/","title":{"rendered":"NDK : le \u00ab\u00a0concert\u00a0\u00bb d\u2019ouverture."},"content":{"rendered":"\n<p>Hier soir, apr\u00e8s deux manifestations de mise en bouche, d\u00e9butait r\u00e9ellement le week-end NDK. Rendez-vous donc\u00a0\u00e0 20h\u00a0\u00e0 la Com\u00e9die de Caen ( salle du\u00a032, rue des Cordes) pour Explore(r) le nouveau logiciel de programmation de cette quatri\u00e8me \u00e9dition.\u00a0Vers 20 h, on peut rencontrer les quelques personnalit\u00e9s invit\u00e9es au traditionnel pot d\u2019ouverture et le hall d\u2019accueil du th\u00e9\u00e2tre expose fi\u00e8rement deux kakemonos aux armes de la Drac et de la R\u00e9gion, \u00e7a vous donne tout de suite un petit c\u00f4t\u00e9 officiel qui illustre bien la volont\u00e9 des organisateurs d\u2019appara\u00eetre comme des interlocuteurs incontournables du \u00ab\u00a0milieu\u00a0\u00bb.\u00a0<br>En d\u00e9centralisant sa soir\u00e9e VIP au\u00a032, rue des Cordes, on nous indiquait aussi une volont\u00e9 de croiser les publics, restait \u00e0 savoir si les \u00ab\u00a0th\u00e9\u00e2treux\u00a0\u00bb sont miscibles dans la \u00ab\u00a0teuf\u00a0\u00bb\u00a0?<br>La (fausse?) bonne id\u00e9e de la soir\u00e9e r\u00e9sidait principalement dans l\u2019installation centrale de la sc\u00e8ne, permettant, sur le papier, une d\u00e9ambulation \u00e0 360\u00b0 autour des artistes. Le dispositif n\u2019est pas nouveau, et du Portobello \u00e0 la Fonderie, j\u2019ai pu assister \u00e0 des soir\u00e9es de ce genre. L\u00e0 o\u00f9 \u00e7a coin\u00e7ait un peu c\u2019est qu\u2019une malencontreuse obscurit\u00e9 totale de la salle n\u2019aura permis qu\u2019aux plus t\u00e9m\u00e9raires ( ou \u00e0 ceux qui connaissaient la salle) de s\u2019aventurer derri\u00e8re, le gros du public optant, par m\u00e9connaissance ou par frilosit\u00e9 pour le bon vieux \u00ab\u00a0frontal\u00a0\u00bb. Quand on d\u00e9place un concert electro dans une salle de th\u00e9\u00e2tre, il convient peut-\u00eatre de penser une petite dramaturgie de l\u2019espace mais les jeux de lumi\u00e8re concentr\u00e9s sur une sc\u00e8ne plong\u00e9e dans le noir auront rendu un peu vain cette id\u00e9e initiale s\u2019ajoutant \u00e0 cela un public trop modeste pour occuper cet espace qui se pensait un peu trop rapidement innovant.<br>Les soir\u00e9es \u00ab\u00a0officielles\u00a0\u00bb, dans nos bonnes vieilles pr\u00e9fectures, se doivent de remplir un cahier des charges Telerama friendly et d\u00e9voiler les audaces plus ou moins pointues \u00e0 m\u00eame de satisfaire les palais raffin\u00e9s et ce NDK Explore aura coch\u00e9 bon nombre des cases.\u00a0<br>Pour d\u00e9buter, place \u00e0 Nouveau Monica. Seul en sc\u00e8ne, le musicien explore d\u2019apparents t\u00e2tonnements sonores pour d\u00e9voiler des sortes de tableaux musicaux d\u2019o\u00f9 \u00e9mergent, \u00e7a et l\u00e0, des bribes de boucles \u00ab\u00a0soul\u00a0\u00bb rassurantes ou d\u00e9stabilisantes selon les envies de l\u2019artiste. Un peu comme ces artistes qui dessinent en live avec du sable, on voit presque devant nous surgir des paysages sonores qui, derri\u00e8re le chaos sonore, viennent se figer dans une \u00e9clatante et derni\u00e8re fulgurance. Entre finesse et fracas, Nouveau Monica excelle \u00e0 sculpter une p\u00e2te sonore pour faire appara\u00eetre ( et aussit\u00f4t dispara\u00eetre) des impressions musicales. Cinquante minutes de persistances &#8230; auditives bienvenue\u00a0!<br>C\u2019est au tour du quatuor belge Echt\u00a0! d\u2019entrer en sc\u00e8ne. Depuis quelques ann\u00e9es, Echt\u00a0! enchante surtout le milieu \u00ab\u00a0jazzy\u00a0\u00bb qui avait certainement besoin de ce petit vent de folie \u00ab\u00a0electro\u00a0\u00bb pour se refaire une jeunesse. Apr\u00e8s les paysages de Nouveau Monica, place \u00e0 des bandes-sons joyeuses et parfois sombres. Plaisante, cette introduction qui n\u2019\u00e9tait pas sans \u00e9voquer les dynamiques sautillantes d\u2019Henry Mancini, mais pour une Panth\u00e8re rose tout de m\u00eame un peu sous \u00ab\u00a0ecsta\u00a0\u00bb. C\u2019est dr\u00f4le, et m\u00eame si l\u2019esprit jazzy domine, on comprend leur pr\u00e9sence \u00e0 NDK, tant les quelques boucles viennent apporter un regain de tension. Nouveau morceau, nouvelle bande-son potentielle avec cette fois-ci une partition qui pourrait accompagner le tr\u00e8s m\u00e9chant d\u2019un James Bond infiltr\u00e9 \u00e0 Coachella. Le piano ( num\u00e9rique) sonne piano&#8230;jazz avant de partir dans un registre plus synth\u00e9 et illustrer une Guerre des \u00e9toiles 2.0. Une heure de musique efficace et tenue, un peu comme si la programmation Jazz dans les foyers du Th\u00e9\u00e2tre de Caen \u00e9tait venue s\u2019offrir une petite vir\u00e9e canaille du c\u00f4t\u00e9 des intellos Rive gauche.\u00a0<br>On attendait beaucoup de Glass, les r\u00e9gionaux de l\u2019\u00e9tape. Dans un \u00e9trange assemblage avec Maoupa Mazzocchetti, Glass poursuit sa sombre et t\u00e9n\u00e9breuse exploration musicale, ponctu\u00e9e hier soir par les \u00ab\u00a0bruits\u00a0\u00bb raffin\u00e9s de celui qu\u2019on pr\u00e9sente comme un magicien multi-instrumental. Le r\u00e9sultat sonne comme une impressionnante et hypoth\u00e9tique musique pour un ballet et l\u2019on se plaisait \u00e0 imaginer, dans cette salle de spectacle, une forme totale de rencontre entre danse et musique. A la rigueur froide de la rythmique de \u00a0Glass r\u00e9pondaient les virgules sonores et concertantes de Mazzocchietti sans que l\u2019on sache v\u00e9ritablement qui prenait le \u00ab\u00a0lead\u00a0\u00bb sur qui. La proposition, aust\u00e8re et presque jans\u00e9niste dans son forme, aura un peu bris\u00e9 les quelques vell\u00e9it\u00e9s dansantes du public mais elle semblait nous dire, \u00e0 l\u2019image de la Beaut\u00e9\u00a0de Baudelaire\u00a0: \u00ab\u00a0Je suis belle, \u00f4 mortels, comme un r\u00eave de pierre&#8230;\u00a0\u00bb.<br>Derri\u00e8re des audaces musicales certaines et l\u2019acad\u00e9misme un peu convenue de la modernit\u00e9, cette nouvelle proposition NDK Explore laboure avec prudence et s\u00e9rieux les terres plus ou moins en friche des nouveaux territoires des musiques \u00e9lectroniques. Pas forc\u00e9ment de quoi effaroucher la m\u00e9nag\u00e8re de moins de cinquante mais une initiative \u00e0 saluer, en esp\u00e9rant que la prochaine fois la puissance de tir suppos\u00e9e des deux maisons ( CDN et Carg\u00f6) parvienne \u00e0 susciter l\u2019int\u00e9r\u00eat d\u2019un public plus curieux et plus nombreux.<\/p>\n","protected":false},"excerpt":{"rendered":"<p>Hier soir, apr\u00e8s deux manifestations de mise en bouche, d\u00e9butait r\u00e9ellement le week-end NDK. Rendez-vous donc\u00a0\u00e0 20h\u00a0\u00e0 la Com\u00e9die de Caen ( salle du\u00a032, rue &#8230;<\/p>\n","protected":false},"author":1,"featured_media":994,"comment_status":"open","ping_status":"open","sticky":false,"template":"","format":"standard","meta":{"spay_email":""},"categories":[1],"tags":[],"yoast_head":"<!-- This site is optimized with the Yoast SEO plugin v17.7.1 - https:\/\/yoast.com\/wordpress\/plugins\/seo\/ -->\n<title>NDK : le \u00ab\u00a0concert\u00a0\u00bb d\u2019ouverture. - CaveCaenem<\/title>\n<meta name=\"robots\" content=\"index, follow, max-snippet:-1, max-image-preview:large, max-video-preview:-1\" \/>\n<link rel=\"canonical\" href=\"https:\/\/cavecaenem.fr\/index.php\/2024\/10\/11\/ndk-le-concert-douverture\/\" \/>\n<meta property=\"og:locale\" content=\"fr_FR\" \/>\n<meta property=\"og:type\" content=\"article\" \/>\n<meta property=\"og:title\" content=\"NDK : le \u00ab\u00a0concert\u00a0\u00bb d\u2019ouverture. - CaveCaenem\" \/>\n<meta property=\"og:description\" content=\"Hier soir, apr\u00e8s deux manifestations de mise en bouche, d\u00e9butait r\u00e9ellement le week-end NDK. Rendez-vous donc\u00a0\u00e0 20h\u00a0\u00e0 la Com\u00e9die de Caen ( salle du\u00a032, rue ...\" \/>\n<meta property=\"og:url\" content=\"https:\/\/cavecaenem.fr\/index.php\/2024\/10\/11\/ndk-le-concert-douverture\/\" \/>\n<meta property=\"og:site_name\" content=\"CaveCaenem\" \/>\n<meta property=\"article:published_time\" content=\"2024-10-11T09:08:14+00:00\" \/>\n<meta property=\"article:modified_time\" content=\"2024-10-11T14:10:45+00:00\" \/>\n<meta property=\"og:image\" content=\"https:\/\/cavecaenem.fr\/wp-content\/uploads\/2024\/10\/IMG_6191-scaled.jpeg\" \/>\n\t<meta property=\"og:image:width\" content=\"1920\" \/>\n\t<meta property=\"og:image:height\" content=\"2560\" \/>\n<meta name=\"twitter:card\" content=\"summary_large_image\" \/>\n<meta name=\"twitter:label1\" content=\"\u00c9crit par\" \/>\n\t<meta name=\"twitter:data1\" content=\"Ren\u00e9 Fix\" \/>\n\t<meta name=\"twitter:label2\" content=\"Dur\u00e9e de lecture estim\u00e9e\" \/>\n\t<meta name=\"twitter:data2\" content=\"4 minutes\" \/>\n<script type=\"application\/ld+json\" class=\"yoast-schema-graph\">{\"@context\":\"https:\/\/schema.org\",\"@graph\":[{\"@type\":\"WebSite\",\"@id\":\"https:\/\/cavecaenem.fr\/#website\",\"url\":\"https:\/\/cavecaenem.fr\/\",\"name\":\"CaveCaenem\",\"description\":\"L\\u2019actualit\\u00e9 caennaise en toute subjectivit\\u00e9.\",\"publisher\":{\"@id\":\"https:\/\/cavecaenem.fr\/#\/schema\/person\/8adecaca43e137acf11e776d28d1e734\"},\"potentialAction\":[{\"@type\":\"SearchAction\",\"target\":{\"@type\":\"EntryPoint\",\"urlTemplate\":\"https:\/\/cavecaenem.fr\/?s={search_term_string}\"},\"query-input\":\"required name=search_term_string\"}],\"inLanguage\":\"fr-FR\"},{\"@type\":\"ImageObject\",\"@id\":\"https:\/\/cavecaenem.fr\/index.php\/2024\/10\/11\/ndk-le-concert-douverture\/#primaryimage\",\"inLanguage\":\"fr-FR\",\"url\":\"https:\/\/cavecaenem.fr\/wp-content\/uploads\/2024\/10\/IMG_6191-scaled.jpeg\",\"contentUrl\":\"https:\/\/cavecaenem.fr\/wp-content\/uploads\/2024\/10\/IMG_6191-scaled.jpeg\",\"width\":1920,\"height\":2560},{\"@type\":\"WebPage\",\"@id\":\"https:\/\/cavecaenem.fr\/index.php\/2024\/10\/11\/ndk-le-concert-douverture\/#webpage\",\"url\":\"https:\/\/cavecaenem.fr\/index.php\/2024\/10\/11\/ndk-le-concert-douverture\/\",\"name\":\"NDK : le \\u00ab\\u00a0concert\\u00a0\\u00bb d\\u2019ouverture. - CaveCaenem\",\"isPartOf\":{\"@id\":\"https:\/\/cavecaenem.fr\/#website\"},\"primaryImageOfPage\":{\"@id\":\"https:\/\/cavecaenem.fr\/index.php\/2024\/10\/11\/ndk-le-concert-douverture\/#primaryimage\"},\"datePublished\":\"2024-10-11T09:08:14+00:00\",\"dateModified\":\"2024-10-11T14:10:45+00:00\",\"breadcrumb\":{\"@id\":\"https:\/\/cavecaenem.fr\/index.php\/2024\/10\/11\/ndk-le-concert-douverture\/#breadcrumb\"},\"inLanguage\":\"fr-FR\",\"potentialAction\":[{\"@type\":\"ReadAction\",\"target\":[\"https:\/\/cavecaenem.fr\/index.php\/2024\/10\/11\/ndk-le-concert-douverture\/\"]}]},{\"@type\":\"BreadcrumbList\",\"@id\":\"https:\/\/cavecaenem.fr\/index.php\/2024\/10\/11\/ndk-le-concert-douverture\/#breadcrumb\",\"itemListElement\":[{\"@type\":\"ListItem\",\"position\":1,\"name\":\"Accueil\",\"item\":\"https:\/\/cavecaenem.fr\/\"},{\"@type\":\"ListItem\",\"position\":2,\"name\":\"NDK : le \\u00ab\\u00a0concert\\u00a0\\u00bb d\\u2019ouverture.\"}]},{\"@type\":\"Article\",\"@id\":\"https:\/\/cavecaenem.fr\/index.php\/2024\/10\/11\/ndk-le-concert-douverture\/#article\",\"isPartOf\":{\"@id\":\"https:\/\/cavecaenem.fr\/index.php\/2024\/10\/11\/ndk-le-concert-douverture\/#webpage\"},\"author\":{\"@id\":\"https:\/\/cavecaenem.fr\/#\/schema\/person\/8adecaca43e137acf11e776d28d1e734\"},\"headline\":\"NDK : le \\u00ab\\u00a0concert\\u00a0\\u00bb d\\u2019ouverture.\",\"datePublished\":\"2024-10-11T09:08:14+00:00\",\"dateModified\":\"2024-10-11T14:10:45+00:00\",\"mainEntityOfPage\":{\"@id\":\"https:\/\/cavecaenem.fr\/index.php\/2024\/10\/11\/ndk-le-concert-douverture\/#webpage\"},\"wordCount\":922,\"commentCount\":0,\"publisher\":{\"@id\":\"https:\/\/cavecaenem.fr\/#\/schema\/person\/8adecaca43e137acf11e776d28d1e734\"},\"image\":{\"@id\":\"https:\/\/cavecaenem.fr\/index.php\/2024\/10\/11\/ndk-le-concert-douverture\/#primaryimage\"},\"thumbnailUrl\":\"https:\/\/cavecaenem.fr\/wp-content\/uploads\/2024\/10\/IMG_6191-scaled.jpeg\",\"articleSection\":[\"La Nuit\"],\"inLanguage\":\"fr-FR\",\"potentialAction\":[{\"@type\":\"CommentAction\",\"name\":\"Comment\",\"target\":[\"https:\/\/cavecaenem.fr\/index.php\/2024\/10\/11\/ndk-le-concert-douverture\/#respond\"]}]},{\"@type\":[\"Person\",\"Organization\"],\"@id\":\"https:\/\/cavecaenem.fr\/#\/schema\/person\/8adecaca43e137acf11e776d28d1e734\",\"name\":\"Ren\\u00e9 Fix\",\"image\":{\"@type\":\"ImageObject\",\"@id\":\"https:\/\/cavecaenem.fr\/#personlogo\",\"inLanguage\":\"fr-FR\",\"url\":\"https:\/\/secure.gravatar.com\/avatar\/b49591d8c60f351185d7719fe6f34144?s=96&d=mm&r=g\",\"contentUrl\":\"https:\/\/secure.gravatar.com\/avatar\/b49591d8c60f351185d7719fe6f34144?s=96&d=mm&r=g\",\"caption\":\"Ren\\u00e9 Fix\"},\"logo\":{\"@id\":\"https:\/\/cavecaenem.fr\/#personlogo\"}}]}<\/script>\n<!-- \/ Yoast SEO plugin. -->","yoast_head_json":{"title":"NDK : le \u00ab\u00a0concert\u00a0\u00bb d\u2019ouverture. - CaveCaenem","robots":{"index":"index","follow":"follow","max-snippet":"max-snippet:-1","max-image-preview":"max-image-preview:large","max-video-preview":"max-video-preview:-1"},"canonical":"https:\/\/cavecaenem.fr\/index.php\/2024\/10\/11\/ndk-le-concert-douverture\/","og_locale":"fr_FR","og_type":"article","og_title":"NDK : le \u00ab\u00a0concert\u00a0\u00bb d\u2019ouverture. - CaveCaenem","og_description":"Hier soir, apr\u00e8s deux manifestations de mise en bouche, d\u00e9butait r\u00e9ellement le week-end NDK. Rendez-vous donc\u00a0\u00e0 20h\u00a0\u00e0 la Com\u00e9die de Caen ( salle du\u00a032, rue ...","og_url":"https:\/\/cavecaenem.fr\/index.php\/2024\/10\/11\/ndk-le-concert-douverture\/","og_site_name":"CaveCaenem","article_published_time":"2024-10-11T09:08:14+00:00","article_modified_time":"2024-10-11T14:10:45+00:00","og_image":[{"width":1920,"height":2560,"url":"https:\/\/cavecaenem.fr\/wp-content\/uploads\/2024\/10\/IMG_6191-scaled.jpeg","type":"image\/jpeg"}],"twitter_card":"summary_large_image","twitter_misc":{"\u00c9crit par":"Ren\u00e9 Fix","Dur\u00e9e de lecture estim\u00e9e":"4 minutes"},"schema":{"@context":"https:\/\/schema.org","@graph":[{"@type":"WebSite","@id":"https:\/\/cavecaenem.fr\/#website","url":"https:\/\/cavecaenem.fr\/","name":"CaveCaenem","description":"L\u2019actualit\u00e9 caennaise en toute subjectivit\u00e9.","publisher":{"@id":"https:\/\/cavecaenem.fr\/#\/schema\/person\/8adecaca43e137acf11e776d28d1e734"},"potentialAction":[{"@type":"SearchAction","target":{"@type":"EntryPoint","urlTemplate":"https:\/\/cavecaenem.fr\/?s={search_term_string}"},"query-input":"required name=search_term_string"}],"inLanguage":"fr-FR"},{"@type":"ImageObject","@id":"https:\/\/cavecaenem.fr\/index.php\/2024\/10\/11\/ndk-le-concert-douverture\/#primaryimage","inLanguage":"fr-FR","url":"https:\/\/cavecaenem.fr\/wp-content\/uploads\/2024\/10\/IMG_6191-scaled.jpeg","contentUrl":"https:\/\/cavecaenem.fr\/wp-content\/uploads\/2024\/10\/IMG_6191-scaled.jpeg","width":1920,"height":2560},{"@type":"WebPage","@id":"https:\/\/cavecaenem.fr\/index.php\/2024\/10\/11\/ndk-le-concert-douverture\/#webpage","url":"https:\/\/cavecaenem.fr\/index.php\/2024\/10\/11\/ndk-le-concert-douverture\/","name":"NDK : le \u00ab\u00a0concert\u00a0\u00bb d\u2019ouverture. - CaveCaenem","isPartOf":{"@id":"https:\/\/cavecaenem.fr\/#website"},"primaryImageOfPage":{"@id":"https:\/\/cavecaenem.fr\/index.php\/2024\/10\/11\/ndk-le-concert-douverture\/#primaryimage"},"datePublished":"2024-10-11T09:08:14+00:00","dateModified":"2024-10-11T14:10:45+00:00","breadcrumb":{"@id":"https:\/\/cavecaenem.fr\/index.php\/2024\/10\/11\/ndk-le-concert-douverture\/#breadcrumb"},"inLanguage":"fr-FR","potentialAction":[{"@type":"ReadAction","target":["https:\/\/cavecaenem.fr\/index.php\/2024\/10\/11\/ndk-le-concert-douverture\/"]}]},{"@type":"BreadcrumbList","@id":"https:\/\/cavecaenem.fr\/index.php\/2024\/10\/11\/ndk-le-concert-douverture\/#breadcrumb","itemListElement":[{"@type":"ListItem","position":1,"name":"Accueil","item":"https:\/\/cavecaenem.fr\/"},{"@type":"ListItem","position":2,"name":"NDK : le \u00ab\u00a0concert\u00a0\u00bb d\u2019ouverture."}]},{"@type":"Article","@id":"https:\/\/cavecaenem.fr\/index.php\/2024\/10\/11\/ndk-le-concert-douverture\/#article","isPartOf":{"@id":"https:\/\/cavecaenem.fr\/index.php\/2024\/10\/11\/ndk-le-concert-douverture\/#webpage"},"author":{"@id":"https:\/\/cavecaenem.fr\/#\/schema\/person\/8adecaca43e137acf11e776d28d1e734"},"headline":"NDK : le \u00ab\u00a0concert\u00a0\u00bb d\u2019ouverture.","datePublished":"2024-10-11T09:08:14+00:00","dateModified":"2024-10-11T14:10:45+00:00","mainEntityOfPage":{"@id":"https:\/\/cavecaenem.fr\/index.php\/2024\/10\/11\/ndk-le-concert-douverture\/#webpage"},"wordCount":922,"commentCount":0,"publisher":{"@id":"https:\/\/cavecaenem.fr\/#\/schema\/person\/8adecaca43e137acf11e776d28d1e734"},"image":{"@id":"https:\/\/cavecaenem.fr\/index.php\/2024\/10\/11\/ndk-le-concert-douverture\/#primaryimage"},"thumbnailUrl":"https:\/\/cavecaenem.fr\/wp-content\/uploads\/2024\/10\/IMG_6191-scaled.jpeg","articleSection":["La Nuit"],"inLanguage":"fr-FR","potentialAction":[{"@type":"CommentAction","name":"Comment","target":["https:\/\/cavecaenem.fr\/index.php\/2024\/10\/11\/ndk-le-concert-douverture\/#respond"]}]},{"@type":["Person","Organization"],"@id":"https:\/\/cavecaenem.fr\/#\/schema\/person\/8adecaca43e137acf11e776d28d1e734","name":"Ren\u00e9 Fix","image":{"@type":"ImageObject","@id":"https:\/\/cavecaenem.fr\/#personlogo","inLanguage":"fr-FR","url":"https:\/\/secure.gravatar.com\/avatar\/b49591d8c60f351185d7719fe6f34144?s=96&d=mm&r=g","contentUrl":"https:\/\/secure.gravatar.com\/avatar\/b49591d8c60f351185d7719fe6f34144?s=96&d=mm&r=g","caption":"Ren\u00e9 Fix"},"logo":{"@id":"https:\/\/cavecaenem.fr\/#personlogo"}}]}},"jetpack_featured_media_url":"https:\/\/cavecaenem.fr\/wp-content\/uploads\/2024\/10\/IMG_6191-scaled.jpeg","_links":{"self":[{"href":"https:\/\/cavecaenem.fr\/index.php\/wp-json\/wp\/v2\/posts\/992"}],"collection":[{"href":"https:\/\/cavecaenem.fr\/index.php\/wp-json\/wp\/v2\/posts"}],"about":[{"href":"https:\/\/cavecaenem.fr\/index.php\/wp-json\/wp\/v2\/types\/post"}],"author":[{"embeddable":true,"href":"https:\/\/cavecaenem.fr\/index.php\/wp-json\/wp\/v2\/users\/1"}],"replies":[{"embeddable":true,"href":"https:\/\/cavecaenem.fr\/index.php\/wp-json\/wp\/v2\/comments?post=992"}],"version-history":[{"count":2,"href":"https:\/\/cavecaenem.fr\/index.php\/wp-json\/wp\/v2\/posts\/992\/revisions"}],"predecessor-version":[{"id":995,"href":"https:\/\/cavecaenem.fr\/index.php\/wp-json\/wp\/v2\/posts\/992\/revisions\/995"}],"wp:featuredmedia":[{"embeddable":true,"href":"https:\/\/cavecaenem.fr\/index.php\/wp-json\/wp\/v2\/media\/994"}],"wp:attachment":[{"href":"https:\/\/cavecaenem.fr\/index.php\/wp-json\/wp\/v2\/media?parent=992"}],"wp:term":[{"taxonomy":"category","embeddable":true,"href":"https:\/\/cavecaenem.fr\/index.php\/wp-json\/wp\/v2\/categories?post=992"},{"taxonomy":"post_tag","embeddable":true,"href":"https:\/\/cavecaenem.fr\/index.php\/wp-json\/wp\/v2\/tags?post=992"}],"curies":[{"name":"wp","href":"https:\/\/api.w.org\/{rel}","templated":true}]}}